{"id":61888,"date":"2014-03-30T07:41:26","date_gmt":"2014-03-30T10:41:26","guid":{"rendered":"http:\/\/senoticias.com.br\/se\/?p=61888"},"modified":"2014-03-30T07:42:14","modified_gmt":"2014-03-30T10:42:14","slug":"valadares-publica-mensagem-de-despedida-do-seu-grupo-de-governo","status":"publish","type":"post","link":"https:\/\/senoticias.com.br\/se\/valadares-publica-mensagem-de-despedida-do-seu-grupo-de-governo\/","title":{"rendered":"Valadares publica mensagem de despedida do seu grupo de governo"},"content":{"rendered":"<div id=\"attachment_34356\" style=\"width: 310px\" class=\"wp-caption alignright\"><a href=\"http:\/\/senoticias.com.br\/se\/wp-content\/uploads\/2012\/06\/DSC_1460A.jpg\"><img loading=\"lazy\" decoding=\"async\" aria-describedby=\"caption-attachment-34356\" class=\"size-medium wp-image-34356\" alt=\"Valadares publica mensagem de despedida do governo.  (Foto: Reinaldo Ferrigno)\" src=\"http:\/\/senoticias.com.br\/se\/wp-content\/uploads\/2012\/06\/DSC_1460A-300x199.jpg\" width=\"300\" height=\"199\" srcset=\"https:\/\/senoticias.com.br\/se\/wp-content\/uploads\/2012\/06\/DSC_1460A-300x199.jpg 300w, https:\/\/senoticias.com.br\/se\/wp-content\/uploads\/2012\/06\/DSC_1460A-342x227.jpg 342w, https:\/\/senoticias.com.br\/se\/wp-content\/uploads\/2012\/06\/DSC_1460A.jpg 638w\" sizes=\"(max-width: 300px) 100vw, 300px\" \/><\/a><p id=\"caption-attachment-34356\" class=\"wp-caption-text\">Valadares publica mensagem de despedida do governo. (Foto: Reinaldo Ferrigno)<\/p><\/div>\n<p style=\"text-align: justify;\">Na manh\u00e3 deste s\u00e1bado, 29, o senador Ant\u00f4nio Carlos Valadares (PSB) publicou em seu perfil no Facebook uma mensagem de despedida de seu grupo pol\u00edtico no governo do Estado. Ele lembra da rela\u00e7\u00e3o com o governador Marcelo D\u00e9da e reconhece o bom tratamento recebido por Jackson Barreto.<\/p>\n<p style=\"text-align: justify;\"><strong>Leia na \u00edntegra:<\/strong><\/p>\n<p style=\"text-align: justify;\">&#8221; O PSB sai do governo de fronte erguida. Belivaldo (Secret\u00e1rio da Educa\u00e7\u00e3o), Elber (Secret\u00e1rio de Turismo) e Maur\u00edcio (Secret\u00e1rio do Esporte) mostraram-se \u00e0 altura de suas responsabilidades e orgulham o nosso partido.<\/p>\n<p>Os nossos secret\u00e1rios, diretores e assessores cumpriram com dignidade os ideais do PSB e a delega\u00e7\u00e3o que lhes foi entregue pelo saudoso Governador Marcelo D\u00e9da.<\/p>\n<p style=\"text-align: justify;\">Os ideais e princ\u00edpios que nortearam a atua\u00e7\u00e3o do PSB no governo, com \u00e9tica, honestidade e trabalho, qualquer que seja a decis\u00e3o que iremos assumir no dia 11\/4, continuar\u00e3o a ser a nossa bandeira de luta.<\/p>\n<p style=\"text-align: justify;\">Devo registrar, por um dever de justi\u00e7a que o governador Jackson Barreto, sempre portou-se de forma cordial e atenciosa com os secret\u00e1rios do PSB, dando-lhes todo apoio necess\u00e1rio para o bom desempenho de suas atividades administrativas.<\/p>\n<p style=\"text-align: justify;\">O importante \u00e9 que o PSB deixou inscrita na hist\u00f3ria do governo que ajudamos a edificar pelo voto livre da popula\u00e7\u00e3o, a marca da compet\u00eancia, da seriedade e da lealdade \u00e0 causa p\u00fablica.<\/p>\n<p>Os cargos s\u00e3o passageiros, mas \u00e9 permanente a fidelidade aos valores que constroem uma verdadeira democracia. &#8221;<\/p>\n<p><strong>Siga o SE Not\u00edcias pelo <a href=\" https:\/\/twitter.com\/Senoticias\" target=\"_blank\">Twitter <\/a>e curta no<a href=\" https:\/\/www.facebook.com\/PortalSENoticias\" target=\"_blank\"> Facebook<\/a><\/strong><\/p>\n<p style=\"text-align: justify;\"><strong>Informa\u00e7\u00f5es de<a href=\"http:\/\/www.salesneto.com.br\/2014\/03\/valadares-publica-mensagem-de-despedida.html?utm_source=twitterfeed&amp;utm_medium=facebook\" target=\"_blank\"> Sales Neto.com<\/a><\/strong><\/p>\n","protected":false},"excerpt":{"rendered":"<p>Na manh\u00e3 deste s\u00e1bado, 29, o senador Ant\u00f4nio Carlos Valadares (PSB) publicou em seu perfil no Facebook uma mensagem de despedida de seu grupo pol\u00edtico no governo do Estado. Ele lembra da rela\u00e7\u00e3o com o governador Marcelo D\u00e9da e reconhece o bom tratamento recebido por Jackson Barreto. Leia na \u00edntegra: &#8221; O PSB sai do [&hellip;]<\/p>\n","protected":false},"author":1,"featured_media":34356,"comment_status":"closed","ping_status":"closed","sticky":false,"template":"","format":"standard","meta":{"footnotes":""},"categories":[6],"tags":[],"class_list":{"0":"post-61888","1":"post","2":"type-post","3":"status-publish","4":"format-standard","5":"has-post-thumbnail","7":"category-politica"},"_links":{"self":[{"href":"https:\/\/senoticias.com.br\/se\/wp-json\/wp\/v2\/posts\/61888"}],"collection":[{"href":"https:\/\/senoticias.com.br\/se\/wp-json\/wp\/v2\/posts"}],"about":[{"href":"https:\/\/senoticias.com.br\/se\/wp-json\/wp\/v2\/types\/post"}],"author":[{"embeddable":true,"href":"https:\/\/senoticias.com.br\/se\/wp-json\/wp\/v2\/users\/1"}],"replies":[{"embeddable":true,"href":"https:\/\/senoticias.com.br\/se\/wp-json\/wp\/v2\/comments?post=61888"}],"version-history":[{"count":0,"href":"https:\/\/senoticias.com.br\/se\/wp-json\/wp\/v2\/posts\/61888\/revisions"}],"wp:featuredmedia":[{"embeddable":true,"href":"https:\/\/senoticias.com.br\/se\/wp-json\/wp\/v2\/media\/34356"}],"wp:attachment":[{"href":"https:\/\/senoticias.com.br\/se\/wp-json\/wp\/v2\/media?parent=61888"}],"wp:term":[{"taxonomy":"category","embeddable":true,"href":"https:\/\/senoticias.com.br\/se\/wp-json\/wp\/v2\/categories?post=61888"},{"taxonomy":"post_tag","embeddable":true,"href":"https:\/\/senoticias.com.br\/se\/wp-json\/wp\/v2\/tags?post=61888"}],"curies":[{"name":"wp","href":"https:\/\/api.w.org\/{rel}","templated":true}]}}