{"id":61883,"date":"2014-03-29T07:12:41","date_gmt":"2014-03-29T10:12:41","guid":{"rendered":"http:\/\/senoticias.com.br\/se\/?p=61883"},"modified":"2014-03-31T11:35:56","modified_gmt":"2014-03-31T14:35:56","slug":"mendonca-prado-defende-a-efetivacao-plena-dos-direitos-dos-jovens","status":"publish","type":"post","link":"https:\/\/senoticias.com.br\/se\/mendonca-prado-defende-a-efetivacao-plena-dos-direitos-dos-jovens\/","title":{"rendered":"Mendon\u00e7a Prado defende a efetiva\u00e7\u00e3o plena dos direitos dos jovens"},"content":{"rendered":"<p>&nbsp;<\/p>\n<div id=\"attachment_38153\" style=\"width: 310px\" class=\"wp-caption alignleft\"><a href=\"http:\/\/senoticias.com.br\/se\/wp-content\/uploads\/2012\/08\/MENDON\u00c7A-PRADO.jpg\"><img loading=\"lazy\" decoding=\"async\" aria-describedby=\"caption-attachment-38153\" class=\"size-medium wp-image-38153\" alt=\" Deputado Federal Mendon\u00e7a Prado (DEM\/SE). (Foto: Sidney Lins Jr)\" src=\"http:\/\/senoticias.com.br\/se\/wp-content\/uploads\/2012\/08\/MENDON\u00c7A-PRADO-300x199.jpg\" width=\"300\" height=\"199\" srcset=\"https:\/\/senoticias.com.br\/se\/wp-content\/uploads\/2012\/08\/MENDON\u00c7A-PRADO-300x199.jpg 300w, https:\/\/senoticias.com.br\/se\/wp-content\/uploads\/2012\/08\/MENDON\u00c7A-PRADO-342x227.jpg 342w, https:\/\/senoticias.com.br\/se\/wp-content\/uploads\/2012\/08\/MENDON\u00c7A-PRADO.jpg 518w\" sizes=\"(max-width: 300px) 100vw, 300px\" \/><\/a><p id=\"caption-attachment-38153\" class=\"wp-caption-text\">Deputado Federal Mendon\u00e7a Prado (DEM\/SE). (Foto: Sidney Lins Jr)<\/p><\/div>\n<p style=\"text-align: justify;\">Na data em que celebra o Dia Mundial da Juventude, comemorado anualmente no dia 30 de mar\u00e7o, o deputado Mendon\u00e7a Prado (Democratas\/SE) apresentou discurso no Plen\u00e1rio da C\u00e2mara Federal em defesa da efetiva\u00e7\u00e3o plena dos direitos dos jovens.<\/p>\n<p style=\"text-align: justify;\">\u201cConsigno que esta vetusta Casa do Povo deve estar comprometida com a causa juvenil, n\u00e3o bastando o Estatuto da Juventude, que por si s\u00f3 j\u00e1 foi um grande avan\u00e7o. \u00c9 preciso ter a consci\u00eancia de que al\u00e9m do Estatuto ainda h\u00e1 muito que ser feito\u201d, enfatizou o deputado.<\/p>\n<p style=\"text-align: justify;\">Em seu discurso, Mendon\u00e7a destacou que em 2010 o legislador dispensou especial aten\u00e7\u00e3o aos jovens, ao acrescentar \u00e0 Constitui\u00e7\u00e3o Federal de 1988 a Emenda Constitucional n.\u00ba 65, onde se determinou a realiza\u00e7\u00e3o do Plano Nacional de Juventude e do Estatuto da Juventude.<\/p>\n<p style=\"text-align: justify;\">Para o democrata sergipano, ao estabelecer direitos e pol\u00edticas p\u00fablicas voltadas \u00e0 popula\u00e7\u00e3o entre 15 e 29 anos, a norma estatu\u00edda pretendeu reconhecer o jovem como sujeito de direitos universais, dotado de responsabilidade e capacidade, devendo assim ser tratado dignamente por todos. \u201cA prote\u00e7\u00e3o normativa conferida aos jovens visa promover a sua participa\u00e7\u00e3o social e pol\u00edtica, de forma direta e por meio de suas representa\u00e7\u00f5es. Com isso, buscou-se que o jovem seja o protagonista da defesa dos pr\u00f3prios direitos, por via de consequ\u00eancia, pungindo o desenvolvimento do nosso pa\u00eds\u201d, disse.<\/p>\n<p style=\"text-align: justify;\">Todavia, para Mendon\u00e7a Prado, o Estatuto da Juventude n\u00e3o disp\u00f4s acerca da dota\u00e7\u00e3o or\u00e7ament\u00e1ria necess\u00e1ria para a implementa\u00e7\u00e3o das pol\u00edticas p\u00fablicas l\u00e1 previstas, o que consequentemente afeta na realiza\u00e7\u00e3o eficiente dos direitos da juventude.<\/p>\n<p style=\"text-align: justify;\">O parlamentar ainda salientou que a Organiza\u00e7\u00e3o das Na\u00e7\u00f5es Unidas (ONU) elegeu o ano de 2010 como o Ano Internacional da Juventude, pretendendo aproximar e incentivar os jovens a promoverem o progresso. \u201c\u00c9 nesta fase especial da nossa exist\u00eancia que buscamos uma identidade. Nesse interregno, cabe a juventude n\u00e3o se exonerar da miss\u00e3o prec\u00edpua de participar na produ\u00e7\u00e3o e concretiza\u00e7\u00e3o dos pr\u00f3prios direitos.\u201d<\/p>\n<p style=\"text-align: justify;\">Para tanto, informou Mendon\u00e7a Prado que, ainda este ano, ser\u00e1 realizada a Confer\u00eancia Mundial de Juventude onde mais de 1.500 participantes ir\u00e3o discorrer sobre estrat\u00e9gias de participa\u00e7\u00e3o dos jovens no desenvolvimento. O evento est\u00e1 previsto para o m\u00eas de maio, do dia 6 a 10\/05, na cidade de Colombo, em Sri Lanka. Ao final, a Confer\u00eancia pretende produzir o \u201cPlano de A\u00e7\u00e3o de Colombo\u201d, onde ser\u00e3o somadas as propostas debatidas na ocasi\u00e3o.<\/p>\n<p><strong>Siga o SE Not\u00edcias pelo <a href=\" https:\/\/twitter.com\/Senoticias\" target=\"_blank\">Twitter<\/a> e curta no <a href=\" https:\/\/www.facebook.com\/PortalSENoticias\" target=\"_blank\">Facebook<\/a><\/strong><\/p>\n<p style=\"text-align: justify;\"><em>Izys Moreira &#8211; Assessoria de Imprensa<\/em><\/p>\n","protected":false},"excerpt":{"rendered":"<p>&nbsp; Na data em que celebra o Dia Mundial da Juventude, comemorado anualmente no dia 30 de mar\u00e7o, o deputado Mendon\u00e7a Prado (Democratas\/SE) apresentou discurso no Plen\u00e1rio da C\u00e2mara Federal em defesa da efetiva\u00e7\u00e3o plena dos direitos dos jovens. \u201cConsigno que esta vetusta Casa do Povo deve estar comprometida com a causa juvenil, n\u00e3o bastando [&hellip;]<\/p>\n","protected":false},"author":1,"featured_media":45200,"comment_status":"closed","ping_status":"closed","sticky":false,"template":"","format":"standard","meta":{"footnotes":""},"categories":[6],"tags":[],"class_list":{"0":"post-61883","1":"post","2":"type-post","3":"status-publish","4":"format-standard","5":"has-post-thumbnail","7":"category-politica"},"_links":{"self":[{"href":"https:\/\/senoticias.com.br\/se\/wp-json\/wp\/v2\/posts\/61883"}],"collection":[{"href":"https:\/\/senoticias.com.br\/se\/wp-json\/wp\/v2\/posts"}],"about":[{"href":"https:\/\/senoticias.com.br\/se\/wp-json\/wp\/v2\/types\/post"}],"author":[{"embeddable":true,"href":"https:\/\/senoticias.com.br\/se\/wp-json\/wp\/v2\/users\/1"}],"replies":[{"embeddable":true,"href":"https:\/\/senoticias.com.br\/se\/wp-json\/wp\/v2\/comments?post=61883"}],"version-history":[{"count":0,"href":"https:\/\/senoticias.com.br\/se\/wp-json\/wp\/v2\/posts\/61883\/revisions"}],"wp:featuredmedia":[{"embeddable":true,"href":"https:\/\/senoticias.com.br\/se\/wp-json\/wp\/v2\/media\/45200"}],"wp:attachment":[{"href":"https:\/\/senoticias.com.br\/se\/wp-json\/wp\/v2\/media?parent=61883"}],"wp:term":[{"taxonomy":"category","embeddable":true,"href":"https:\/\/senoticias.com.br\/se\/wp-json\/wp\/v2\/categories?post=61883"},{"taxonomy":"post_tag","embeddable":true,"href":"https:\/\/senoticias.com.br\/se\/wp-json\/wp\/v2\/tags?post=61883"}],"curies":[{"name":"wp","href":"https:\/\/api.w.org\/{rel}","templated":true}]}}