{"id":61879,"date":"2014-03-29T11:10:19","date_gmt":"2014-03-29T14:10:19","guid":{"rendered":"http:\/\/senoticias.com.br\/se\/?p=61879"},"modified":"2014-03-31T07:23:58","modified_gmt":"2014-03-31T10:23:58","slug":"sobe-para-14-numero-de-mortos-em-acidente-entre-micro-onibus-e-caminhao","status":"publish","type":"post","link":"https:\/\/senoticias.com.br\/se\/sobe-para-14-numero-de-mortos-em-acidente-entre-micro-onibus-e-caminhao\/","title":{"rendered":"Sobe para 14 n\u00famero de mortos em acidente entre micro-\u00f4nibus e caminh\u00e3o"},"content":{"rendered":"<p style=\"text-align: justify;\"><strong><em>por Leandro Tapaj\u00f3s e Jamile Alves, do G1 AM<\/em><\/strong><\/p>\n<p style=\"text-align: justify;\">Um micro-\u00f4nibus e um caminh\u00e3o bateram de frente por volta das 19h40 desta sexta-feira (28), na Avenida Djalma Batista, na Zona Centro-Sul de Manaus. Segundo informa\u00e7\u00f5es do IML, at\u00e9 as 02h00 de s\u00e1bado (29), foram confirmadas a morte de 14 pessoas, entre elas os motoristas dos dois ve\u00edculos, uma crian\u00e7a e uma gr\u00e1vida. O caminh\u00e3o prestava servi\u00e7os para a Secretaria Municipal de Infraestrutura (Seminf). A prefeitura decretou luto oficial de tr\u00eas dias na capital.<\/p>\n<div id=\"attachment_61880\" style=\"width: 605px\" class=\"wp-caption aligncenter\"><a href=\"http:\/\/senoticias.com.br\/se\/wp-content\/uploads\/2014\/03\/jamile-acidente.jpg\"><img loading=\"lazy\" decoding=\"async\" aria-describedby=\"caption-attachment-61880\" class=\"size-full wp-image-61880\" alt=\"Caminh\u00e3o invadiu a contram\u00e3o e atingiu micro-\u00f4nibus de frente (Foto: Jamile Alves\/G1 AM)\" src=\"http:\/\/senoticias.com.br\/se\/wp-content\/uploads\/2014\/03\/jamile-acidente.jpg\" width=\"595\" height=\"446\" srcset=\"https:\/\/senoticias.com.br\/se\/wp-content\/uploads\/2014\/03\/jamile-acidente.jpg 595w, https:\/\/senoticias.com.br\/se\/wp-content\/uploads\/2014\/03\/jamile-acidente-300x224.jpg 300w, https:\/\/senoticias.com.br\/se\/wp-content\/uploads\/2014\/03\/jamile-acidente-342x256.jpg 342w, https:\/\/senoticias.com.br\/se\/wp-content\/uploads\/2014\/03\/jamile-acidente-60x45.jpg 60w, https:\/\/senoticias.com.br\/se\/wp-content\/uploads\/2014\/03\/jamile-acidente-150x113.jpg 150w, https:\/\/senoticias.com.br\/se\/wp-content\/uploads\/2014\/03\/jamile-acidente-269x201.jpg 269w\" sizes=\"(max-width: 595px) 100vw, 595px\" \/><\/a><p id=\"caption-attachment-61880\" class=\"wp-caption-text\">Caminh\u00e3o invadiu a contram\u00e3o e atingiu micro-\u00f4nibus de frente (Foto: Jamile Alves\/G1 AM)<\/p><\/div>\n<p style=\"text-align: justify;\">De acordo com informa\u00e7\u00f5es da pol\u00edcia e de testemunhas, o caminh\u00e3o trafegava no sentido bairro-centro quando perdeu o controle, atravessou o meio-fio e invadiu a contram\u00e3o, batendo de frente com o coletivo, que fazia a linha 825 (Reden\u00e7\u00e3o-Bairro da Paz). Testemunhas disseram ainda que o micro-\u00f4nibus estava lotado e muitos passageiros estavam em p\u00e9 no interior do ve\u00edculo.<\/p>\n<div id=\"attachment_61881\" style=\"width: 605px\" class=\"wp-caption aligncenter\"><a href=\"http:\/\/senoticias.com.br\/se\/wp-content\/uploads\/2014\/03\/jamile-acidente2.jpg\"><img loading=\"lazy\" decoding=\"async\" aria-describedby=\"caption-attachment-61881\" class=\"size-full wp-image-61881\" alt=\"Seis viaturas do Corpo de Bombeiros foram deslocadas para o local do acidente (Foto: Jamile Alves\/G1 AM)\" src=\"http:\/\/senoticias.com.br\/se\/wp-content\/uploads\/2014\/03\/jamile-acidente2.jpg\" width=\"595\" height=\"446\" srcset=\"https:\/\/senoticias.com.br\/se\/wp-content\/uploads\/2014\/03\/jamile-acidente2.jpg 595w, https:\/\/senoticias.com.br\/se\/wp-content\/uploads\/2014\/03\/jamile-acidente2-300x224.jpg 300w, https:\/\/senoticias.com.br\/se\/wp-content\/uploads\/2014\/03\/jamile-acidente2-342x256.jpg 342w, https:\/\/senoticias.com.br\/se\/wp-content\/uploads\/2014\/03\/jamile-acidente2-60x45.jpg 60w, https:\/\/senoticias.com.br\/se\/wp-content\/uploads\/2014\/03\/jamile-acidente2-150x113.jpg 150w, https:\/\/senoticias.com.br\/se\/wp-content\/uploads\/2014\/03\/jamile-acidente2-269x201.jpg 269w\" sizes=\"(max-width: 595px) 100vw, 595px\" \/><\/a><p id=\"caption-attachment-61881\" class=\"wp-caption-text\">Seis viaturas do Corpo de Bombeiros foram deslocadas para o local do acidente (Foto: Jamile Alves\/G1 AM)<\/p><\/div>\n<p style=\"text-align: justify;\">O eletricista Pablo Pessoa, de 23 anos, estava saindo de uma faculdade localizada em frente ao local do acidente e viu a colis\u00e3o. &#8220;Vi uma S-10 [picape] vindo em alta velocidade. O motorista da S-10, que estava atr\u00e1s da ca\u00e7amba [caminh\u00e3o], conseguiu passar dela. Ele disse que o motorista da ca\u00e7amba estava em alta velocidade como se n\u00e3o tivesse conseguindo freiar. O motorista parou e veio falando &#8216;esse cara t\u00e1 doido, queria me bater&#8217;. Ele estava a 100 km por hora. Um passageiro chegou a sair pela janela e eu cheguei a socorrer, coloquei ele na cal\u00e7ada&#8221;, disse.<\/p>\n<p style=\"text-align: justify;\">Universit\u00e1rios que sa\u00edam de uma faculdade e funcion\u00e1rios de um posto de combust\u00edveis ajudaram as v\u00edtimas. Segundo a frentista Tatiane Farai, o coletivo estava lotado. &#8220;O tr\u00e2nsito estava fluindo normalmente e tinha muitos passageiros no micro-\u00f4nibus. Muita gente ferida. Uma trag\u00e9dia&#8221;, disse ao G1.<\/p>\n<p style=\"text-align: justify;\"><strong>Parto<\/strong><\/p>\n<p style=\"text-align: justify;\">Uma gr\u00e1vida estava no micro-\u00f4nibus. Ela morreu no local do acidente, segundo os bombeiros. M\u00e9dicos chegaram a fazer o parto da crian\u00e7a, mas ela tamb\u00e9m n\u00e3o sobreviveu. De acordo com o coordenador do Servi\u00e7o de Atendimento M\u00f3vel de Urg\u00eancia (Samu), Enzo Monteiro, as v\u00edtimas foram levadas para hospitais na capital. &#8220;Dez pessoas foram para o Hospital Pronto-Socorro 28 de agosto, seis para Jo\u00e3o L\u00facio e quatro para SPAs do entorno&#8221;, explicou.<\/p>\n<p style=\"text-align: justify;\">Seis viaturas do Corpo de Bombeiros, 13 da Pol\u00edcia Militar e 15 do Samu atenderam a ocorr\u00eancia.<br \/>\nO vice-prefeito de Manaus, Hissa Abra\u00e3o, foi ao local do acidente e anunciou luto oficial na capital. &#8220;Manaus vai decretar luto oficial de tr\u00eas dias. \u00c9 prematuro apontar de quem foi o equ\u00edvoco. N\u00e3o sabemos se o motorista da ca\u00e7amba teve uma morte s\u00fabita ao volante. N\u00e3o h\u00e1 marcas de freio do outro lado da rua&#8221;, disse Hissa Abrah\u00e3o.<\/p>\n<p><strong>Siga o SE Not\u00edcias pelo <a href=\" https:\/\/twitter.com\/Senoticias\" target=\"_blank\">Twitter<\/a> e curta no <a href=\" https:\/\/www.facebook.com\/PortalSENoticias\" target=\"_blank\">Facebook<\/a><\/strong><\/p>\n","protected":false},"excerpt":{"rendered":"<p>por Leandro Tapaj\u00f3s e Jamile Alves, do G1 AM Um micro-\u00f4nibus e um caminh\u00e3o bateram de frente por volta das 19h40 desta sexta-feira (28), na Avenida Djalma Batista, na Zona Centro-Sul de Manaus. Segundo informa\u00e7\u00f5es do IML, at\u00e9 as 02h00 de s\u00e1bado (29), foram confirmadas a morte de 14 pessoas, entre elas os motoristas dos [&hellip;]<\/p>\n","protected":false},"author":2,"featured_media":61880,"comment_status":"closed","ping_status":"closed","sticky":false,"template":"","format":"standard","meta":{"footnotes":""},"categories":[310],"tags":[],"class_list":{"0":"post-61879","1":"post","2":"type-post","3":"status-publish","4":"format-standard","5":"has-post-thumbnail","7":"category-destaques-da-semana"},"_links":{"self":[{"href":"https:\/\/senoticias.com.br\/se\/wp-json\/wp\/v2\/posts\/61879"}],"collection":[{"href":"https:\/\/senoticias.com.br\/se\/wp-json\/wp\/v2\/posts"}],"about":[{"href":"https:\/\/senoticias.com.br\/se\/wp-json\/wp\/v2\/types\/post"}],"author":[{"embeddable":true,"href":"https:\/\/senoticias.com.br\/se\/wp-json\/wp\/v2\/users\/2"}],"replies":[{"embeddable":true,"href":"https:\/\/senoticias.com.br\/se\/wp-json\/wp\/v2\/comments?post=61879"}],"version-history":[{"count":0,"href":"https:\/\/senoticias.com.br\/se\/wp-json\/wp\/v2\/posts\/61879\/revisions"}],"wp:featuredmedia":[{"embeddable":true,"href":"https:\/\/senoticias.com.br\/se\/wp-json\/wp\/v2\/media\/61880"}],"wp:attachment":[{"href":"https:\/\/senoticias.com.br\/se\/wp-json\/wp\/v2\/media?parent=61879"}],"wp:term":[{"taxonomy":"category","embeddable":true,"href":"https:\/\/senoticias.com.br\/se\/wp-json\/wp\/v2\/categories?post=61879"},{"taxonomy":"post_tag","embeddable":true,"href":"https:\/\/senoticias.com.br\/se\/wp-json\/wp\/v2\/tags?post=61879"}],"curies":[{"name":"wp","href":"https:\/\/api.w.org\/{rel}","templated":true}]}}