{"id":61877,"date":"2014-03-29T06:27:29","date_gmt":"2014-03-29T09:27:29","guid":{"rendered":"http:\/\/senoticias.com.br\/se\/?p=61877"},"modified":"2014-03-29T07:33:32","modified_gmt":"2014-03-29T10:33:32","slug":"pela-primeira-vez-joao-alves-diz-que-pensa-em-ser-candidato-mas-tem-duvidas","status":"publish","type":"post","link":"https:\/\/senoticias.com.br\/se\/pela-primeira-vez-joao-alves-diz-que-pensa-em-ser-candidato-mas-tem-duvidas\/","title":{"rendered":"Pela primeira vez, Jo\u00e3o Alves diz que pensa em ser candidato, mas tem d\u00favidas"},"content":{"rendered":"<p>&nbsp;<\/p>\n<div id=\"attachment_43376\" style=\"width: 310px\" class=\"wp-caption alignright\"><a href=\"http:\/\/senoticias.com.br\/se\/wp-content\/uploads\/2013\/01\/Jo\u00e3o-Alves.jpg\"><img loading=\"lazy\" decoding=\"async\" aria-describedby=\"caption-attachment-43376\" class=\"size-medium wp-image-43376\" alt=\"Jo\u00e3o Alves diz que pensa em ser candidato, mas tem d\u00favidas. (Foto: Reprodu\u00e7\u00e3o)\" src=\"http:\/\/senoticias.com.br\/se\/wp-content\/uploads\/2013\/01\/Jo\u00e3o-Alves-300x107.jpg\" width=\"300\" height=\"107\" srcset=\"https:\/\/senoticias.com.br\/se\/wp-content\/uploads\/2013\/01\/Jo\u00e3o-Alves-300x107.jpg 300w, https:\/\/senoticias.com.br\/se\/wp-content\/uploads\/2013\/01\/Jo\u00e3o-Alves-342x121.jpg 342w, https:\/\/senoticias.com.br\/se\/wp-content\/uploads\/2013\/01\/Jo\u00e3o-Alves.jpg 600w\" sizes=\"(max-width: 300px) 100vw, 300px\" \/><\/a><p id=\"caption-attachment-43376\" class=\"wp-caption-text\">Jo\u00e3o Alves diz que pensa em ser candidato, mas tem d\u00favidas. (Foto: Reprodu\u00e7\u00e3o)<\/p><\/div>\n<p style=\"text-align: justify;\"><strong>Valter Lima, do <a href=\"http:\/\/www.brasil247.com\/pt\/247\/sergipe247\/134874\/Jo%C3%A3o-sobre-candidatura-ao-governo-algumas-d%C3%BAvidas-na-cabe%C3%A7a.htm\" target=\"_blank\">Sergipe 247 <\/a>&#8211;<\/strong> O prefeito Jo\u00e3o Alves Filho (DEM) afirmou nesta sexta-feira (28) que ainda tem &#8220;algumas d\u00favidas na cabe\u00e7a&#8221; se ser\u00e1 ou n\u00e3o candidato a governador do Estado neste ano. Ele disse que vem pensando nesta possibilidade &#8220;h\u00e1 uns dois meses&#8221;. &#8220;Tudo isso voc\u00eas v\u00e3o saber na pr\u00f3xima semana. Saberemos todos juntos, pois ainda estou com algumas d\u00favidas na cabe\u00e7a. Minha mulher diz que tenho a mania de falar muito, mas quando s\u00e3o coisas \u00edntimas fico ruminando como boi&#8221;, disse.<\/p>\n<p style=\"text-align: justify;\">Questionado pelo Sergipe 247 sobre o que levar\u00e1 em considera\u00e7\u00e3o para tomar sua posi\u00e7\u00e3o final, Jo\u00e3o tergiversou. &#8220;Eu levarei em considera\u00e7\u00e3o o meu procedimento. Cargo para mim hoje n\u00e3o tem nenhum valor especial do cargo pelo cargo. A \u00fanica coisa que me pergunto \u00e9 sobre o que posso fazer pelo meu povo assumindo esse cargo. \u00c9 isso que me preocupa. Vou tonalizando essas coisas todas. Pode ficar certo que estou processando isso na cabe\u00e7a h\u00e1 uns dois meses&#8221;, disse.<\/p>\n<p style=\"text-align: justify;\">Novamente perguntado pelo 247 sobre o resultado da <a href=\"http:\/\/senoticias.com.br\/se\/?p=61585\" target=\"_blank\"><strong>pesquisa Dataform, divulgada<\/strong><\/a> no in\u00edcio desta semana, em que ele aparece em primeiro lugar, mas com uma vantagem pequena sobre os demais candidatos, o prefeito da capital minimizou os n\u00fameros. &#8220;Pesquisas j\u00e1 me mostraram tr\u00eas. Cada uma com um n\u00famero diferente. N\u00e3o estou preocupado com isso&#8221;.<\/p>\n<p><strong>\u00a0Siga o SE Not\u00edcias pelo <a href=\"https:\/\/twitter.com\/Senoticias\" target=\"_blank\">Twitter<\/a> e curta no <a href=\" https:\/\/www.facebook.com\/PortalSENoticias\" target=\"_blank\">Facebook<\/a><\/strong><\/p>\n","protected":false},"excerpt":{"rendered":"<p>&nbsp; Valter Lima, do Sergipe 247 &#8211; O prefeito Jo\u00e3o Alves Filho (DEM) afirmou nesta sexta-feira (28) que ainda tem &#8220;algumas d\u00favidas na cabe\u00e7a&#8221; se ser\u00e1 ou n\u00e3o candidato a governador do Estado neste ano. Ele disse que vem pensando nesta possibilidade &#8220;h\u00e1 uns dois meses&#8221;. &#8220;Tudo isso voc\u00eas v\u00e3o saber na pr\u00f3xima semana. Saberemos [&hellip;]<\/p>\n","protected":false},"author":1,"featured_media":43376,"comment_status":"closed","ping_status":"closed","sticky":false,"template":"","format":"standard","meta":{"footnotes":""},"categories":[6],"tags":[],"class_list":{"0":"post-61877","1":"post","2":"type-post","3":"status-publish","4":"format-standard","5":"has-post-thumbnail","7":"category-politica"},"_links":{"self":[{"href":"https:\/\/senoticias.com.br\/se\/wp-json\/wp\/v2\/posts\/61877"}],"collection":[{"href":"https:\/\/senoticias.com.br\/se\/wp-json\/wp\/v2\/posts"}],"about":[{"href":"https:\/\/senoticias.com.br\/se\/wp-json\/wp\/v2\/types\/post"}],"author":[{"embeddable":true,"href":"https:\/\/senoticias.com.br\/se\/wp-json\/wp\/v2\/users\/1"}],"replies":[{"embeddable":true,"href":"https:\/\/senoticias.com.br\/se\/wp-json\/wp\/v2\/comments?post=61877"}],"version-history":[{"count":0,"href":"https:\/\/senoticias.com.br\/se\/wp-json\/wp\/v2\/posts\/61877\/revisions"}],"wp:featuredmedia":[{"embeddable":true,"href":"https:\/\/senoticias.com.br\/se\/wp-json\/wp\/v2\/media\/43376"}],"wp:attachment":[{"href":"https:\/\/senoticias.com.br\/se\/wp-json\/wp\/v2\/media?parent=61877"}],"wp:term":[{"taxonomy":"category","embeddable":true,"href":"https:\/\/senoticias.com.br\/se\/wp-json\/wp\/v2\/categories?post=61877"},{"taxonomy":"post_tag","embeddable":true,"href":"https:\/\/senoticias.com.br\/se\/wp-json\/wp\/v2\/tags?post=61877"}],"curies":[{"name":"wp","href":"https:\/\/api.w.org\/{rel}","templated":true}]}}