{"id":61875,"date":"2014-03-29T07:22:28","date_gmt":"2014-03-29T10:22:28","guid":{"rendered":"http:\/\/senoticias.com.br\/se\/?p=61875"},"modified":"2014-03-30T07:58:39","modified_gmt":"2014-03-30T10:58:39","slug":"edilson-paga-divida-e-deixa-a-prisao-em-salvador","status":"publish","type":"post","link":"https:\/\/senoticias.com.br\/se\/edilson-paga-divida-e-deixa-a-prisao-em-salvador\/","title":{"rendered":"Edilson paga d\u00edvida e deixa a pris\u00e3o em Salvador"},"content":{"rendered":"<div id=\"attachment_61706\" style=\"width: 166px\" class=\"wp-caption alignright\"><a href=\"http:\/\/senoticias.com.br\/se\/wp-content\/uploads\/2014\/03\/340x650_edilson-capetinha_1400594.jpg\"><img loading=\"lazy\" decoding=\"async\" aria-describedby=\"caption-attachment-61706\" class=\"size-medium wp-image-61706\" alt=\"Familiares, amigos e f\u00e3s levantaram os R$102 mil necess\u00e1rios para a soltura do jogador, que estava preso desde a \u00faltima quarta-feira, no Complexo dos Barris.\/Divulga\u00e7\u00e3o | TV Globo.\" src=\"http:\/\/senoticias.com.br\/se\/wp-content\/uploads\/2014\/03\/340x650_edilson-capetinha_1400594-156x300.jpg\" width=\"156\" height=\"300\" \/><\/a><p id=\"caption-attachment-61706\" class=\"wp-caption-text\">Familiares, amigos e f\u00e3s levantaram os R$102 mil necess\u00e1rios para a soltura do jogador, que estava preso desde a \u00faltima quarta-feira, no Complexo dos Barris.\/Divulga\u00e7\u00e3o | TV Globo.<\/p><\/div>\n<p style=\"text-align: justify;\">O ex-jogador Edilson Capetinha n\u00e3o est\u00e1 mais atr\u00e1s das grades. Nesta sexta-feira, o jogador deixou a cela no Complexo dos Barris, em Salvador, onde ficou detido desde a \u00faltima quarta-feira pelo n\u00e3o pagamento de pens\u00e3o aliment\u00edcia. Familiares, amigos e f\u00e3s levantaram os R$102 mil necess\u00e1rios para a soltura do jogador. O valor pago n\u00e3o incluiu os honor\u00e1rios do processo, estimados em R$ 20 mil. A d\u00edvida total do ex-atacante era de R$122 mil.<\/p>\n<p style=\"text-align: justify;\">Edilson foi preso na manh\u00e3 de quarta-feira, na Avenida Anita Garibaldi, em Salvador. O ex-jogador, que possui passagens por Corinthians, Palmeiras, Flamengo, Bahia e Vit\u00f3ria, al\u00e9m da Sele\u00e7\u00e3o Brasileira, tinha um mandado de pris\u00e3o expedido pela 9\u00aa Vara Familiar desde dezembro do ano passado pelo n\u00e3o pagamento de pens\u00e3o aliment\u00edcia. Edilson n\u00e3o resistiu \u00e0 pris\u00e3o e foi encaminhado para o complexo policial dos Barris, tamb\u00e9m na capital baiana.<\/p>\n<p style=\"text-align: justify;\">Segundo a delegada respons\u00e1vel pelo caso, Neide Barreto, da Polinter, Edilson estava sob investiga\u00e7\u00e3o desde o fim do ano passado, mas os policiais n\u00e3o conseguiram encontrar o ex-jogador antes desta manh\u00e3.<\/p>\n<p style=\"text-align: justify;\">&#8211; Desde dezembro, v\u00ednhamos fazendo dilig\u00eancias para capturar o Edilson, mas o endere\u00e7o que estava no mandado n\u00e3o foi localizado. Tudo foi investigado. Ele estava sendo monitorado, est\u00e1vamos seguindo ele e esperando o melhor momento de peg\u00e1-lo. N\u00e3o sei se estava fugindo. O crime do qual ele \u00e9 acusado n\u00e3o cabe fian\u00e7a. Mas a pris\u00e3o pode ser sobrestada [interrompida] por ordem judicial &#8211; disse a delegada.<\/p>\n<p><strong>Siga o SE Not\u00edcias pelo <a href=\" https:\/\/twitter.com\/Senoticias\" target=\"_blank\">Twitter<\/a> e curta no <a href=\" https:\/\/www.facebook.com\/PortalSENoticias\" target=\"_blank\">Facebook<\/a><\/strong><\/p>\n<p><em>Informa\u00e7\u00f5es s\u00e3o do Globo Esporte.com.<\/em><\/p>\n<p>&nbsp;<\/p>\n<p>&nbsp;<\/p>\n","protected":false},"excerpt":{"rendered":"<p>O ex-jogador Edilson Capetinha n\u00e3o est\u00e1 mais atr\u00e1s das grades. Nesta sexta-feira, o jogador deixou a cela no Complexo dos Barris, em Salvador, onde ficou detido desde a \u00faltima quarta-feira pelo n\u00e3o pagamento de pens\u00e3o aliment\u00edcia. Familiares, amigos e f\u00e3s levantaram os R$102 mil necess\u00e1rios para a soltura do jogador. O valor pago n\u00e3o incluiu [&hellip;]<\/p>\n","protected":false},"author":1,"featured_media":61706,"comment_status":"closed","ping_status":"closed","sticky":false,"template":"","format":"standard","meta":{"footnotes":""},"categories":[39,8],"tags":[],"class_list":{"0":"post-61875","1":"post","2":"type-post","3":"status-publish","4":"format-standard","5":"has-post-thumbnail","7":"category-esporte","8":"category-esporte-e-cultura"},"_links":{"self":[{"href":"https:\/\/senoticias.com.br\/se\/wp-json\/wp\/v2\/posts\/61875"}],"collection":[{"href":"https:\/\/senoticias.com.br\/se\/wp-json\/wp\/v2\/posts"}],"about":[{"href":"https:\/\/senoticias.com.br\/se\/wp-json\/wp\/v2\/types\/post"}],"author":[{"embeddable":true,"href":"https:\/\/senoticias.com.br\/se\/wp-json\/wp\/v2\/users\/1"}],"replies":[{"embeddable":true,"href":"https:\/\/senoticias.com.br\/se\/wp-json\/wp\/v2\/comments?post=61875"}],"version-history":[{"count":0,"href":"https:\/\/senoticias.com.br\/se\/wp-json\/wp\/v2\/posts\/61875\/revisions"}],"wp:featuredmedia":[{"embeddable":true,"href":"https:\/\/senoticias.com.br\/se\/wp-json\/wp\/v2\/media\/61706"}],"wp:attachment":[{"href":"https:\/\/senoticias.com.br\/se\/wp-json\/wp\/v2\/media?parent=61875"}],"wp:term":[{"taxonomy":"category","embeddable":true,"href":"https:\/\/senoticias.com.br\/se\/wp-json\/wp\/v2\/categories?post=61875"},{"taxonomy":"post_tag","embeddable":true,"href":"https:\/\/senoticias.com.br\/se\/wp-json\/wp\/v2\/tags?post=61875"}],"curies":[{"name":"wp","href":"https:\/\/api.w.org\/{rel}","templated":true}]}}