{"id":61872,"date":"2014-03-28T18:40:02","date_gmt":"2014-03-28T21:40:02","guid":{"rendered":"http:\/\/senoticias.com.br\/se\/?p=61872"},"modified":"2014-03-28T18:42:08","modified_gmt":"2014-03-28T21:42:08","slug":"angelica-guimaraes-e-a-unica-candidata-a-vaga-no-tce","status":"publish","type":"post","link":"https:\/\/senoticias.com.br\/se\/angelica-guimaraes-e-a-unica-candidata-a-vaga-no-tce\/","title":{"rendered":"Ang\u00e9lica Guimar\u00e3es \u00e9 a \u00fanica candidata \u00e0 vaga no TCE"},"content":{"rendered":"<div id=\"attachment_40546\" style=\"width: 310px\" class=\"wp-caption alignright\"><a href=\"http:\/\/senoticias.com.br\/se\/wp-content\/uploads\/2012\/10\/Ang\u00e9lica.jpg\"><img loading=\"lazy\" decoding=\"async\" aria-describedby=\"caption-attachment-40546\" class=\"size-medium wp-image-40546\" alt=\"Ang\u00e9lica Guimar\u00e3es vai ser sabatinada por uma comiss\u00e3o de deputados (Reprodu\u00e7\u00e3o)\" src=\"http:\/\/senoticias.com.br\/se\/wp-content\/uploads\/2012\/10\/Ang\u00e9lica-300x199.jpg\" width=\"300\" height=\"199\" srcset=\"https:\/\/senoticias.com.br\/se\/wp-content\/uploads\/2012\/10\/Ang\u00e9lica-300x199.jpg 300w, https:\/\/senoticias.com.br\/se\/wp-content\/uploads\/2012\/10\/Ang\u00e9lica-342x227.jpg 342w, https:\/\/senoticias.com.br\/se\/wp-content\/uploads\/2012\/10\/Ang\u00e9lica.jpg 600w\" sizes=\"(max-width: 300px) 100vw, 300px\" \/><\/a><p id=\"caption-attachment-40546\" class=\"wp-caption-text\">Ang\u00e9lica Guimar\u00e3es vai ser sabatinada por uma comiss\u00e3o de deputados. (Reprodu\u00e7\u00e3o)<\/p><\/div>\n<p style=\"text-align: justify;\">Foi definido nesta sexta-feira (28), a candidatura \u00fanica da presidente da Assembleia Legislativa deputada Ang\u00e9lica Guimar\u00e3es, a vaga de conselheiro do Tribunal de Contas do Estado de Sergipe.<\/p>\n<p style=\"text-align: justify;\">O prazo para inscri\u00e7\u00f5es terminou ao meio dia, os nomes dos deputados Luiz Mitidiere e Garibalde Mendon\u00e7a chegaram a ser cogitados como poss\u00edveis candidatos, mas n\u00e3o foram apresentados.<\/p>\n<p style=\"text-align: justify;\">Nos pr\u00f3ximos dias Ang\u00e9lica Guimar\u00e3es vai ser sabatinada por uma comiss\u00e3o de deputados e em seguida ter\u00e1 nome enviado para nomea\u00e7\u00e3o pelo governador Jackson Barreto.<\/p>\n<p style=\"text-align: justify;\"><em>Com informa\u00e7\u00f5es do G1 Sergipe \u00a0<\/em><\/p>\n<p style=\"text-align: justify;\"><strong>Siga o SE Not\u00edcias pelo <a href=\"https:\/\/twitter.com\/Senoticias\" target=\"_blank\">Twitter<\/a> e curta no <a href=\"https:\/\/www.facebook.com\/PortalSENoticias\" target=\"_blank\">Facebook\u00a0<\/a><\/strong><\/p>\n","protected":false},"excerpt":{"rendered":"<p>Foi definido nesta sexta-feira (28), a candidatura \u00fanica da presidente da Assembleia Legislativa deputada Ang\u00e9lica Guimar\u00e3es, a vaga de conselheiro do Tribunal de Contas do Estado de Sergipe. O prazo para inscri\u00e7\u00f5es terminou ao meio dia, os nomes dos deputados Luiz Mitidiere e Garibalde Mendon\u00e7a chegaram a ser cogitados como poss\u00edveis candidatos, mas n\u00e3o foram [&hellip;]<\/p>\n","protected":false},"author":1,"featured_media":40546,"comment_status":"closed","ping_status":"closed","sticky":false,"template":"","format":"standard","meta":{"footnotes":""},"categories":[6],"tags":[],"class_list":{"0":"post-61872","1":"post","2":"type-post","3":"status-publish","4":"format-standard","5":"has-post-thumbnail","7":"category-politica"},"_links":{"self":[{"href":"https:\/\/senoticias.com.br\/se\/wp-json\/wp\/v2\/posts\/61872"}],"collection":[{"href":"https:\/\/senoticias.com.br\/se\/wp-json\/wp\/v2\/posts"}],"about":[{"href":"https:\/\/senoticias.com.br\/se\/wp-json\/wp\/v2\/types\/post"}],"author":[{"embeddable":true,"href":"https:\/\/senoticias.com.br\/se\/wp-json\/wp\/v2\/users\/1"}],"replies":[{"embeddable":true,"href":"https:\/\/senoticias.com.br\/se\/wp-json\/wp\/v2\/comments?post=61872"}],"version-history":[{"count":0,"href":"https:\/\/senoticias.com.br\/se\/wp-json\/wp\/v2\/posts\/61872\/revisions"}],"wp:featuredmedia":[{"embeddable":true,"href":"https:\/\/senoticias.com.br\/se\/wp-json\/wp\/v2\/media\/40546"}],"wp:attachment":[{"href":"https:\/\/senoticias.com.br\/se\/wp-json\/wp\/v2\/media?parent=61872"}],"wp:term":[{"taxonomy":"category","embeddable":true,"href":"https:\/\/senoticias.com.br\/se\/wp-json\/wp\/v2\/categories?post=61872"},{"taxonomy":"post_tag","embeddable":true,"href":"https:\/\/senoticias.com.br\/se\/wp-json\/wp\/v2\/tags?post=61872"}],"curies":[{"name":"wp","href":"https:\/\/api.w.org\/{rel}","templated":true}]}}