{"id":61870,"date":"2014-03-28T18:29:13","date_gmt":"2014-03-28T21:29:13","guid":{"rendered":"http:\/\/senoticias.com.br\/se\/?p=61870"},"modified":"2014-03-28T18:29:13","modified_gmt":"2014-03-28T21:29:13","slug":"estao-abertas-as-matriculas-do-pronatec-em-sergipe","status":"publish","type":"post","link":"https:\/\/senoticias.com.br\/se\/estao-abertas-as-matriculas-do-pronatec-em-sergipe\/","title":{"rendered":"Est\u00e3o abertas as matr\u00edculas do Pronatec em Sergipe"},"content":{"rendered":"<div id=\"attachment_57779\" style=\"width: 310px\" class=\"wp-caption alignright\"><a href=\"http:\/\/senoticias.com.br\/se\/wp-content\/uploads\/2013\/12\/grande-pronatec_divulga\u00e7\u00e3o_180912.jpg\"><img loading=\"lazy\" decoding=\"async\" aria-describedby=\"caption-attachment-57779\" class=\"size-medium wp-image-57779\" alt=\"Cerca de 250 jovens v\u00e3o fazer o ensino m\u00e9dio e o curso t\u00e9cnico. (Foto: Divulga\u00e7\u00e3o)\" src=\"http:\/\/senoticias.com.br\/se\/wp-content\/uploads\/2013\/12\/grande-pronatec_divulga\u00e7\u00e3o_180912-300x199.jpg\" width=\"300\" height=\"199\" \/><\/a><p id=\"caption-attachment-57779\" class=\"wp-caption-text\">Cerca de 250 jovens v\u00e3o fazer o ensino m\u00e9dio e o curso t\u00e9cnico. (Foto: Divulga\u00e7\u00e3o)<\/p><\/div>\n<p style=\"text-align: justify;\">Come\u00e7aram na quinta-feira,27, o per\u00edodo de matr\u00edcula dos aprovados nos cursos do Programa Nacional de Acesso ao Ensino T\u00e9cnico e Emprego (Pronatec). A Secretaria de Estado da Educa\u00e7\u00e3o (Seed) j\u00e1 divulgou o resultado da sele\u00e7\u00e3o dos alunos para os cursos t\u00e9cnicos na modalidade concomitante com o ensino m\u00e9dio. As matr\u00edculas ser\u00e3o realizadas at\u00e9 o dia 9 de abril, a data depende do curso, no SENAC que fica localizado na Avenida Ivo do Prado, 564.<\/p>\n<p style=\"text-align: justify;\">Para se matricular o candidato classificado ou seu representante legal dever\u00e1 apresentar c\u00f3pia da carteira de identidade, CPF, duas fotos 3&#215;4, c\u00f3pia da carteira de identidade e CPF do respons\u00e1vel legal, no caso de menores de 18 anos. A matr\u00edcula s\u00f3 ser\u00e1 efetivada com a apresenta\u00e7\u00e3o de todos os documentos.<\/p>\n<p style=\"text-align: justify;\"><strong>Cronograma<\/strong><\/p>\n<p style=\"text-align: justify;\">Curso T\u00e9cnico em Eletroeletr\u00f4nica &#8211; Tarde: 07 a 09\/04\/2014<br \/>\nCurso T\u00e9cnico em Mec\u00e2nica &#8211; Tarde: 07 a 09\/04\/2014<br \/>\nCurso T\u00e9cnico em Edifica\u00e7\u00f5es &#8211; Tarde: 31\/03 e 01 e 02\/04\/2014<br \/>\nCurso T\u00e9cnico em Edifica\u00e7\u00f5es &#8211; Manh\u00e3: 31\/03 e 01 e 02\/04\/2014<br \/>\nCurso T\u00e9cnico em Seguran\u00e7a do Trabalho &#8211; Tarde: 31\/03 e 01 e 02\/04\/2014<br \/>\nCurso T\u00e9cnico em Seguran\u00e7a do Trabalho &#8211; Manh\u00e3: 31\/03 e 01 e 02\/04\/2014<br \/>\nCurso T\u00e9cnico em Inform\u00e1tica &#8211; Tarde: 27 a 31 \/03\/2014<br \/>\nCurso T\u00e9cnico em Hospedagem &#8211; Tarde: 27 a 31\/03\/2014<br \/>\nCurso T\u00e9cnico em Log\u00edstica &#8211; Tarde: 27 a 31\/03\/2014<br \/>\nCurso T\u00e9cnico em Enfermagem &#8211; Tarde: 02 a 04\/04\/2014<\/p>\n<p style=\"text-align: justify;\"><em>Fonte: Ascom Amurces\u00a0<\/em><\/p>\n<p style=\"text-align: justify;\"><strong>Siga o SE Not\u00edcias pelo <a href=\"https:\/\/twitter.com\/Senoticias\" target=\"_blank\">Twitter <\/a>e curta no <a href=\"https:\/\/www.facebook.com\/PortalSENoticias?fref=ts\" target=\"_blank\">Facebook\u00a0<\/a><\/strong><\/p>\n","protected":false},"excerpt":{"rendered":"<p>Come\u00e7aram na quinta-feira,27, o per\u00edodo de matr\u00edcula dos aprovados nos cursos do Programa Nacional de Acesso ao Ensino T\u00e9cnico e Emprego (Pronatec). A Secretaria de Estado da Educa\u00e7\u00e3o (Seed) j\u00e1 divulgou o resultado da sele\u00e7\u00e3o dos alunos para os cursos t\u00e9cnicos na modalidade concomitante com o ensino m\u00e9dio. As matr\u00edculas ser\u00e3o realizadas at\u00e9 o dia [&hellip;]<\/p>\n","protected":false},"author":1,"featured_media":57779,"comment_status":"closed","ping_status":"closed","sticky":false,"template":"","format":"standard","meta":{"footnotes":""},"categories":[44],"tags":[],"class_list":{"0":"post-61870","1":"post","2":"type-post","3":"status-publish","4":"format-standard","5":"has-post-thumbnail","7":"category-educacao"},"_links":{"self":[{"href":"https:\/\/senoticias.com.br\/se\/wp-json\/wp\/v2\/posts\/61870"}],"collection":[{"href":"https:\/\/senoticias.com.br\/se\/wp-json\/wp\/v2\/posts"}],"about":[{"href":"https:\/\/senoticias.com.br\/se\/wp-json\/wp\/v2\/types\/post"}],"author":[{"embeddable":true,"href":"https:\/\/senoticias.com.br\/se\/wp-json\/wp\/v2\/users\/1"}],"replies":[{"embeddable":true,"href":"https:\/\/senoticias.com.br\/se\/wp-json\/wp\/v2\/comments?post=61870"}],"version-history":[{"count":0,"href":"https:\/\/senoticias.com.br\/se\/wp-json\/wp\/v2\/posts\/61870\/revisions"}],"wp:featuredmedia":[{"embeddable":true,"href":"https:\/\/senoticias.com.br\/se\/wp-json\/wp\/v2\/media\/57779"}],"wp:attachment":[{"href":"https:\/\/senoticias.com.br\/se\/wp-json\/wp\/v2\/media?parent=61870"}],"wp:term":[{"taxonomy":"category","embeddable":true,"href":"https:\/\/senoticias.com.br\/se\/wp-json\/wp\/v2\/categories?post=61870"},{"taxonomy":"post_tag","embeddable":true,"href":"https:\/\/senoticias.com.br\/se\/wp-json\/wp\/v2\/tags?post=61870"}],"curies":[{"name":"wp","href":"https:\/\/api.w.org\/{rel}","templated":true}]}}