{"id":61582,"date":"2014-03-24T20:25:52","date_gmt":"2014-03-24T23:25:52","guid":{"rendered":"http:\/\/senoticias.com.br\/se\/?p=61582"},"modified":"2014-03-25T18:12:41","modified_gmt":"2014-03-25T21:12:41","slug":"nordeste-do-brasil-teve-pior-seca-dos-ultimos-50-anos-em-2013-diz-relatorio","status":"publish","type":"post","link":"https:\/\/senoticias.com.br\/se\/nordeste-do-brasil-teve-pior-seca-dos-ultimos-50-anos-em-2013-diz-relatorio\/","title":{"rendered":"Nordeste do Brasil teve pior seca dos \u00faltimos 50 anos em 2013, diz relat\u00f3rio"},"content":{"rendered":"<div id=\"attachment_61583\" style=\"width: 310px\" class=\"wp-caption alignright\"><a href=\"http:\/\/senoticias.com.br\/se\/wp-content\/uploads\/2014\/03\/15.jpg\"><img loading=\"lazy\" decoding=\"async\" aria-describedby=\"caption-attachment-61583\" class=\"size-medium wp-image-61583\" alt=\"Em 2013, seca provocou a morte de animais no interior do Rio Grande do Norte (Foto: Aldair Dantas)\" src=\"http:\/\/senoticias.com.br\/se\/wp-content\/uploads\/2014\/03\/15-300x225.jpg\" width=\"300\" height=\"225\" srcset=\"https:\/\/senoticias.com.br\/se\/wp-content\/uploads\/2014\/03\/15-300x225.jpg 300w, https:\/\/senoticias.com.br\/se\/wp-content\/uploads\/2014\/03\/15-342x256.jpg 342w, https:\/\/senoticias.com.br\/se\/wp-content\/uploads\/2014\/03\/15-60x45.jpg 60w, https:\/\/senoticias.com.br\/se\/wp-content\/uploads\/2014\/03\/15-150x113.jpg 150w, https:\/\/senoticias.com.br\/se\/wp-content\/uploads\/2014\/03\/15-269x201.jpg 269w, https:\/\/senoticias.com.br\/se\/wp-content\/uploads\/2014\/03\/15.jpg 620w\" sizes=\"(max-width: 300px) 100vw, 300px\" \/><\/a><p id=\"caption-attachment-61583\" class=\"wp-caption-text\">Em 2013, seca provocou a morte de animais no interior do Rio Grande do Norte (Foto: Aldair Dantas)<\/p><\/div>\n<p style=\"text-align: justify;\">O Nordeste do Brasil viveu em 2013 a pior seca dos \u00faltimos 50 anos, segundo o relat\u00f3rio \u201cDeclara\u00e7\u00e3o sobre o Estado do Clima), divulgado nesta segunda-feira (24) pela Organiza\u00e7\u00e3o Meteorol\u00f3gica Mundial (WMO, na sigla em ingl\u00eas). O relat\u00f3rio traz detalhes sobre chuvas, inunda\u00e7\u00f5es, secas, ciclones tropicais, as camadas polares e o n\u00edvel do mar em cada regi\u00e3o do planeta. Segundo o documento, a Austr\u00e1lia teve o ano mais quente de sua hist\u00f3ria, e a Argentina o segundo mais quente.<\/p>\n<p style=\"text-align: justify;\">Os registros s\u00e3o feitos desde 1961, e o relat\u00f3rio mostra que 2013 foi o sexto ano mais quente desde ent\u00e3o. A temperatura m\u00e9dia da superf\u00edcie do oceano e da Terra em 2013 oi de 14,5\u00b0C, marca que \u00e9 0,50\u00b0C maior que a m\u00e9dia registrada entre 1961 e 1990, e 0,03\u00b0Cs maior que \u00e0 m\u00e9dia da d\u00e9cada mais recente (2001-2010). De acordo com a WMO, cada d\u00e9cada \u00e9 mais quente que a anterior, sendo que a \u00faltima registrada. Treze dos 14 anos mais quentes registrados ocorreram todos no s\u00e9culo XXI.<\/p>\n<p style=\"text-align: justify;\">No ano passado, as temperaturas na Am\u00e9rica do Sul foram dominadas pelo calor na maior parte do continente. No Brasil o calor provocou seca no Nordeste, ao mesmo tempo em que muitos estados sofreram com chuvas fortes no final do ano. O relat\u00f3rio aponta, por exemplo, a cidade de Aimor\u00e9s (MG), com precipita\u00e7\u00e3o m\u00e9dia quatro vezes maior do que a normalmente registrada no Sudeste do Brasil para o m\u00eas de dezembro.<\/p>\n<p style=\"text-align: justify;\">&#8220;Tivemos um 2013 chuvas mais fortes, um calor mais intenso e um maior n\u00famero de danos causados por tempestades e inunda\u00e7\u00f5es costeiras como resultado da eleva\u00e7\u00e3o do n\u00edvel do mar&#8221;, disse o secret\u00e1rio-geral da WMO, Michel Jarraud.<\/p>\n<p style=\"text-align: justify;\">&#8220;O aquecimento dos oceanos aumentou em profundidades menores. Mais de 90% do excesso de energia acumulado por gases do efeito de inverno se armazena nos oceanos. Estes gases alcan\u00e7aram n\u00edveis recordes, o que signigica que nossa atmosfera e nossos oceanos continuar\u00e3o esquentando nos pr\u00f3ximos anos&#8221;, destacou Jarraud. &#8220;As leis da f\u00edsica n\u00e3o s\u00e3o negoci\u00e1veis.&#8221;<\/p>\n<p style=\"text-align: justify;\"><strong>Veja 12 destaques do clima extremo no mundo em 2013:<\/strong><\/p>\n<p style=\"text-align: justify;\">1) O tuf\u00e3o Haiyan devastou partes da regi\u00e3o central das Filipinas.<\/p>\n<p style=\"text-align: justify;\">2) As temperaturas no hemisf\u00e9rio sul foram muito quente, o que resultou em onda de calor generalizado: a Austr\u00e1lia experimentou um recorde de calor o ano todo, enquanto Argentina e Nova Zel\u00e2ndia tiveram o segundo e terceiro ano mais quente j\u00e1 registrado nestes pa\u00edses.<\/p>\n<p style=\"text-align: justify;\">3) Um ar gelado varreu a Europa e sudeste dos Estados Unidos.<\/p>\n<p style=\"text-align: justify;\">4) Na \u00c1frica, uma seca severa afetou Angola, Botswana e Nam\u00edbia.<\/p>\n<p style=\"text-align: justify;\">5) Fortes chuvas de mon\u00e7\u00e3o provocou inunda\u00e7\u00f5es na fronteira entre \u00cdndia e Nepal. R\u00fassia, nordeste da China, Sud\u00e3o e Som\u00e1lia tamb\u00e9m tiveram inunda\u00e7\u00f5es.<\/p>\n<p style=\"text-align: justify;\">6) Uma grande seca afetou o sul da China<\/p>\n<p style=\"text-align: justify;\">7) O Nordeste do Brasil registrou sua pior seca em 50 anos.<\/p>\n<p style=\"text-align: justify;\">8) Na Europa, chuvas fortes provocaram enchentes na \u00c1ustria, Rep\u00fablica Checa, Alemanha, Pol\u00f4nia e Su\u00ed\u00e7a.<\/p>\n<p style=\"text-align: justify;\">9) Israel, Jord\u00e2nia e S\u00edria foram atingidos por queda de neve sem precedentes.<\/p>\n<p style=\"text-align: justify;\">10) As concentra\u00e7\u00f5es de gases de efeito estufa na atmosfera alcan\u00e7aram n\u00edveis m\u00e1ximos sem precedentes.<\/p>\n<p style=\"text-align: justify;\">11) Os oceanos do mundo atingiram um novo recorde de alto n\u00edvel do mar.<\/p>\n<p style=\"text-align: justify;\">12) A extens\u00e3o do gelo marinho na Ant\u00e1rtida atingiu o pico registro di\u00e1rio.<\/p>\n<p style=\"text-align: justify;\"><em>Do G1, em S\u00e3o Paulo\u00a0<\/em><\/p>\n<p style=\"text-align: justify;\"><strong>Siga o SE Not\u00edcias pelo <a href=\"https:\/\/twitter.com\/Senoticias\" target=\"_blank\">Twitter <\/a>e curta no <a href=\"https:\/\/www.facebook.com\/PortalSENoticias\" target=\"_blank\">Facebook\u00a0<\/a><\/strong><\/p>\n","protected":false},"excerpt":{"rendered":"<p>O Nordeste do Brasil viveu em 2013 a pior seca dos \u00faltimos 50 anos, segundo o relat\u00f3rio \u201cDeclara\u00e7\u00e3o sobre o Estado do Clima), divulgado nesta segunda-feira (24) pela Organiza\u00e7\u00e3o Meteorol\u00f3gica Mundial (WMO, na sigla em ingl\u00eas). O relat\u00f3rio traz detalhes sobre chuvas, inunda\u00e7\u00f5es, secas, ciclones tropicais, as camadas polares e o n\u00edvel do mar em [&hellip;]<\/p>\n","protected":false},"author":1,"featured_media":61583,"comment_status":"closed","ping_status":"closed","sticky":false,"template":"","format":"standard","meta":{"footnotes":""},"categories":[310],"tags":[],"class_list":{"0":"post-61582","1":"post","2":"type-post","3":"status-publish","4":"format-standard","5":"has-post-thumbnail","7":"category-destaques-da-semana"},"_links":{"self":[{"href":"https:\/\/senoticias.com.br\/se\/wp-json\/wp\/v2\/posts\/61582"}],"collection":[{"href":"https:\/\/senoticias.com.br\/se\/wp-json\/wp\/v2\/posts"}],"about":[{"href":"https:\/\/senoticias.com.br\/se\/wp-json\/wp\/v2\/types\/post"}],"author":[{"embeddable":true,"href":"https:\/\/senoticias.com.br\/se\/wp-json\/wp\/v2\/users\/1"}],"replies":[{"embeddable":true,"href":"https:\/\/senoticias.com.br\/se\/wp-json\/wp\/v2\/comments?post=61582"}],"version-history":[{"count":0,"href":"https:\/\/senoticias.com.br\/se\/wp-json\/wp\/v2\/posts\/61582\/revisions"}],"wp:featuredmedia":[{"embeddable":true,"href":"https:\/\/senoticias.com.br\/se\/wp-json\/wp\/v2\/media\/61583"}],"wp:attachment":[{"href":"https:\/\/senoticias.com.br\/se\/wp-json\/wp\/v2\/media?parent=61582"}],"wp:term":[{"taxonomy":"category","embeddable":true,"href":"https:\/\/senoticias.com.br\/se\/wp-json\/wp\/v2\/categories?post=61582"},{"taxonomy":"post_tag","embeddable":true,"href":"https:\/\/senoticias.com.br\/se\/wp-json\/wp\/v2\/tags?post=61582"}],"curies":[{"name":"wp","href":"https:\/\/api.w.org\/{rel}","templated":true}]}}