{"id":61577,"date":"2014-03-24T20:15:32","date_gmt":"2014-03-24T23:15:32","guid":{"rendered":"http:\/\/senoticias.com.br\/se\/?p=61577"},"modified":"2014-03-25T07:05:27","modified_gmt":"2014-03-25T10:05:27","slug":"laranjeiras-tem-vacinacao-contra-o-sarampo-ate-o-dia-30","status":"publish","type":"post","link":"https:\/\/senoticias.com.br\/se\/laranjeiras-tem-vacinacao-contra-o-sarampo-ate-o-dia-30\/","title":{"rendered":"Laranjeiras tem vacina\u00e7\u00e3o contra o sarampo at\u00e9 o dia 30"},"content":{"rendered":"<div id=\"attachment_61578\" style=\"width: 310px\" class=\"wp-caption alignright\"><a href=\"http:\/\/senoticias.com.br\/se\/wp-content\/uploads\/2014\/03\/grande-vacinasarampo_240314.jpg\"><img loading=\"lazy\" decoding=\"async\" aria-describedby=\"caption-attachment-61578\" class=\"size-medium wp-image-61578\" alt=\"Campanha vai at\u00e9 o pr\u00f3ximo dia 30 (Foto: Divulga\u00e7\u00e3o)\" src=\"http:\/\/senoticias.com.br\/se\/wp-content\/uploads\/2014\/03\/grande-vacinasarampo_240314-300x199.jpg\" width=\"300\" height=\"199\" srcset=\"https:\/\/senoticias.com.br\/se\/wp-content\/uploads\/2014\/03\/grande-vacinasarampo_240314-300x199.jpg 300w, https:\/\/senoticias.com.br\/se\/wp-content\/uploads\/2014\/03\/grande-vacinasarampo_240314-342x227.jpg 342w, https:\/\/senoticias.com.br\/se\/wp-content\/uploads\/2014\/03\/grande-vacinasarampo_240314.jpg 500w\" sizes=\"(max-width: 300px) 100vw, 300px\" \/><\/a><p id=\"caption-attachment-61578\" class=\"wp-caption-text\">Campanha vai at\u00e9 o pr\u00f3ximo dia 30 (Foto: Divulga\u00e7\u00e3o)<\/p><\/div>\n<p style=\"text-align: justify;\">A prefeitura de Laranjeiras, atrav\u00e9s da secretaria municipal de Sa\u00fade est\u00e1 promovendo at\u00e9 o pr\u00f3ximo dia 30 a campanha de vacina\u00e7\u00e3o contra o sarampo. Devem ser vacinadas crian\u00e7as de seis meses a menores de cinco anos de idade, que residem na sede, bairros e povoados. A meta da prefeitura \u00e9 imunizar mais de duas mil e duzentas crian\u00e7as. As doses est\u00e3o dispon\u00edveis em todas as unidades b\u00e1sicas de sa\u00fade, no hor\u00e1rio das 8h \u00e0s 17h.<\/p>\n<p style=\"text-align: justify;\">De acordo com a coordenadora municipal de Vigil\u00e2ncia Epidemiol\u00f3gica, Solange Azevedo esta a\u00e7\u00e3o visa interromper a cadeia de transmiss\u00e3o do sarampo no Nordeste, decorrente ao alto \u00edndice verificado com o t\u00e9rmino do carnaval, \u00e9poca em que o fluxo de entrada e sa\u00edda de pessoas aumenta entre os estados da Bahia, Pernambuco e Cear\u00e1.<\/p>\n<p style=\"text-align: justify;\">&#8220;Esta iniciativa partiu do Minist\u00e9rio da Sa\u00fade como medida preventiva e n\u00f3s estamos aderindo \u00e0 campanha de vacina\u00e7\u00e3o contra o sarampo, para que n\u00e3o haja um surto da doen\u00e7a em nossa cidade, j\u00e1 que, o fluxo de pessoas nos estados da Bahia, Pernambuco e Cear\u00e1 \u00e9 muito grande por conta do carnaval. Portanto, todas as cidades de Sergipe localizadas pr\u00f3ximas \u00e0 capital est\u00e3o realizando a campanha&#8221;, informou a coordenadora.<\/p>\n<p style=\"text-align: justify;\"><em>Fonte: Ascom da Prefeitura de Laranjeiras\u00a0<\/em><\/p>\n<p style=\"text-align: justify;\"><strong>Siga o SE Not\u00edcias pelo <a href=\"https:\/\/twitter.com\/Senoticias\" target=\"_blank\">Twitter <\/a>e curta no <a href=\"https:\/\/www.facebook.com\/PortalSENoticias?ref=hl\" target=\"_blank\">Facebook\u00a0<\/a><\/strong><\/p>\n","protected":false},"excerpt":{"rendered":"<p>A prefeitura de Laranjeiras, atrav\u00e9s da secretaria municipal de Sa\u00fade est\u00e1 promovendo at\u00e9 o pr\u00f3ximo dia 30 a campanha de vacina\u00e7\u00e3o contra o sarampo. Devem ser vacinadas crian\u00e7as de seis meses a menores de cinco anos de idade, que residem na sede, bairros e povoados. A meta da prefeitura \u00e9 imunizar mais de duas mil [&hellip;]<\/p>\n","protected":false},"author":1,"featured_media":61578,"comment_status":"closed","ping_status":"closed","sticky":false,"template":"","format":"standard","meta":{"footnotes":""},"categories":[38],"tags":[],"class_list":{"0":"post-61577","1":"post","2":"type-post","3":"status-publish","4":"format-standard","5":"has-post-thumbnail","7":"category-municipios"},"_links":{"self":[{"href":"https:\/\/senoticias.com.br\/se\/wp-json\/wp\/v2\/posts\/61577"}],"collection":[{"href":"https:\/\/senoticias.com.br\/se\/wp-json\/wp\/v2\/posts"}],"about":[{"href":"https:\/\/senoticias.com.br\/se\/wp-json\/wp\/v2\/types\/post"}],"author":[{"embeddable":true,"href":"https:\/\/senoticias.com.br\/se\/wp-json\/wp\/v2\/users\/1"}],"replies":[{"embeddable":true,"href":"https:\/\/senoticias.com.br\/se\/wp-json\/wp\/v2\/comments?post=61577"}],"version-history":[{"count":0,"href":"https:\/\/senoticias.com.br\/se\/wp-json\/wp\/v2\/posts\/61577\/revisions"}],"wp:featuredmedia":[{"embeddable":true,"href":"https:\/\/senoticias.com.br\/se\/wp-json\/wp\/v2\/media\/61578"}],"wp:attachment":[{"href":"https:\/\/senoticias.com.br\/se\/wp-json\/wp\/v2\/media?parent=61577"}],"wp:term":[{"taxonomy":"category","embeddable":true,"href":"https:\/\/senoticias.com.br\/se\/wp-json\/wp\/v2\/categories?post=61577"},{"taxonomy":"post_tag","embeddable":true,"href":"https:\/\/senoticias.com.br\/se\/wp-json\/wp\/v2\/tags?post=61577"}],"curies":[{"name":"wp","href":"https:\/\/api.w.org\/{rel}","templated":true}]}}