{"id":61574,"date":"2014-03-24T20:11:24","date_gmt":"2014-03-24T23:11:24","guid":{"rendered":"http:\/\/senoticias.com.br\/se\/?p=61574"},"modified":"2014-03-24T20:11:24","modified_gmt":"2014-03-24T23:11:24","slug":"se-ganha-camara-de-monitoramento-do-brasil-seguro","status":"publish","type":"post","link":"https:\/\/senoticias.com.br\/se\/se-ganha-camara-de-monitoramento-do-brasil-seguro\/","title":{"rendered":"SE ganha c\u00e2mara de monitoramento do Brasil Seguro"},"content":{"rendered":"<div id=\"attachment_61575\" style=\"width: 310px\" class=\"wp-caption alignright\"><a href=\"http:\/\/senoticias.com.br\/se\/wp-content\/uploads\/2014\/03\/grande-mais_seguro_240314.jpg\"><img loading=\"lazy\" decoding=\"async\" aria-describedby=\"caption-attachment-61575\" class=\"size-medium wp-image-61575\" alt=\"Programa Brasil Mais Seguro (Foto: Divulga\u00e7\u00e3o)\" src=\"http:\/\/senoticias.com.br\/se\/wp-content\/uploads\/2014\/03\/grande-mais_seguro_240314-300x199.jpg\" width=\"300\" height=\"199\" srcset=\"https:\/\/senoticias.com.br\/se\/wp-content\/uploads\/2014\/03\/grande-mais_seguro_240314-300x199.jpg 300w, https:\/\/senoticias.com.br\/se\/wp-content\/uploads\/2014\/03\/grande-mais_seguro_240314-342x227.jpg 342w, https:\/\/senoticias.com.br\/se\/wp-content\/uploads\/2014\/03\/grande-mais_seguro_240314.jpg 1000w\" sizes=\"(max-width: 300px) 100vw, 300px\" \/><\/a><p id=\"caption-attachment-61575\" class=\"wp-caption-text\">Programa Brasil Mais Seguro (Foto: Divulga\u00e7\u00e3o)<\/p><\/div>\n<p style=\"text-align: justify;\">O secret\u00e1rio de Reforma do Judici\u00e1rio do Minist\u00e9rio da Justi\u00e7a (SRJ\/MJ), Fl\u00e1vio Crocce Caetano, participou, nesta segunda-feira (24), da instala\u00e7\u00e3o da C\u00e2mara de Monitoramento de Inqu\u00e9ritos e Processos Judiciais e do lan\u00e7amento da cartilha do Programa Brasil Mais Seguro, em Sergipe. O evento reuniu representantes do Tribunal de Justi\u00e7a, Minist\u00e9rio P\u00fablico, Defensoria P\u00fablica e Governo de Sergipe, a sede do TJ.<\/p>\n<p style=\"text-align: justify;\">O conte\u00fado da cartilha Brasil Mais Seguro tem como objetivo apoiar os estados no processo de implementa\u00e7\u00e3o da C\u00e2mara de Monitoramento de Inqu\u00e9ritos e Processos Judiciais, al\u00e9m de orientar os \u00f3rg\u00e3os e institui\u00e7\u00f5es do Sistema de Justi\u00e7a Criminal a estabelecer par\u00e2metros para operacionalizar as a\u00e7\u00f5es de prote\u00e7\u00e3o social.<\/p>\n<p style=\"text-align: justify;\">O Programa Brasil Mais Seguro, lan\u00e7ado em 2012 pelo governo federal, faz parte do Plano Nacional de Seguran\u00e7a P\u00fablica do MJ. O objetivo do programa \u00e9 promover uma atua\u00e7\u00e3o qualificada e eficiente dos \u00f3rg\u00e3os de seguran\u00e7a p\u00fablica, de justi\u00e7a criminal e do sistema prisional, e com isso reduzir a criminalidade no pa\u00eds.<\/p>\n<p style=\"text-align: justify;\">As a\u00e7\u00f5es do programa s\u00e3o formuladas por meio da SRJ, da Secretaria Nacional de Seguran\u00e7a P\u00fablica (Senasp) e pelo Departamento Penitenci\u00e1rio Nacional (Depen). A implementa\u00e7\u00e3o das a\u00e7\u00f5es \u00e9 realizada por meio de parcerias entre as unidades federais, governos estaduais e o Sistema de Justi\u00e7a.<\/p>\n<p style=\"text-align: justify;\">A SRJ atua no eixo de articula\u00e7\u00e3o com o Sistema de Justi\u00e7a Criminal. Dentro desta atua\u00e7\u00e3o, a SRJ realiza for\u00e7as-tarefa, institui mecanismos de di\u00e1logo entre os \u00f3rg\u00e3os de Seguran\u00e7a P\u00fablica, Minist\u00e9rio P\u00fablico, Defensoria P\u00fablica e Tribunais de Justi\u00e7a para aumentar a celeridade processual, e capacita os profissionais envolvidos no sistema de amplia\u00e7\u00e3o do acesso \u00e0 justi\u00e7a.<\/p>\n<p style=\"text-align: justify;\"><em>Fonte: Minist\u00e9rio da Justi\u00e7a\u00a0<\/em><\/p>\n<p style=\"text-align: justify;\"><strong>Siga o SE Not\u00edcias pelo <a href=\"https:\/\/twitter.com\/Senoticias\" target=\"_blank\">Twitter<\/a> e curta no <a href=\"https:\/\/www.facebook.com\/PortalSENoticias?ref=hl\" target=\"_blank\">Facebook\u00a0<\/a><\/strong><\/p>\n","protected":false},"excerpt":{"rendered":"<p>O secret\u00e1rio de Reforma do Judici\u00e1rio do Minist\u00e9rio da Justi\u00e7a (SRJ\/MJ), Fl\u00e1vio Crocce Caetano, participou, nesta segunda-feira (24), da instala\u00e7\u00e3o da C\u00e2mara de Monitoramento de Inqu\u00e9ritos e Processos Judiciais e do lan\u00e7amento da cartilha do Programa Brasil Mais Seguro, em Sergipe. O evento reuniu representantes do Tribunal de Justi\u00e7a, Minist\u00e9rio P\u00fablico, Defensoria P\u00fablica e Governo [&hellip;]<\/p>\n","protected":false},"author":1,"featured_media":61575,"comment_status":"closed","ping_status":"closed","sticky":false,"template":"","format":"standard","meta":{"footnotes":""},"categories":[38],"tags":[],"class_list":{"0":"post-61574","1":"post","2":"type-post","3":"status-publish","4":"format-standard","5":"has-post-thumbnail","7":"category-municipios"},"_links":{"self":[{"href":"https:\/\/senoticias.com.br\/se\/wp-json\/wp\/v2\/posts\/61574"}],"collection":[{"href":"https:\/\/senoticias.com.br\/se\/wp-json\/wp\/v2\/posts"}],"about":[{"href":"https:\/\/senoticias.com.br\/se\/wp-json\/wp\/v2\/types\/post"}],"author":[{"embeddable":true,"href":"https:\/\/senoticias.com.br\/se\/wp-json\/wp\/v2\/users\/1"}],"replies":[{"embeddable":true,"href":"https:\/\/senoticias.com.br\/se\/wp-json\/wp\/v2\/comments?post=61574"}],"version-history":[{"count":0,"href":"https:\/\/senoticias.com.br\/se\/wp-json\/wp\/v2\/posts\/61574\/revisions"}],"wp:featuredmedia":[{"embeddable":true,"href":"https:\/\/senoticias.com.br\/se\/wp-json\/wp\/v2\/media\/61575"}],"wp:attachment":[{"href":"https:\/\/senoticias.com.br\/se\/wp-json\/wp\/v2\/media?parent=61574"}],"wp:term":[{"taxonomy":"category","embeddable":true,"href":"https:\/\/senoticias.com.br\/se\/wp-json\/wp\/v2\/categories?post=61574"},{"taxonomy":"post_tag","embeddable":true,"href":"https:\/\/senoticias.com.br\/se\/wp-json\/wp\/v2\/tags?post=61574"}],"curies":[{"name":"wp","href":"https:\/\/api.w.org\/{rel}","templated":true}]}}