{"id":61571,"date":"2014-03-24T19:00:00","date_gmt":"2014-03-24T22:00:00","guid":{"rendered":"http:\/\/senoticias.com.br\/se\/?p=61571"},"modified":"2014-03-25T17:10:13","modified_gmt":"2014-03-25T20:10:13","slug":"sindijor-e-petrobras-se-reunem-para-avaliar-criacao-de-premio-de-jornalismo","status":"publish","type":"post","link":"https:\/\/senoticias.com.br\/se\/sindijor-e-petrobras-se-reunem-para-avaliar-criacao-de-premio-de-jornalismo\/","title":{"rendered":"SINDIJOR e PETROBRAS se re\u00fanem para avaliar cria\u00e7\u00e3o de Pr\u00eamio de Jornalismo"},"content":{"rendered":"<p style=\"text-align: justify;\" align=\"center\"><b>\u00a0<\/b><\/p>\n<div id=\"attachment_61572\" style=\"width: 310px\" class=\"wp-caption alignright\"><a href=\"http:\/\/senoticias.com.br\/se\/wp-content\/uploads\/2014\/03\/foto-2.jpg\"><img loading=\"lazy\" decoding=\"async\" aria-describedby=\"caption-attachment-61572\" class=\"size-medium wp-image-61572\" alt=\"A reuni\u00e3o contou ainda com as presen\u00e7as dos diretores do SINDIJOR, Joedson Telles, K\u00e1tia Paim e Noel Lino. (Divulga\u00e7\u00e3o\/Sindijor)\" src=\"http:\/\/senoticias.com.br\/se\/wp-content\/uploads\/2014\/03\/foto-2-300x167.jpg\" width=\"300\" height=\"167\" srcset=\"https:\/\/senoticias.com.br\/se\/wp-content\/uploads\/2014\/03\/foto-2-300x167.jpg 300w, https:\/\/senoticias.com.br\/se\/wp-content\/uploads\/2014\/03\/foto-2-342x191.jpg 342w, https:\/\/senoticias.com.br\/se\/wp-content\/uploads\/2014\/03\/foto-2.jpg 579w\" sizes=\"(max-width: 300px) 100vw, 300px\" \/><\/a><p id=\"caption-attachment-61572\" class=\"wp-caption-text\">A reuni\u00e3o contou ainda com as presen\u00e7as dos diretores do SINDIJOR, Joedson Telles, K\u00e1tia Paim e Noel Lino. (Divulga\u00e7\u00e3o\/Sindijor)<\/p><\/div>\n<p style=\"text-align: justify;\">A retomada do Pr\u00eamio Petrobras de Jornalismo. Esse foi o objetivo da reuni\u00e3o do Sindicato dos Jornalistas de Sergipe (SINDIJOR-SE) com a diretoria de Comunica\u00e7\u00e3o da Petrobras SE\/AL, realizada na semana passada, na sede da estatal.<\/p>\n<p style=\"text-align: justify;\">O pr\u00eamio, que n\u00e3o \u00e9 realizado desde 2008, dever\u00e1 ser retomado ainda este ano, como forma de valorizar os profissionais da imprensa e fortalecer o Jornalismo em Sergipe.<\/p>\n<p style=\"text-align: justify;\">O diretor de Comunica\u00e7\u00e3o da Petrobras, Luiz Roberto, admitiu o interesse da empresa petrol\u00edfera em resgatar o pr\u00eamio. Para ele, uma parceria com o SINDIJOR s\u00f3 engrandece a empresa e fortalece o Jornalismo.<\/p>\n<p style=\"text-align: justify;\">\u201cPara n\u00f3s da Petrobras \u00e9 muito importante essa parceria com o SINDIJOR, que muito engrandece a empresa e ajuda a fortalecer o Jornalismo em Sergipe. A Petrobras tem interesse em reativar este pr\u00eamio como prova do respeito a esta categoria, que \u00e9 indispens\u00e1vel para o fortalecimento da nossa democracia e da sociedade. Vamos avaliar o projeto e discutir a sua viabilidade\u201d, admite.<\/p>\n<p style=\"text-align: justify;\">Para o presidente do SINDIJOR, Paulo Sousa, reativar o Pr\u00eamio Petrobras de Jornalismo \u00e9 uma quest\u00e3o de orgulho para a atual Diretoria do Sindicato.<\/p>\n<p style=\"text-align: justify;\">\u201cEsse \u00e9 um dos pr\u00eamios mais importantes do Jornalismo sergipano e que muito orgulha os jornalistas. Por isso, vamos fazer de tudo para conseguirmos sua aprova\u00e7\u00e3o j\u00e1 para este ano. Um pr\u00eamio deste n\u00edvel engrandece o Jornalismo e estimula os profissionais no desenvolvimento de reportagens que contribuam positivamente para a sociedade. Estou confiante que vamos lan\u00e7ar o pr\u00eamio ainda este ano\u201d, diz Paulo, acrescentando que uma das novidades ser\u00e1 a inclus\u00e3o da categoria Assessor de Imprensa na premia\u00e7\u00e3o.<\/p>\n<p style=\"text-align: justify;\"><strong>\u00a0Siga o SE Not\u00edcias pelo<a href=\"https:\/\/twitter.com\/Senoticias\" target=\"_blank\"> Twitter <\/a>e curta no<a href=\"  https:\/\/www.facebook.com\/PortalSENoticias\" target=\"_blank\"> Facebook<\/a><\/strong><\/p>\n<p style=\"text-align: justify;\"><strong><em>\u00a0Ascom\/SINDIJOR\/SE<\/em><\/strong><\/p>\n","protected":false},"excerpt":{"rendered":"<p>\u00a0 A retomada do Pr\u00eamio Petrobras de Jornalismo. Esse foi o objetivo da reuni\u00e3o do Sindicato dos Jornalistas de Sergipe (SINDIJOR-SE) com a diretoria de Comunica\u00e7\u00e3o da Petrobras SE\/AL, realizada na semana passada, na sede da estatal. O pr\u00eamio, que n\u00e3o \u00e9 realizado desde 2008, dever\u00e1 ser retomado ainda este ano, como forma de valorizar [&hellip;]<\/p>\n","protected":false},"author":1,"featured_media":61572,"comment_status":"closed","ping_status":"closed","sticky":false,"template":"","format":"standard","meta":{"footnotes":""},"categories":[6],"tags":[],"class_list":{"0":"post-61571","1":"post","2":"type-post","3":"status-publish","4":"format-standard","5":"has-post-thumbnail","7":"category-politica"},"_links":{"self":[{"href":"https:\/\/senoticias.com.br\/se\/wp-json\/wp\/v2\/posts\/61571"}],"collection":[{"href":"https:\/\/senoticias.com.br\/se\/wp-json\/wp\/v2\/posts"}],"about":[{"href":"https:\/\/senoticias.com.br\/se\/wp-json\/wp\/v2\/types\/post"}],"author":[{"embeddable":true,"href":"https:\/\/senoticias.com.br\/se\/wp-json\/wp\/v2\/users\/1"}],"replies":[{"embeddable":true,"href":"https:\/\/senoticias.com.br\/se\/wp-json\/wp\/v2\/comments?post=61571"}],"version-history":[{"count":0,"href":"https:\/\/senoticias.com.br\/se\/wp-json\/wp\/v2\/posts\/61571\/revisions"}],"wp:featuredmedia":[{"embeddable":true,"href":"https:\/\/senoticias.com.br\/se\/wp-json\/wp\/v2\/media\/61572"}],"wp:attachment":[{"href":"https:\/\/senoticias.com.br\/se\/wp-json\/wp\/v2\/media?parent=61571"}],"wp:term":[{"taxonomy":"category","embeddable":true,"href":"https:\/\/senoticias.com.br\/se\/wp-json\/wp\/v2\/categories?post=61571"},{"taxonomy":"post_tag","embeddable":true,"href":"https:\/\/senoticias.com.br\/se\/wp-json\/wp\/v2\/tags?post=61571"}],"curies":[{"name":"wp","href":"https:\/\/api.w.org\/{rel}","templated":true}]}}