{"id":61569,"date":"2014-03-24T18:41:32","date_gmt":"2014-03-24T21:41:32","guid":{"rendered":"http:\/\/senoticias.com.br\/se\/?p=61569"},"modified":"2014-03-24T18:41:32","modified_gmt":"2014-03-24T21:41:32","slug":"policia-prende-traficante-com-15-kg-de-cocaina-em-nossa-senhora-do-socorro","status":"publish","type":"post","link":"https:\/\/senoticias.com.br\/se\/policia-prende-traficante-com-15-kg-de-cocaina-em-nossa-senhora-do-socorro\/","title":{"rendered":"Pol\u00edcia prende traficante com 1,5 Kg de coca\u00edna em Nossa Senhora do Socorro"},"content":{"rendered":"<div id=\"attachment_61570\" style=\"width: 235px\" class=\"wp-caption alignright\"><a href=\"http:\/\/senoticias.com.br\/se\/wp-content\/uploads\/2014\/03\/preso-e1395697182455.jpg\"><img loading=\"lazy\" decoding=\"async\" aria-describedby=\"caption-attachment-61570\" class=\"size-medium wp-image-61570\" alt=\"Isaias Matias Gomes dos Anjos, 19 anos. (Foto: SSP\/SE)\" src=\"http:\/\/senoticias.com.br\/se\/wp-content\/uploads\/2014\/03\/preso-e1395697182455-225x300.jpg\" width=\"225\" height=\"300\" srcset=\"https:\/\/senoticias.com.br\/se\/wp-content\/uploads\/2014\/03\/preso-e1395697182455-225x300.jpg 225w, https:\/\/senoticias.com.br\/se\/wp-content\/uploads\/2014\/03\/preso-e1395697182455.jpg 515w\" sizes=\"(max-width: 225px) 100vw, 225px\" \/><\/a><p id=\"caption-attachment-61570\" class=\"wp-caption-text\">Isaias Matias Gomes dos Anjos, 19 anos. (Foto: SSP\/SE)<\/p><\/div>\n<p style=\"text-align: justify;\">Policiais civis lotados no Departamento de Narc\u00f3ticos (Denarc) prenderam em flagrante na \u00faltima sexta-feira, 21, Isaias Matias Gomes dos Anjos, 19 anos, acusado pelo crime de tr\u00e1fico de drogas.<\/p>\n<p style=\"text-align: justify;\">\u00a0De acordo com o delegado Andr\u00e9 Baronto, Isaias foi preso no bairro Tai\u00e7oca de Dentro, munic\u00edpio de Nossa Senhora do Socorro. &#8220;Mais uma vez esta pris\u00e3o foi poss\u00edvel devido \u00e0 ajuda da popula\u00e7\u00e3o, atrav\u00e9s do Disque Den\u00fancia 181&#8221;, disse o delegado.<\/p>\n<p style=\"text-align: justify;\">\u00a0\u00a0\u201cPoliciais do Denarc, ap\u00f3s receberem a informa\u00e7\u00e3o com as caracter\u00edsticas de um indiv\u00edduo que estaria transportando um uma grande quantidade de coca\u00edna nas imedia\u00e7\u00f5es do bairro Tai\u00e7oca de Dentro, seguiram para o local. Durante a abordagem a Isaias foi constatado a veracidade das informa\u00e7\u00f5es, sendo ent\u00e3o apreendido aproximadamente 1,5 quilos de coca\u00edna,\u201d informou Baronto.<\/p>\n<p><strong>Siga o SE Not\u00edcias pelo<a href=\"https:\/\/twitter.com\/Senoticias\" target=\"_blank\"> Twitter<\/a> e curta no <a href=\" https:\/\/www.facebook.com\/PortalSENoticias\" target=\"_blank\">Facebook<\/a><\/strong><\/p>\n<p><strong><em>Informa\u00e7\u00e3o da SSP\/SE<\/em><\/strong><\/p>\n","protected":false},"excerpt":{"rendered":"<p>Policiais civis lotados no Departamento de Narc\u00f3ticos (Denarc) prenderam em flagrante na \u00faltima sexta-feira, 21, Isaias Matias Gomes dos Anjos, 19 anos, acusado pelo crime de tr\u00e1fico de drogas. \u00a0De acordo com o delegado Andr\u00e9 Baronto, Isaias foi preso no bairro Tai\u00e7oca de Dentro, munic\u00edpio de Nossa Senhora do Socorro. &#8220;Mais uma vez esta pris\u00e3o [&hellip;]<\/p>\n","protected":false},"author":1,"featured_media":61570,"comment_status":"closed","ping_status":"closed","sticky":false,"template":"","format":"standard","meta":{"footnotes":""},"categories":[7],"tags":[],"class_list":{"0":"post-61569","1":"post","2":"type-post","3":"status-publish","4":"format-standard","5":"has-post-thumbnail","7":"category-policia"},"_links":{"self":[{"href":"https:\/\/senoticias.com.br\/se\/wp-json\/wp\/v2\/posts\/61569"}],"collection":[{"href":"https:\/\/senoticias.com.br\/se\/wp-json\/wp\/v2\/posts"}],"about":[{"href":"https:\/\/senoticias.com.br\/se\/wp-json\/wp\/v2\/types\/post"}],"author":[{"embeddable":true,"href":"https:\/\/senoticias.com.br\/se\/wp-json\/wp\/v2\/users\/1"}],"replies":[{"embeddable":true,"href":"https:\/\/senoticias.com.br\/se\/wp-json\/wp\/v2\/comments?post=61569"}],"version-history":[{"count":0,"href":"https:\/\/senoticias.com.br\/se\/wp-json\/wp\/v2\/posts\/61569\/revisions"}],"wp:featuredmedia":[{"embeddable":true,"href":"https:\/\/senoticias.com.br\/se\/wp-json\/wp\/v2\/media\/61570"}],"wp:attachment":[{"href":"https:\/\/senoticias.com.br\/se\/wp-json\/wp\/v2\/media?parent=61569"}],"wp:term":[{"taxonomy":"category","embeddable":true,"href":"https:\/\/senoticias.com.br\/se\/wp-json\/wp\/v2\/categories?post=61569"},{"taxonomy":"post_tag","embeddable":true,"href":"https:\/\/senoticias.com.br\/se\/wp-json\/wp\/v2\/tags?post=61569"}],"curies":[{"name":"wp","href":"https:\/\/api.w.org\/{rel}","templated":true}]}}