{"id":61564,"date":"2014-03-24T18:02:12","date_gmt":"2014-03-24T21:02:12","guid":{"rendered":"http:\/\/senoticias.com.br\/se\/?p=61564"},"modified":"2014-03-25T14:13:45","modified_gmt":"2014-03-25T17:13:45","slug":"divulgada-a-programacao-da-49a-feira-do-caminhao-de-itabaiana","status":"publish","type":"post","link":"https:\/\/senoticias.com.br\/se\/divulgada-a-programacao-da-49a-feira-do-caminhao-de-itabaiana\/","title":{"rendered":"Divulgada a programa\u00e7\u00e3o da 49\u00aa Feira do Caminh\u00e3o de Itabaiana"},"content":{"rendered":"<div id=\"attachment_61565\" style=\"width: 245px\" class=\"wp-caption alignright\"><a href=\"http:\/\/senoticias.com.br\/se\/wp-content\/uploads\/2014\/03\/24032014-feira-do-caminhao.jpg\"><img loading=\"lazy\" decoding=\"async\" aria-describedby=\"caption-attachment-61565\" class=\"size-medium wp-image-61565\" alt=\"Prefeito re\u00fane a imprensa para divulgar as atra\u00e7\u00f5es art\u00edsticas que se apresentar\u00e3o entre 7 e 12 de junho\" src=\"http:\/\/senoticias.com.br\/se\/wp-content\/uploads\/2014\/03\/24032014-feira-do-caminhao-235x300.jpg\" width=\"235\" height=\"300\" srcset=\"https:\/\/senoticias.com.br\/se\/wp-content\/uploads\/2014\/03\/24032014-feira-do-caminhao-235x300.jpg 235w, https:\/\/senoticias.com.br\/se\/wp-content\/uploads\/2014\/03\/24032014-feira-do-caminhao.jpg 629w\" sizes=\"(max-width: 235px) 100vw, 235px\" \/><\/a><p id=\"caption-attachment-61565\" class=\"wp-caption-text\">Prefeito re\u00fane a imprensa para divulgar as atra\u00e7\u00f5es art\u00edsticas que se apresentar\u00e3o entre 7 e 12 de junho<\/p><\/div>\n<p style=\"text-align: justify;\">\u201cUm compromisso que assumi em campanha e que j\u00e1 venho cumprindo desde o ano passado: festa em Itabaiana tem que ser no n\u00edvel da nossa cidade\u201d. Com essa afirma\u00e7\u00e3o, o prefeito de Itabaiana, Valmir de Francisquinho, apresentou a programa\u00e7\u00e3o oficial da 49\u00aa Feira do Caminh\u00e3o, de 7 a 12 de junho, a mais tradicional festa do interior sergipano, que est\u00e1 oficialmente inclusa no calend\u00e1rio nacional de grandes festas, j\u00e1 que desde 2013, por indica\u00e7\u00e3o do senador Eduardo Amorim no Senado Federal, Itabaiana \u00e9 considerada a Capital Nacional do Caminh\u00e3o.<\/p>\n<p>\u201cN\u00e3o se trata de uma mera festa. Se trata da grande festa itabaianense, em que o povo sergipano e brasileiro vem conhecer de perto nossa cidade e nossa gente. Por isso que caprichamos ao m\u00e1ximo na escolha, variedade e qualidade das atra\u00e7\u00f5es\u201d, assegurou Valmir de Francisquinho.<\/p>\n<p>Al\u00e9m de atra\u00e7\u00f5es musicais de renome nacional, como Zez\u00e9 de Camargo &amp; Luciano, Leonardo, Garota Safada e Avi\u00f5es do Forr\u00f3, a festa contempla o p\u00fablico cat\u00f3lico, com show do Pe. Jo\u00e3ozinho, e os artistas locais, como Ant\u00f4nio o Clone, Alma G\u00eamea e Gal\u00e3 da vaquejada, dentre outros (confira programa\u00e7\u00e3o completa logo abaixo).<\/p>\n<p>\u201cTemos tido uma \u00f3tima recep\u00e7\u00e3o dos empres\u00e1rios do setor de transportes e de demais \u00e1reas que vir\u00e3o abrilhantar a nossa festa com a apresenta\u00e7\u00e3o de seus respectivos produtos em estandes\u201d, observou o secret\u00e1rio da Ind\u00fastria, Com\u00e9rcio e Turismo, Altamiro Brasil. Vale ressaltar que a 49\u00aa Feira do Caminh\u00e3o apresentar\u00e1 uma novidade em 2014: a \u00e1rea de neg\u00f3cios ser\u00e1 montada no Espa\u00e7o Jovem, anexo a Pra\u00e7a de Eventos, local aonde acontecer\u00e3o os shows.<\/p>\n<p>Al\u00e9m de tudo isso, este ano a festa apresentar\u00e1 outra surpresa ao p\u00fablico. Na escolha da Rainha do Caminhoneiro, Itabaiana tamb\u00e9m mostrar\u00e1 ao Brasil a beleza das suas crian\u00e7as, com a escolha da Rainha do Caminhoneiro Mirim. \u201cEssa escolha vem para garantir as meninas uma participa\u00e7\u00e3o a altura, j\u00e1 que na mini carreata tradicional, maioria dos participantes s\u00e3o os meninos. Buscamos oferecer uma festa que contemple a todos\u201d, avaliou o diretor de Departamento de Eventos, Alex Geoba.<\/p>\n<p>Por fim, al\u00e9m das atra\u00e7\u00f5es musicais e comerciais, a festa itabaianense se torna um grande congra\u00e7amento religioso, j\u00e1 que no dia 13 de junho, dia de Santo Ant\u00f4nio, a popula\u00e7\u00e3o da cidade, bem como dos munic\u00edpios circunvizinhos, fecha os festejos com a maior prociss\u00e3o do interior sergipano.<\/p>\n<p><strong>Confira a programa\u00e7\u00e3o completa da 49\u00aa Feira do Caminh\u00e3o de Itabaiana:<\/strong><\/p>\n<p><strong>DIA 07\/06 \u2013 S\u00c1BADO<\/strong><br \/>\n20:30 h- Show religioso com Padre Jo\u00e3ozinho Pra\u00e7a Fausto Cardoso (Ao lado da igreja Matriz)<\/p>\n<p><strong>DIA 08\/06 \u2013 DOMINGO<\/strong><br \/>\n08:00h &#8211; Carreata Mirim 20:30h &#8211; Concurso Rainha do Caminhoneiro (Pra\u00e7a de Eventos)<\/p>\n<p><strong>DIA 09\/06 \u2013 SEGUNDA-FEIRA<\/strong><br \/>\n14:00h \u2013 Abertura dos Estandes \u2013 in\u00edcio da feira<br \/>\n21:30h \u2013 Encerramento das Atividades<\/p>\n<p><strong>DIA 10\/06 \u2013 TER\u00c7A FEIRA<\/strong><br \/>\n14:00h \u2013 Abertura dos Estandes<br \/>\n21:30h \u2013 Encerramento das Atividades<br \/>\n22:00h \u2013 Xote Bom<br \/>\n22:30h \u2013 Ant\u00f4nio O Clone 00:30h \u2013 L\u00e9o Wander<br \/>\n01:30h \u2013 AVI\u00d5ES DO FORR\u00d3<br \/>\n03:30h \u2013 J\u00e2nio Linhares &amp; Forroz\u00e3o Pimenta Ralada<\/p>\n<p><strong>DIA 11\/06 \u2013 QUARTA \u2013 FEIRA<\/strong><br \/>\n14:00h \u2013 Abertura dos Estandes<br \/>\n21:30h \u2013 Encerramento das Atividades<br \/>\n22:00h \u2013 Cheiro Nordestino<br \/>\n23:30h \u2013 LEONARDO<br \/>\n00:30h \u2013 Cora\u00e7\u00e3o Xonado<br \/>\n01:30h \u2013 WESLEY SAFAD\u00c3O &amp; BANDA GAROTA SAFADA<br \/>\n03:30h \u2013 Carlos Greg<\/p>\n<p><strong>DIA 12\/06 \u2013 QUINTA- FEIRA<\/strong><br \/>\n14:00h \u2013 Abertura dos Estandes<br \/>\n21:30h \u2013 Encerramento das Atividades<br \/>\n22:00h \u2013 Gal\u00e3 da Vaquejada<br \/>\n23:30h \u2013 ZEZ\u00c9 DE CAMARGO &amp; LUCIANO<br \/>\n00:30h &#8211; Ja\u00edlson Lima<br \/>\n01:30h \u2013 Roj\u00e3o diferente<br \/>\n03:30h \u2013 Alma G\u00eamea<\/p>\n<p><strong>DIA 13\/06 \u2013 SEXTA-FEIRA<\/strong><br \/>\n16:00h \u2013 Prociss\u00e3o de Santo Ant\u00f4nio<\/p>\n<p><strong>Siga o SE Not\u00edcias pelo <a href=\"https:\/\/twitter.com\/Senoticias\" target=\"_blank\">Twitter<\/a> e curta no <a href=\" https:\/\/www.facebook.com\/PortalSENoticias\" target=\"_blank\">Facebook<\/a><\/strong><\/p>\n<p><em><strong>Da Secom\/Itabaiana<\/strong><\/em><\/p>\n","protected":false},"excerpt":{"rendered":"<p>\u201cUm compromisso que assumi em campanha e que j\u00e1 venho cumprindo desde o ano passado: festa em Itabaiana tem que ser no n\u00edvel da nossa cidade\u201d. Com essa afirma\u00e7\u00e3o, o prefeito de Itabaiana, Valmir de Francisquinho, apresentou a programa\u00e7\u00e3o oficial da 49\u00aa Feira do Caminh\u00e3o, de 7 a 12 de junho, a mais tradicional festa [&hellip;]<\/p>\n","protected":false},"author":1,"featured_media":61565,"comment_status":"closed","ping_status":"closed","sticky":false,"template":"","format":"standard","meta":{"footnotes":""},"categories":[310,38],"tags":[],"class_list":{"0":"post-61564","1":"post","2":"type-post","3":"status-publish","4":"format-standard","5":"has-post-thumbnail","7":"category-destaques-da-semana","8":"category-municipios"},"_links":{"self":[{"href":"https:\/\/senoticias.com.br\/se\/wp-json\/wp\/v2\/posts\/61564"}],"collection":[{"href":"https:\/\/senoticias.com.br\/se\/wp-json\/wp\/v2\/posts"}],"about":[{"href":"https:\/\/senoticias.com.br\/se\/wp-json\/wp\/v2\/types\/post"}],"author":[{"embeddable":true,"href":"https:\/\/senoticias.com.br\/se\/wp-json\/wp\/v2\/users\/1"}],"replies":[{"embeddable":true,"href":"https:\/\/senoticias.com.br\/se\/wp-json\/wp\/v2\/comments?post=61564"}],"version-history":[{"count":0,"href":"https:\/\/senoticias.com.br\/se\/wp-json\/wp\/v2\/posts\/61564\/revisions"}],"wp:featuredmedia":[{"embeddable":true,"href":"https:\/\/senoticias.com.br\/se\/wp-json\/wp\/v2\/media\/61565"}],"wp:attachment":[{"href":"https:\/\/senoticias.com.br\/se\/wp-json\/wp\/v2\/media?parent=61564"}],"wp:term":[{"taxonomy":"category","embeddable":true,"href":"https:\/\/senoticias.com.br\/se\/wp-json\/wp\/v2\/categories?post=61564"},{"taxonomy":"post_tag","embeddable":true,"href":"https:\/\/senoticias.com.br\/se\/wp-json\/wp\/v2\/tags?post=61564"}],"curies":[{"name":"wp","href":"https:\/\/api.w.org\/{rel}","templated":true}]}}