{"id":60131,"date":"2014-02-18T21:13:09","date_gmt":"2014-02-19T00:13:09","guid":{"rendered":"http:\/\/senoticias.com.br\/se\/?p=60131"},"modified":"2014-02-18T23:03:39","modified_gmt":"2014-02-19T02:03:39","slug":"congresso-nacional-adia-decisao-sobre-novos-municipios","status":"publish","type":"post","link":"https:\/\/senoticias.com.br\/se\/congresso-nacional-adia-decisao-sobre-novos-municipios\/","title":{"rendered":"Congresso Nacional adia decis\u00e3o sobre novos munic\u00edpios"},"content":{"rendered":"<p>&nbsp;<\/p>\n<div id=\"attachment_60132\" style=\"width: 310px\" class=\"wp-caption alignright\"><a href=\"http:\/\/senoticias.com.br\/se\/wp-content\/uploads\/2014\/02\/ag_modelo1_img1.jpg\"><img loading=\"lazy\" decoding=\"async\" aria-describedby=\"caption-attachment-60132\" class=\"size-medium wp-image-60132\" alt=\"Congresso debate a cria\u00e7\u00e3o de munic\u00edpios com galerias lotadas Congresso debate a cria\u00e7\u00e3o de munic\u00edpios com galerias lotadas. (Divulga\u00e7\u00e3o)\" src=\"http:\/\/senoticias.com.br\/se\/wp-content\/uploads\/2014\/02\/ag_modelo1_img1-300x160.jpg\" width=\"300\" height=\"160\" srcset=\"https:\/\/senoticias.com.br\/se\/wp-content\/uploads\/2014\/02\/ag_modelo1_img1-300x160.jpg 300w, https:\/\/senoticias.com.br\/se\/wp-content\/uploads\/2014\/02\/ag_modelo1_img1-342x183.jpg 342w, https:\/\/senoticias.com.br\/se\/wp-content\/uploads\/2014\/02\/ag_modelo1_img1.jpg 410w\" sizes=\"(max-width: 300px) 100vw, 300px\" \/><\/a><p id=\"caption-attachment-60132\" class=\"wp-caption-text\"><br \/>Congresso debate a cria\u00e7\u00e3o de munic\u00edpios com galerias lotadas. (Divulga\u00e7\u00e3o)<\/p><\/div>\n<p style=\"text-align: justify;\">O Congresso Nacional adiou a vota\u00e7\u00e3o de quatro vetos presidenciais que ocorreria nesta ter\u00e7a-feira (18). O deputado Andr\u00e9 Vargas, que presidia a sess\u00e3o, encerrou os trabalhos devido \u00e0 obstru\u00e7\u00e3o de todos os partidos na C\u00e2mara dos Deputados. A sess\u00e3o do Congresso foi remarcada pelo deputado para o dia 18 de mar\u00e7o.<\/p>\n<p style=\"text-align: justify;\">A falta de qu\u00f3rum de senadores na sess\u00e3o revoltou alguns deputados e foi o principal motivo que levou \u00e0 obstru\u00e7\u00e3o dos partidos. A obstru\u00e7\u00e3o foi feita durante an\u00e1lise de requerimento do l\u00edder do governo no Congresso, senador Jos\u00e9 Pimentel (PT-CE), que pedia o encerramento da discuss\u00e3o sobre o veto ao projeto que trata da cria\u00e7\u00e3o de novos munic\u00edpios (PLS 98\/2002 &#8211; Complementar). Com essa postura, os deputados n\u00e3o registram a presen\u00e7a no painel e n\u00e3o \u00e9 poss\u00edvel votar sem que haja, pelo menos, 257 deputados na sess\u00e3o.<\/p>\n<p style=\"text-align: justify;\">De acordo com o deputado Moreira Mendes (PSD-RO) o Senado fez uma manobra para prejudicar a derrubada do veto ao projeto que trata da cria\u00e7\u00e3o dos munic\u00edpios (VET 47\/2013). O texto, aprovado pelo Senado em outubro de 2013, foi integralmente vetado pela presidente no m\u00eas seguinte.<\/p>\n<p style=\"text-align: justify;\">Respondendo a cr\u00edticas de deputados, o l\u00edder do PSDB no Senado, senador Aloysio Nunes Ferreira (PSDB-SP) afirmou que os senadores da oposi\u00e7\u00e3o estavam presentes para votar e que o governo que fez uma \u201cmanobra s\u00f3rdida\u201d para providenciar o esvaziamento da sess\u00e3o.<\/p>\n<p style=\"text-align: justify;\">Tamb\u00e9m seriam analisados, nesta ter\u00e7a-feira, os vetos sobre o repasse de recursos p\u00fablicos \u00e0s universidades comunit\u00e1rias; o que normatiza a travessia de pedestres pr\u00f3ximos \u00e0s escolas; e o que regula a condu\u00e7\u00e3o de ve\u00edculos de emerg\u00eancia.<\/p>\n<p style=\"text-align: justify;\"><strong>Siga o SE Not\u00edcias pelo <a href=\"https:\/\/twitter.com\/Senoticias\" target=\"_blank\">Twitter <\/a>e curta no <a href=\" https:\/\/www.facebook.com\/PortalSENoticias\" target=\"_blank\">Facebook<\/a><\/strong><\/p>\n<p style=\"text-align: justify;\"><strong>Soraya Mendanha, da Ag\u00eancia Senado<\/strong><\/p>\n","protected":false},"excerpt":{"rendered":"<p>&nbsp; O Congresso Nacional adiou a vota\u00e7\u00e3o de quatro vetos presidenciais que ocorreria nesta ter\u00e7a-feira (18). O deputado Andr\u00e9 Vargas, que presidia a sess\u00e3o, encerrou os trabalhos devido \u00e0 obstru\u00e7\u00e3o de todos os partidos na C\u00e2mara dos Deputados. A sess\u00e3o do Congresso foi remarcada pelo deputado para o dia 18 de mar\u00e7o. A falta de [&hellip;]<\/p>\n","protected":false},"author":2,"featured_media":60132,"comment_status":"closed","ping_status":"closed","sticky":false,"template":"","format":"standard","meta":{"footnotes":""},"categories":[6],"tags":[],"class_list":{"0":"post-60131","1":"post","2":"type-post","3":"status-publish","4":"format-standard","5":"has-post-thumbnail","7":"category-politica"},"_links":{"self":[{"href":"https:\/\/senoticias.com.br\/se\/wp-json\/wp\/v2\/posts\/60131"}],"collection":[{"href":"https:\/\/senoticias.com.br\/se\/wp-json\/wp\/v2\/posts"}],"about":[{"href":"https:\/\/senoticias.com.br\/se\/wp-json\/wp\/v2\/types\/post"}],"author":[{"embeddable":true,"href":"https:\/\/senoticias.com.br\/se\/wp-json\/wp\/v2\/users\/2"}],"replies":[{"embeddable":true,"href":"https:\/\/senoticias.com.br\/se\/wp-json\/wp\/v2\/comments?post=60131"}],"version-history":[{"count":0,"href":"https:\/\/senoticias.com.br\/se\/wp-json\/wp\/v2\/posts\/60131\/revisions"}],"wp:featuredmedia":[{"embeddable":true,"href":"https:\/\/senoticias.com.br\/se\/wp-json\/wp\/v2\/media\/60132"}],"wp:attachment":[{"href":"https:\/\/senoticias.com.br\/se\/wp-json\/wp\/v2\/media?parent=60131"}],"wp:term":[{"taxonomy":"category","embeddable":true,"href":"https:\/\/senoticias.com.br\/se\/wp-json\/wp\/v2\/categories?post=60131"},{"taxonomy":"post_tag","embeddable":true,"href":"https:\/\/senoticias.com.br\/se\/wp-json\/wp\/v2\/tags?post=60131"}],"curies":[{"name":"wp","href":"https:\/\/api.w.org\/{rel}","templated":true}]}}