{"id":60126,"date":"2014-02-18T17:46:16","date_gmt":"2014-02-18T20:46:16","guid":{"rendered":"http:\/\/senoticias.com.br\/se\/?p=60126"},"modified":"2014-02-18T18:51:11","modified_gmt":"2014-02-18T21:51:11","slug":"lideres-partidarios-defendem-o-nome-de-joao-para-o-governo-de-sergipe","status":"publish","type":"post","link":"https:\/\/senoticias.com.br\/se\/lideres-partidarios-defendem-o-nome-de-joao-para-o-governo-de-sergipe\/","title":{"rendered":"L\u00edderes partid\u00e1rios defendem o nome de Jo\u00e3o para o Governo de Sergipe"},"content":{"rendered":"<p><span style=\"font-size: large;\"><b>\u00a0<\/b><\/span><\/p>\n<p><span style=\"font-size: large;\">\u00a0<\/span><\/p>\n<div id=\"attachment_43212\" style=\"width: 210px\" class=\"wp-caption alignright\"><a href=\"http:\/\/senoticias.com.br\/se\/wp-content\/uploads\/2013\/01\/Jo\u00e3o-Alves.jpeg\"><img loading=\"lazy\" decoding=\"async\" aria-describedby=\"caption-attachment-43212\" class=\"size-full wp-image-43212\" alt=\"L\u00edderes partid\u00e1rios defendem o nome de Jo\u00e3o para o Governo.   (Foto de arquivo: Di\u00f3genes Di)\" src=\"http:\/\/senoticias.com.br\/se\/wp-content\/uploads\/2013\/01\/Jo\u00e3o-Alves.jpeg\" width=\"200\" height=\"133\" \/><\/a><p id=\"caption-attachment-43212\" class=\"wp-caption-text\">L\u00edderes partid\u00e1rios defendem o nome de Jo\u00e3o para o Governo.<br \/>(Foto de arquivo: Di\u00f3genes Di)<\/p><\/div>\n<p style=\"text-align: justify;\">\n<p style=\"text-align: justify;\">Representantes dos diret\u00f3rios do PSDB, PPS, PMN e DEM se reuniram no final da tarde desta ter\u00e7a-feira (18) na sede do PSDB, em Aracaju, para juntos, anunciarem o desejo de ter como candidato a governador de Sergipe, nas elei\u00e7\u00f5es deste ano, o atual prefeito de Aracaju, Jo\u00e3o Alves Filho (DEM). Eles defendem que o democrata coloque o nome \u00e0 disposi\u00e7\u00e3o do partido, durante as conven\u00e7\u00f5es partid\u00e1rias.<\/p>\n<p style=\"text-align: justify;\">\n<p style=\"text-align: justify;\">\n<p style=\"text-align: justify;\">\n<p style=\"text-align: justify;\">\u201cEsse \u00e9 um desejo j\u00e1 expressado pelos tucanos de Sergipe e agora, ratificado pelos demais representantes dos partidos do bloco\u201d, afirmou o presidente do diret\u00f3rio estadual do PSDB, Roberto Goes. \u201cEntendemos que Jo\u00e3o tem um projeto importante para Sergipe e ele j\u00e1 deu demonstra\u00e7\u00f5es inequ\u00edvocas da sua capacidade administrativa, seja como prefeito, seja como governador\u201d, destacou Goes.<\/p>\n<p style=\"text-align: justify;\">\n<p style=\"text-align: justify;\">\n<p style=\"text-align: justify;\">\n<p style=\"text-align: justify;\">Para os dirigentes das agremia\u00e7\u00f5es, Jo\u00e3o re\u00fane todas as condi\u00e7\u00f5es para governar o Estado e esse \u00e9 um entendimento que vem sendo avaliado ao longo dos meses, considerando o atual quadro pol\u00edtico sucess\u00f3rio.<\/p>\n<p style=\"text-align: justify;\">\n<p style=\"text-align: justify;\">\n<p style=\"text-align: justify;\">\n<p style=\"text-align: justify;\">\u201cO PPS vai defender que Jo\u00e3o coloque o seu nome \u00e0 disposi\u00e7\u00e3o do partido. Ele n\u00e3o sendo candidato, n\u00e3o descartamos a possibilidade de termos candidatos pr\u00f3prio ao governo e ao Senado\u201d, disse o presidente Nilson Lima, ressaltando que o PPS s\u00f3 tem compromisso com o democrata.<\/p>\n<p style=\"text-align: justify;\"><span style=\"font-size: large;\">\u00a0<\/span><\/p>\n<p><strong>Siga o SE Not\u00edcias pelo <a href=\"https:\/\/twitter.com\/Senoticias\" target=\"_blank\">Twitter <\/a>e curta no <a href=\"https:\/\/www.facebook.com\/PortalSENoticias\" target=\"_blank\">Facebook<\/a><\/strong><\/p>\n<p style=\"text-align: justify;\"><strong>Da Assessoria de Imprensa<\/strong><\/p>\n","protected":false},"excerpt":{"rendered":"<p>\u00a0 \u00a0 Representantes dos diret\u00f3rios do PSDB, PPS, PMN e DEM se reuniram no final da tarde desta ter\u00e7a-feira (18) na sede do PSDB, em Aracaju, para juntos, anunciarem o desejo de ter como candidato a governador de Sergipe, nas elei\u00e7\u00f5es deste ano, o atual prefeito de Aracaju, Jo\u00e3o Alves Filho (DEM). Eles defendem que [&hellip;]<\/p>\n","protected":false},"author":1,"featured_media":43212,"comment_status":"closed","ping_status":"closed","sticky":false,"template":"","format":"standard","meta":{"footnotes":""},"categories":[6],"tags":[],"class_list":{"0":"post-60126","1":"post","2":"type-post","3":"status-publish","4":"format-standard","5":"has-post-thumbnail","7":"category-politica"},"_links":{"self":[{"href":"https:\/\/senoticias.com.br\/se\/wp-json\/wp\/v2\/posts\/60126"}],"collection":[{"href":"https:\/\/senoticias.com.br\/se\/wp-json\/wp\/v2\/posts"}],"about":[{"href":"https:\/\/senoticias.com.br\/se\/wp-json\/wp\/v2\/types\/post"}],"author":[{"embeddable":true,"href":"https:\/\/senoticias.com.br\/se\/wp-json\/wp\/v2\/users\/1"}],"replies":[{"embeddable":true,"href":"https:\/\/senoticias.com.br\/se\/wp-json\/wp\/v2\/comments?post=60126"}],"version-history":[{"count":0,"href":"https:\/\/senoticias.com.br\/se\/wp-json\/wp\/v2\/posts\/60126\/revisions"}],"wp:featuredmedia":[{"embeddable":true,"href":"https:\/\/senoticias.com.br\/se\/wp-json\/wp\/v2\/media\/43212"}],"wp:attachment":[{"href":"https:\/\/senoticias.com.br\/se\/wp-json\/wp\/v2\/media?parent=60126"}],"wp:term":[{"taxonomy":"category","embeddable":true,"href":"https:\/\/senoticias.com.br\/se\/wp-json\/wp\/v2\/categories?post=60126"},{"taxonomy":"post_tag","embeddable":true,"href":"https:\/\/senoticias.com.br\/se\/wp-json\/wp\/v2\/tags?post=60126"}],"curies":[{"name":"wp","href":"https:\/\/api.w.org\/{rel}","templated":true}]}}