{"id":60120,"date":"2014-02-18T16:58:27","date_gmt":"2014-02-18T19:58:27","guid":{"rendered":"http:\/\/senoticias.com.br\/se\/?p=60120"},"modified":"2014-02-18T18:37:10","modified_gmt":"2014-02-18T21:37:10","slug":"para-iran-discurso-de-joao-alves-esta-distante-da-realidade-vivenciada-pelo-povo-de-aracaju","status":"publish","type":"post","link":"https:\/\/senoticias.com.br\/se\/para-iran-discurso-de-joao-alves-esta-distante-da-realidade-vivenciada-pelo-povo-de-aracaju\/","title":{"rendered":"Para Iran, discurso de Jo\u00e3o Alves est\u00e1 distante da realidade vivenciada pelo povo de Aracaju"},"content":{"rendered":"<div id=\"attachment_60121\" style=\"width: 310px\" class=\"wp-caption alignright\"><a href=\"http:\/\/senoticias.com.br\/se\/wp-content\/uploads\/2014\/02\/unnamed.jpg\"><img loading=\"lazy\" decoding=\"async\" aria-describedby=\"caption-attachment-60121\" class=\"size-medium wp-image-60121\" alt=\"Vereador petista cobrou solu\u00e7\u00f5es em lugar de discursos. (divulga\u00e7\u00e3o\/Ascom)\" src=\"http:\/\/senoticias.com.br\/se\/wp-content\/uploads\/2014\/02\/unnamed-300x227.jpg\" width=\"300\" height=\"227\" srcset=\"https:\/\/senoticias.com.br\/se\/wp-content\/uploads\/2014\/02\/unnamed-300x227.jpg 300w, https:\/\/senoticias.com.br\/se\/wp-content\/uploads\/2014\/02\/unnamed-342x259.jpg 342w, https:\/\/senoticias.com.br\/se\/wp-content\/uploads\/2014\/02\/unnamed-60x45.jpg 60w, https:\/\/senoticias.com.br\/se\/wp-content\/uploads\/2014\/02\/unnamed-150x113.jpg 150w, https:\/\/senoticias.com.br\/se\/wp-content\/uploads\/2014\/02\/unnamed.jpg 591w\" sizes=\"(max-width: 300px) 100vw, 300px\" \/><\/a><p id=\"caption-attachment-60121\" class=\"wp-caption-text\">Vereador petista cobrou solu\u00e7\u00f5es em lugar de discursos. (divulga\u00e7\u00e3o\/Ascom)<\/p><\/div>\n<p style=\"text-align: justify;\">Na abertura dos trabalhos na C\u00e2mara Municipal de Aracaju, que recebeu, na manh\u00e3 desta ter\u00e7a-feira, 18\/2, o prefeito da capital, Jo\u00e3o Alves Filho (DEM), para a leitura da sua mensagem anual aos parlamentares, o vereador Iran Barbosa, do PT, fez cr\u00edticas ao discurso apresentado pelo prefeito, considerando-o \u201cmuito distante da realidade cotidiana vivida pela popula\u00e7\u00e3o\u201d.<\/p>\n<p style=\"text-align: justify;\">O petista destacou que, durante o recesso parlamentar, visitou diversos bairros da cidade. \u201cNeste sentido, trago um sentimento que n\u00e3o \u00e9 meu, mas que colhi das ruas, de que h\u00e1 um distanciamento entre o que \u00e9 colocado aqui, pelo prefeito, das obras e realiza\u00e7\u00f5es que ele diz que est\u00e3o sendo feitas, e o que a popula\u00e7\u00e3o v\u00ea e sente no seu dia a dia. \u00c9 preciso aproximar o discurso oficial e publicit\u00e1rio da realidade que \u00e9 enfrentada pela popula\u00e7\u00e3o todos os dias\u201d, afirmou.<\/p>\n<p style=\"text-align: justify;\">Para Iran, o compromisso assumido pelo prefeito junto \u00e0 popula\u00e7\u00e3o, durante a campanha, foi de que os problemas da cidade, que o ent\u00e3o candidato Jo\u00e3o Alves Filho conhecia e apontava, seriam resolvidos. \u201cSei que alguns desses problemas foram herdados, mas vejo que estamos distantes de ver a solu\u00e7\u00e3o que o senhor disse que apresentaria, e estou aqui para cobrar n\u00e3o outra coisa, sen\u00e3o o que o senhor prometeu em campanha: solucionar todos os problemas de Aracaju. E em um ano de gest\u00e3o, n\u00e3o houve solu\u00e7\u00e3o de nenhum deles e sim agravamento de muitos\u201d, enfatizou o vereador, diante do prefeito da cidade.<\/p>\n<p style=\"text-align: justify;\">Iran Barbosa apontou que problemas do cotidiano da cidade que eram menores, e at\u00e9 tinham sido superados por administra\u00e7\u00f5es passadas, ampliaram-se, tais como buracos nas ruas, limpeza urbana, ilumina\u00e7\u00e3o p\u00fablica, lixo acumulando em pontos espec\u00edficos e sujeira nos canais da cidade.<\/p>\n<p style=\"text-align: justify;\">\u201cEntendo que \u00e9 importante sim tratar dos problemas mais da macroestrutura da cidade, mas \u00e9 importante n\u00e3o esquecermos das quest\u00f5es do dia a dia, do que \u00e9 micro, dos pequenos servi\u00e7os, que t\u00eam rebatimento direto no cotidiano da popula\u00e7\u00e3o. E isso tem sido negligenciado nesta Administra\u00e7\u00e3o\u201d, apontou.<\/p>\n<p style=\"text-align: justify;\">De acordo com o petista, os problemas nos setores da Sa\u00fade e Educa\u00e7\u00e3o, bastante explorados pelo prefeito durante a campanha, tamb\u00e9m se agravaram na atual gest\u00e3o. \u201cNa educa\u00e7\u00e3o, por exemplo, n\u00e3o houve avan\u00e7o. \u00c9 preciso que se ou\u00e7a mais os educadores, e n\u00e3o apenas alguns setores comprometidos com a atual pol\u00edtica educacional, como vem sendo feito. N\u00e3o tem havido di\u00e1logo com os professores, mas persegui\u00e7\u00f5es. Professores est\u00e3o sendo perseguidos por fazerem a op\u00e7\u00e3o de fazer valer o que a lei estabelece, que \u00e9 o direito de escolher os procedimentos necess\u00e1rios ao ensino e aprendizagem a partir do projeto pedag\u00f3gico da sua escola e do plano de trabalho docente. Isso n\u00e3o est\u00e1 sendo respeitado\u201d, denunciou.<\/p>\n<p style=\"text-align: justify;\">O vereador e l\u00edder de oposi\u00e7\u00e3o aproveitou para cobrar do prefeito Jo\u00e3o Alves Filho a realiza\u00e7\u00e3o da licita\u00e7\u00e3o do transporte p\u00fablico, que at\u00e9 agora n\u00e3o foi feita, e a retomada do di\u00e1logo sobre o Plano Diretor de Desenvolvimento Urbano de Aracaju. \u201c\u00c9 preciso que este debate retorne \u00e0 C\u00e2mara, como pede a popula\u00e7\u00e3o. Vossa Excel\u00eancia retirou o Plano, utilizando-se de sua prerrogativa, mas as pessoas cobram dos vereadores a retomada dessa discuss\u00e3o, sendo que a iniciativa n\u00e3o \u00e9 dos legisladores, mas do Executivo. E \u00e9 isto que quero aqui reivindicar, que o Plano possa ser reenviado para discuss\u00e3o com os parlamentares, garantindo-se o di\u00e1logo direto com a popula\u00e7\u00e3o\u201d, cobrou o parlamentar.<\/p>\n<p style=\"text-align: justify;\">Iran Barbosa apelou, ainda, ao prefeito da Capital que tratasse com mais respeito e equil\u00edbrio a rela\u00e7\u00e3o com o Legislativo, referindo-se ao grande volume de projetos enviado para a an\u00e1lise e vota\u00e7\u00e3o dos vereadores sem tempo para maiores debates internos e junto ao povo, que tem a titularidade do poder.<\/p>\n<p style=\"text-align: justify;\">\u201cN\u00e3o tem sido respeitoso com o parlamento municipal a forma como muitos projetos s\u00e3o encaminhados para esta Casa, projetos at\u00e9 importantes, que teriam o apoio da oposi\u00e7\u00e3o, se n\u00e3o fossem encaminhados para discuss\u00e3o e vota\u00e7\u00e3o em prazo ex\u00edguo, que impede o funcionamento adequado de qualquer democracia. Chegamos a ter situa\u00e7\u00e3o de vota\u00e7\u00e3o de quatorze projetos de um dia para o outro\u201d, criticou, lembrando que \u00e9 preciso garantir tamb\u00e9m, que a popula\u00e7\u00e3o possa conhecer e ter a oportunidade de debater projetos que s\u00e3o de seu interesse. \u201cE isso demanda tempo para que possamos utilizar instrumentos como audi\u00eancias p\u00fablicas, tribunas livres e outros recursos de participa\u00e7\u00e3o popular na produ\u00e7\u00e3o legislativa\u201d, defendeu.<\/p>\n<p style=\"text-align: justify;\">Iran Barbosa ressaltou, ainda, que torce pelo sucesso da administra\u00e7\u00e3o atual, mas sem abrir m\u00e3o da cr\u00edtica e da fiscaliza\u00e7\u00e3o que s\u00e3o inerentes \u00e0 fun\u00e7\u00e3o de vereador e l\u00edder da oposi\u00e7\u00e3o.<\/p>\n<p style=\"text-align: justify;\">\u201cSou de um partido que faz oposi\u00e7\u00e3o a esta administra\u00e7\u00e3o, lidero a bancada de oposi\u00e7\u00e3o, mas desejo sucesso a Vossa Excel\u00eancia, entretanto, sabendo exatamente quais s\u00e3o as prioridades que o povo de Aracaju aponta. Tem um caldeir\u00e3o de manifesta\u00e7\u00f5es na cidade exigindo que todos n\u00f3s, Executivo e Legislativo, apresentemos respostas. Vou estar aqui cobrando, permanentemente, solu\u00e7\u00f5es para os problemas que o senhor, quando se candidatou, afirmou que resolveria\u201d, disse o petista, se dirigindo ao prefeito.<\/p>\n<p><span style=\"color: #0000ff;\"><strong>Siga o SE Not\u00edcias pelo <a href=\"https:\/\/twitter.com\/Senoticias\" target=\"_blank\">Twitter <\/a>e curta no <a href=\"https:\/\/www.facebook.com\/PortalSENoticias\" target=\"_blank\">Facebook<\/a><\/strong><\/span><\/p>\n<p style=\"text-align: justify;\"><em><strong>George W. Silva, da Assessoria de Imprensa<\/strong><\/em><\/p>\n","protected":false},"excerpt":{"rendered":"<p>Na abertura dos trabalhos na C\u00e2mara Municipal de Aracaju, que recebeu, na manh\u00e3 desta ter\u00e7a-feira, 18\/2, o prefeito da capital, Jo\u00e3o Alves Filho (DEM), para a leitura da sua mensagem anual aos parlamentares, o vereador Iran Barbosa, do PT, fez cr\u00edticas ao discurso apresentado pelo prefeito, considerando-o \u201cmuito distante da realidade cotidiana vivida pela popula\u00e7\u00e3o\u201d. [&hellip;]<\/p>\n","protected":false},"author":1,"featured_media":60121,"comment_status":"closed","ping_status":"closed","sticky":false,"template":"","format":"standard","meta":{"footnotes":""},"categories":[6],"tags":[],"class_list":{"0":"post-60120","1":"post","2":"type-post","3":"status-publish","4":"format-standard","5":"has-post-thumbnail","7":"category-politica"},"_links":{"self":[{"href":"https:\/\/senoticias.com.br\/se\/wp-json\/wp\/v2\/posts\/60120"}],"collection":[{"href":"https:\/\/senoticias.com.br\/se\/wp-json\/wp\/v2\/posts"}],"about":[{"href":"https:\/\/senoticias.com.br\/se\/wp-json\/wp\/v2\/types\/post"}],"author":[{"embeddable":true,"href":"https:\/\/senoticias.com.br\/se\/wp-json\/wp\/v2\/users\/1"}],"replies":[{"embeddable":true,"href":"https:\/\/senoticias.com.br\/se\/wp-json\/wp\/v2\/comments?post=60120"}],"version-history":[{"count":0,"href":"https:\/\/senoticias.com.br\/se\/wp-json\/wp\/v2\/posts\/60120\/revisions"}],"wp:featuredmedia":[{"embeddable":true,"href":"https:\/\/senoticias.com.br\/se\/wp-json\/wp\/v2\/media\/60121"}],"wp:attachment":[{"href":"https:\/\/senoticias.com.br\/se\/wp-json\/wp\/v2\/media?parent=60120"}],"wp:term":[{"taxonomy":"category","embeddable":true,"href":"https:\/\/senoticias.com.br\/se\/wp-json\/wp\/v2\/categories?post=60120"},{"taxonomy":"post_tag","embeddable":true,"href":"https:\/\/senoticias.com.br\/se\/wp-json\/wp\/v2\/tags?post=60120"}],"curies":[{"name":"wp","href":"https:\/\/api.w.org\/{rel}","templated":true}]}}