{"id":60105,"date":"2014-02-18T12:27:02","date_gmt":"2014-02-18T15:27:02","guid":{"rendered":"http:\/\/senoticias.com.br\/se\/?p=60105"},"modified":"2014-02-18T15:34:38","modified_gmt":"2014-02-18T18:34:38","slug":"projeto-carnalita-sera-discutido-nesta-quarta-no-senado","status":"publish","type":"post","link":"https:\/\/senoticias.com.br\/se\/projeto-carnalita-sera-discutido-nesta-quarta-no-senado\/","title":{"rendered":"Projeto Carnalita ser\u00e1 discutido nesta quarta no Senado"},"content":{"rendered":"<p>&nbsp;<\/p>\n<div id=\"attachment_60111\" style=\"width: 228px\" class=\"wp-caption alignright\"><a href=\"http:\/\/senoticias.com.br\/se\/wp-content\/uploads\/2014\/02\/20140212_03268mm.jpg\"><img loading=\"lazy\" decoding=\"async\" aria-describedby=\"caption-attachment-60111\" class=\"size-medium wp-image-60111\" alt=\"Senador Eduardo Amorim. (Divulga\u00e7\u00e3o)\" src=\"http:\/\/senoticias.com.br\/se\/wp-content\/uploads\/2014\/02\/20140212_03268mm-218x300.jpg\" width=\"218\" height=\"300\" srcset=\"https:\/\/senoticias.com.br\/se\/wp-content\/uploads\/2014\/02\/20140212_03268mm-218x300.jpg 218w, https:\/\/senoticias.com.br\/se\/wp-content\/uploads\/2014\/02\/20140212_03268mm-300x411.jpg 300w, https:\/\/senoticias.com.br\/se\/wp-content\/uploads\/2014\/02\/20140212_03268mm.jpg 502w\" sizes=\"(max-width: 218px) 100vw, 218px\" \/><\/a><p id=\"caption-attachment-60111\" class=\"wp-caption-text\">Senador Eduardo Amorim. (Divulga\u00e7\u00e3o)<\/p><\/div>\n<p style=\"text-align: justify;\">O Projeto Carnalita volta a ser discutido nesta quarta-feira, 19, no Senado Federal e de forma conjunta nas Comiss\u00f5es de Meio Ambiente, Defesa do Consumidor e Fiscaliza\u00e7\u00e3o e Controle aditamento ao requerimento &#8211; CMA de n\u00ba 02\/2014 de autoria do senador Eduardo Amorim (PSC-SE) e na de Desenvolvimento Regional &#8211; CDR n\u00ba 01\/2014 de autoria do senador Ant\u00f4nio Carlos Valadares (PSB-SE).<\/p>\n<p style=\"text-align: justify;\">Segundo o requerimento dos parlamentares, foram convidados o presidente da Vale do Rio Doce, Murilo Ferreira, representante do Governo de Sergipe, os prefeitos Ezequiel Ferreira (Capela) e H\u00e9lio Sobral (Japaratuba) e o advogado tributarista, Bruno Teixeira.<\/p>\n<p style=\"text-align: justify;\">Com hor\u00e1rio pr\u00e9-agendado para 8h30, os convidados responder\u00e3o os questionamentos dos senadores e ir\u00e3o prestar os devidos esclarecimentos t\u00e9cnicos sobre o aproveitamento industrial da carnalita em Sergipe. \u201cH\u00e1 um questionamento pontual entre dois munic\u00edpios, ambos produtores, Capela teria 80% da carnalita em seu territ\u00f3rio e Japaratuba 20%. Vamos ampliar o debate para que o estado de Sergipe, um dos maiores produtores de pot\u00e1ssio no mundo, n\u00e3o sofra perdas\u201d, disse Amorim ao informar que \u201ca explora\u00e7\u00e3o das reservas do min\u00e9rio carnalita, do qual se extrai o cloreto de pot\u00e1ssio, em Sergipe, ir\u00e1 contribuir para a redu\u00e7\u00e3o da depend\u00eancia de importa\u00e7\u00e3o de pot\u00e1ssio do Pa\u00eds\u201d.<\/p>\n<p style=\"text-align: justify;\">Os senadores buscam solucionar o imbr\u00f3glio entre os munic\u00edpios e consolidar o in\u00edcio da implanta\u00e7\u00e3o do projeto. \u201cA futura unidade produzir\u00e1 na sua primeira fase mais de 1,2 milh\u00e3o de toneladas ao ano, do cloreto de pot\u00e1ssio, com um investimento de quase R$ 2 bilh\u00f5es no estado\u201d, informou Amorim. O parlamentar disse ainda que a atual usina Taquari-Vassouras produz de 600 a 700 mil toneladas, com a silvinita e a carnalita, essa produ\u00e7\u00e3o dobraria, gerando quatro mil empregos diretos e dez mil indiretos para os sergipanos.<\/p>\n<p style=\"text-align: justify;\">No in\u00edcio do m\u00eas a bancada sergipana esteve reunida com o ministro das Minas e Energia, Edison Lob\u00e3o, para tratar do assunto. Com os mesmos interesses, a bancada federal de Sergipe decidiu pelo debate na audi\u00eancia p\u00fablica. \u201cA bancada reconhece a import\u00e2ncia do Projeto Carnalita e colocar\u00e1 para a opini\u00e3o p\u00fablica esse questionamento. Vamos analisar, em termos tribut\u00e1rios e, com isso, viabilizarmos garantias\u201d, concluiu Amorim.<\/p>\n<p><span style=\"color: #0000ff;\"><strong>Siga o SE Not\u00edcias pelo<a href=\"https:\/\/twitter.com\/Senoticias\" target=\"_blank\"> Twitter<\/a> e curta no <a href=\" https:\/\/www.facebook.com\/PortalSENoticias\" target=\"_blank\">Facebook<\/a><\/strong><\/span><\/p>\n<p style=\"text-align: justify;\"><em><strong>Assessoria de Imprensa<\/strong><\/em><\/p>\n","protected":false},"excerpt":{"rendered":"<p>&nbsp; O Projeto Carnalita volta a ser discutido nesta quarta-feira, 19, no Senado Federal e de forma conjunta nas Comiss\u00f5es de Meio Ambiente, Defesa do Consumidor e Fiscaliza\u00e7\u00e3o e Controle aditamento ao requerimento &#8211; CMA de n\u00ba 02\/2014 de autoria do senador Eduardo Amorim (PSC-SE) e na de Desenvolvimento Regional &#8211; CDR n\u00ba 01\/2014 de [&hellip;]<\/p>\n","protected":false},"author":1,"featured_media":60111,"comment_status":"closed","ping_status":"closed","sticky":false,"template":"","format":"standard","meta":{"footnotes":""},"categories":[6],"tags":[],"class_list":{"0":"post-60105","1":"post","2":"type-post","3":"status-publish","4":"format-standard","5":"has-post-thumbnail","7":"category-politica"},"_links":{"self":[{"href":"https:\/\/senoticias.com.br\/se\/wp-json\/wp\/v2\/posts\/60105"}],"collection":[{"href":"https:\/\/senoticias.com.br\/se\/wp-json\/wp\/v2\/posts"}],"about":[{"href":"https:\/\/senoticias.com.br\/se\/wp-json\/wp\/v2\/types\/post"}],"author":[{"embeddable":true,"href":"https:\/\/senoticias.com.br\/se\/wp-json\/wp\/v2\/users\/1"}],"replies":[{"embeddable":true,"href":"https:\/\/senoticias.com.br\/se\/wp-json\/wp\/v2\/comments?post=60105"}],"version-history":[{"count":0,"href":"https:\/\/senoticias.com.br\/se\/wp-json\/wp\/v2\/posts\/60105\/revisions"}],"wp:featuredmedia":[{"embeddable":true,"href":"https:\/\/senoticias.com.br\/se\/wp-json\/wp\/v2\/media\/60111"}],"wp:attachment":[{"href":"https:\/\/senoticias.com.br\/se\/wp-json\/wp\/v2\/media?parent=60105"}],"wp:term":[{"taxonomy":"category","embeddable":true,"href":"https:\/\/senoticias.com.br\/se\/wp-json\/wp\/v2\/categories?post=60105"},{"taxonomy":"post_tag","embeddable":true,"href":"https:\/\/senoticias.com.br\/se\/wp-json\/wp\/v2\/tags?post=60105"}],"curies":[{"name":"wp","href":"https:\/\/api.w.org\/{rel}","templated":true}]}}