{"id":60084,"date":"2014-02-18T12:03:19","date_gmt":"2014-02-18T15:03:19","guid":{"rendered":"http:\/\/senoticias.com.br\/se\/?p=60084"},"modified":"2014-02-18T21:56:02","modified_gmt":"2014-02-19T00:56:02","slug":"operacao-serigy-fecha-e-interdita-academias-de-aracaju","status":"publish","type":"post","link":"https:\/\/senoticias.com.br\/se\/operacao-serigy-fecha-e-interdita-academias-de-aracaju\/","title":{"rendered":"&#8216;Opera\u00e7\u00e3o Serigy&#8217; fecha e interdita academias de Aracaju"},"content":{"rendered":"<div id=\"attachment_60085\" style=\"width: 310px\" class=\"wp-caption alignright\"><a href=\"http:\/\/senoticias.com.br\/se\/wp-content\/uploads\/2014\/02\/malhacao.jpg\"><img loading=\"lazy\" decoding=\"async\" aria-describedby=\"caption-attachment-60085\" class=\"size-full wp-image-60085\" alt=\"Opera\u00e7\u00e3o analisa a documenta\u00e7\u00e3o e a estrutura das academias (Foto: Reprodu\u00e7\u00e3o\/ TV Bahia)\" src=\"http:\/\/senoticias.com.br\/se\/wp-content\/uploads\/2014\/02\/malhacao.jpg\" width=\"300\" height=\"225\" srcset=\"https:\/\/senoticias.com.br\/se\/wp-content\/uploads\/2014\/02\/malhacao.jpg 300w, https:\/\/senoticias.com.br\/se\/wp-content\/uploads\/2014\/02\/malhacao-60x45.jpg 60w, https:\/\/senoticias.com.br\/se\/wp-content\/uploads\/2014\/02\/malhacao-150x113.jpg 150w, https:\/\/senoticias.com.br\/se\/wp-content\/uploads\/2014\/02\/malhacao-269x201.jpg 269w\" sizes=\"(max-width: 300px) 100vw, 300px\" \/><\/a><p id=\"caption-attachment-60085\" class=\"wp-caption-text\">Opera\u00e7\u00e3o analisa a documenta\u00e7\u00e3o e a estrutura<br \/>das academias (Foto: Reprodu\u00e7\u00e3o\/ TV Bahia)<\/p><\/div>\n<p style=\"text-align: justify;\"><em><strong>Marina Fontenele, do G1 SE<\/strong><\/em><\/p>\n<p style=\"text-align: justify;\">Cerca de 20 academias de\u00a0Aracaju\u00a0devem ser fiscalizadas nesta ter\u00e7a-feira (18), primeiro dia da \u2018Opera\u00e7\u00e3o Serigy\u2019 que vai analisar os cerca de 500 estabelecimentos desse tipo que existem em\u00a0Sergipe. Somente nesta manh\u00e3, uma academia localizada no bairro Coroa do Meio e outra no Santa Maria foram fechadas por falta de condi\u00e7\u00f5es de funcionamento. Outra foi interditada, tamb\u00e9m no Santa Maria, por problemas em contratos de est\u00e1gio e dois casos de exerc\u00edcio ilegal da profiss\u00e3o.<\/p>\n<p style=\"text-align: justify;\">O objetivo \u00e9 verificar se os instrutores s\u00e3o educadores f\u00edsicos qualificados, se a documenta\u00e7\u00e3o do empreendimento est\u00e1 regular, al\u00e9m analisar a situa\u00e7\u00e3o f\u00edsica da estrutura, equipamentos e as condi\u00e7\u00f5es de higiene.<\/p>\n<p style=\"text-align: justify;\">\u201cEssa opera\u00e7\u00e3o visa defender a sociedade da orienta\u00e7\u00e3o incorreta por profissionais n\u00e3o qualificados, al\u00e9m de se preocupar com instala\u00e7\u00f5es prec\u00e1rias. Porque a boa orienta\u00e7\u00e3o faz a diferen\u00e7a\u201d, afirma Gilson D\u00f3rea, presidente do Conselho Estadual de Educa\u00e7\u00e3o F\u00edsica (CREF).<\/p>\n<p><span style=\"color: #0000ff;\"><strong>Siga o SE Not\u00edcias pelo<a href=\"https:\/\/twitter.com\/Senoticias\" target=\"_blank\"> Twitter<\/a> e curta no <a href=\"https:\/\/www.facebook.com\/PortalSENoticias\" target=\"_blank\">Facebook<\/a><\/strong><\/span><\/p>\n<p style=\"text-align: justify;\">As Vigil\u00e2ncias Sanit\u00e1rias Municipal e Estadual, o Programa Estadual de Prote\u00e7\u00e3o e Defesa do Consumidor (Procon), a Guarda Municipal e as Pol\u00edcias Civil e Militar tamb\u00e9m participam da opera\u00e7\u00e3o conjunta.<\/p>\n<p style=\"text-align: justify;\">\u201cVamos fiscalizar todas as 173 academias de Aracaju e as demais localizadas no interior. \u00c9 a primeira vez que esse trabalho \u00e9 feito com tamanha abrang\u00eancia, mas n\u00f3s temos consci\u00eancia que isso \u00e9 de extrema import\u00e2ncia para a melhoria do servi\u00e7o oferecido para a popula\u00e7\u00e3o. Afinal, pr\u00e1tica de exerc\u00edcio f\u00edsico \u00e9 sa\u00fade\u201d, destaca D\u00f3rea.<\/p>\n","protected":false},"excerpt":{"rendered":"<p>Marina Fontenele, do G1 SE Cerca de 20 academias de\u00a0Aracaju\u00a0devem ser fiscalizadas nesta ter\u00e7a-feira (18), primeiro dia da \u2018Opera\u00e7\u00e3o Serigy\u2019 que vai analisar os cerca de 500 estabelecimentos desse tipo que existem em\u00a0Sergipe. Somente nesta manh\u00e3, uma academia localizada no bairro Coroa do Meio e outra no Santa Maria foram fechadas por falta de condi\u00e7\u00f5es [&hellip;]<\/p>\n","protected":false},"author":1,"featured_media":60085,"comment_status":"closed","ping_status":"closed","sticky":false,"template":"","format":"standard","meta":{"footnotes":""},"categories":[310,6],"tags":[],"class_list":{"0":"post-60084","1":"post","2":"type-post","3":"status-publish","4":"format-standard","5":"has-post-thumbnail","7":"category-destaques-da-semana","8":"category-politica"},"_links":{"self":[{"href":"https:\/\/senoticias.com.br\/se\/wp-json\/wp\/v2\/posts\/60084"}],"collection":[{"href":"https:\/\/senoticias.com.br\/se\/wp-json\/wp\/v2\/posts"}],"about":[{"href":"https:\/\/senoticias.com.br\/se\/wp-json\/wp\/v2\/types\/post"}],"author":[{"embeddable":true,"href":"https:\/\/senoticias.com.br\/se\/wp-json\/wp\/v2\/users\/1"}],"replies":[{"embeddable":true,"href":"https:\/\/senoticias.com.br\/se\/wp-json\/wp\/v2\/comments?post=60084"}],"version-history":[{"count":0,"href":"https:\/\/senoticias.com.br\/se\/wp-json\/wp\/v2\/posts\/60084\/revisions"}],"wp:featuredmedia":[{"embeddable":true,"href":"https:\/\/senoticias.com.br\/se\/wp-json\/wp\/v2\/media\/60085"}],"wp:attachment":[{"href":"https:\/\/senoticias.com.br\/se\/wp-json\/wp\/v2\/media?parent=60084"}],"wp:term":[{"taxonomy":"category","embeddable":true,"href":"https:\/\/senoticias.com.br\/se\/wp-json\/wp\/v2\/categories?post=60084"},{"taxonomy":"post_tag","embeddable":true,"href":"https:\/\/senoticias.com.br\/se\/wp-json\/wp\/v2\/tags?post=60084"}],"curies":[{"name":"wp","href":"https:\/\/api.w.org\/{rel}","templated":true}]}}