{"id":60068,"date":"2014-02-17T17:26:29","date_gmt":"2014-02-17T20:26:29","guid":{"rendered":"http:\/\/senoticias.com.br\/se\/?p=60068"},"modified":"2014-02-17T18:31:49","modified_gmt":"2014-02-17T21:31:49","slug":"governador-presta-contas-a-deputados-e-pede-apoio-para-carnalita","status":"publish","type":"post","link":"https:\/\/senoticias.com.br\/se\/governador-presta-contas-a-deputados-e-pede-apoio-para-carnalita\/","title":{"rendered":"Governador presta contas a deputados e pede apoio para carnalita"},"content":{"rendered":"<div id=\"attachment_60069\" style=\"width: 310px\" class=\"wp-caption alignright\"><a href=\"http:\/\/senoticias.com.br\/se\/wp-content\/uploads\/2014\/02\/00010361.jpg\"><img loading=\"lazy\" decoding=\"async\" aria-describedby=\"caption-attachment-60069\" class=\"size-medium wp-image-60069\" alt=\" Jackson Barreto presta contas a deputados e pede apoio para carnalita. (Foto: C\u00e9sar de Oliveira, da Ag\u00eancia Alese)\" src=\"http:\/\/senoticias.com.br\/se\/wp-content\/uploads\/2014\/02\/00010361-300x200.jpg\" width=\"300\" height=\"200\" srcset=\"https:\/\/senoticias.com.br\/se\/wp-content\/uploads\/2014\/02\/00010361-300x200.jpg 300w, https:\/\/senoticias.com.br\/se\/wp-content\/uploads\/2014\/02\/00010361-342x228.jpg 342w, https:\/\/senoticias.com.br\/se\/wp-content\/uploads\/2014\/02\/00010361.jpg 539w\" sizes=\"(max-width: 300px) 100vw, 300px\" \/><\/a><p id=\"caption-attachment-60069\" class=\"wp-caption-text\"><br \/>Jackson Barreto presta contas a deputados e pede apoio para carnalita. (Foto: C\u00e9sar de Oliveira, da Ag\u00eancia Alese)<\/p><\/div>\n<p style=\"text-align: justify;\">Num discurso que come\u00e7ou com uma homenagem ao ex-governador Marcelo D\u00e9da, a quem considerava um \u2018amigo dileto e homem p\u00fablico com grandeza humana e moral\u2019, governador Jackson Barreto lembrou aos deputados que assumiu o comando num momento preocupante para a economia do Estado. \u201cOs cortes no Fundo de Participa\u00e7\u00e3o dos Estados e de diversos programas federais foram sentidos. Durante meses convivemos com a sombra da falta de recursos e a possibilidade de termos que realizar cortes em obras, servi\u00e7os e no pr\u00f3prio custeio\u201d.<\/p>\n<p style=\"text-align: justify;\">Jackson disse em seu discurso que apesar dos problemas o governo estadual tem vencido os obst\u00e1culos que a crise econ\u00f4mica mundial colocou em seu caminho. \u201cApesar dos progn\u00f3sticos sombrios conseguimos fazer de 2013 um ano de grandes realiza\u00e7\u00f5es. Equilibramos as contas p\u00fablicas e afastamos o fantasma do n\u00e3o pagamento dos servidores e do descumprimento dos contratos. Com as finan\u00e7as normalizadas, pudemos acelerar o rimo das obras p\u00fablicas\u201d, enumerou.<\/p>\n<p style=\"text-align: justify;\">\u201cNa verdade, gra\u00e7as ao trabalho plantado nos \u00faltimos anos, hoje temos um ritmo de entregas, inaugura\u00e7\u00f5es e servi\u00e7os in\u00e9dito na hist\u00f3ria recente deste Estado. Em alguma parte de Sergipe, neste exato momento, h\u00e1 uma obra sendo finalizada e aguardando inaugura\u00e7\u00e3o. Todas as semanas, em algum ponto do Estado, estamos entregando \u00e0 popula\u00e7\u00e3o uma nova Cl\u00ednica de Sa\u00fade da Fam\u00edlia, uma escola reformada, uma nova pra\u00e7a, estamos oferecendo um novo servi\u00e7o que torna melhor a vida de um sergipano ou uma sergipana\u201d, disse o governador.<\/p>\n<p style=\"text-align: justify;\">Ainda em sua mensagem o governador declarou que est\u00e1 fazendo mudan\u00e7as estruturais importantes. Citou as adutoras do Alto Sert\u00e3o, Sertaneja e Umba\u00faba-Tomar do Geru, al\u00e9m da duplica\u00e7\u00e3o da Adutora do S\u00e3o Francisco. \u201cConseguimos mudar uma situa\u00e7\u00e3o que se repetia a cada ver\u00e3o, e j\u00e1 h\u00e1 alguns anos a Grande Aracaju, por exemplo, n\u00e3o sofre racionamento de \u00e1gua. Enquanto outros Estados no pa\u00eds inteiro atravessam dificuldades por causa da falta d\u2019\u00e1gua, Sergipe manteve regular o abastecimento em toda a regi\u00e3o metropolitana, mesmo passando por um grave per\u00edodo de estiagem\u201d. Jackson citou ainda os problemas enfrentados com a longa estiagem no sert\u00e3o.<\/p>\n<p style=\"text-align: justify;\"><strong>Sa\u00fade<\/strong><\/p>\n<p style=\"text-align: justify;\">De acordo com o governador, v\u00e1rios munic\u00edpios ganharam Cl\u00ednicas de Sa\u00fade da Fam\u00edlia. \u201cEstamos dando mais um passo na reestrutura\u00e7\u00e3o da rede estadual de sa\u00fade, que est\u00e1 descentralizando o atendimento e levando servi\u00e7os in\u00e9ditos para o interior do Estado. Uma nova escola reformada significa melhores condi\u00e7\u00f5es de ensino e de aprendizagem. Quando entregamos mais uma quadra de esportes, estamos levando a centenas de jovens de uma cidade do interior mais um espa\u00e7o de divers\u00e3o e lazer\u201d, explicou. Jackson disse ainda que as a\u00e7\u00f5es est\u00e3o contidas num relat\u00f3rio que foi entregue aos deputados.<\/p>\n<p style=\"text-align: justify;\">\u201cNos \u00faltimos anos, atrav\u00e9s do Programa Sergipano de Desenvolvimento Industrial, Sergipe vinha vivendo um processo de acelerado crescimento econ\u00f4mico, atraindo novas empresas e ind\u00fastrias e distribuindo-as por todo o Estado, como a Leite de Rosas, a Crown e a Duchas Corona\u201d, citou o governador, destacando a chegada da refinaria de Sergipe, \u2018um sonho de mais de 30 anos do povo sergipano\u2019.<\/p>\n<p style=\"text-align: justify;\">Para Jackson Barreto, Sergipe tamb\u00e9m comemora a descoberta de um megacampo de petr\u00f3leo na costa sergipana que poder\u00e1 vir a produzir, por dia, mais de 100 mil barris de petr\u00f3leo de qualidade superior. \u201cE a iniciativa da Vale de instalar em Sergipe uma usina de explora\u00e7\u00e3o de pot\u00e1ssio a partir da carnalita. Fruto do empenho do Governador Marcelo D\u00e9da, do ex-Presidente Lula e da Presidenta Dilma, o Projeto Carnalita \u00e9 a materializa\u00e7\u00e3o de uma luta hist\u00f3rica de todos os sergipanos\u201d.<\/p>\n<p style=\"text-align: justify;\"><strong>Apelo<\/strong><\/p>\n<p style=\"text-align: justify;\">No discurso o governador fez apelos aos deputados pela da implanta\u00e7\u00e3o do projeto da carnalita e em favor do projeto de lei que autoriza o Estado a contratar o Programa de Fortalecimento das Redes de Inclus\u00e3o Social e de Aten\u00e7\u00e3o \u00e0 Sa\u00fade \u2013 PROREDES, uma parceria com o Banco Interamericano de Desenvolvimento \u2013 BID que vai destinar 240 milh\u00f5es de reais para investimentos em sa\u00fade e assist\u00eancia social. \u201cO apelo que fa\u00e7o resulta do receio de que uma indesejada radicaliza\u00e7\u00e3o nos leve a um confronto que coloque em risco os interesses maiores de Sergipe\u201d.<\/p>\n<p>\u00a0<span style=\"color: #0000ff;\"><strong>Siga o SE Not\u00edcias pelo <a href=\"https:\/\/twitter.com\/Senoticias\" target=\"_blank\">Twitter <\/a>e curta no <a href=\" https:\/\/www.facebook.com\/PortalSENoticias\" target=\"_blank\">Facebook<\/a><\/strong><\/span><\/p>\n<p><em><strong>Da Ag\u00eancia Alese de Not\u00edcias<\/strong><\/em><\/p>\n","protected":false},"excerpt":{"rendered":"<p>Num discurso que come\u00e7ou com uma homenagem ao ex-governador Marcelo D\u00e9da, a quem considerava um \u2018amigo dileto e homem p\u00fablico com grandeza humana e moral\u2019, governador Jackson Barreto lembrou aos deputados que assumiu o comando num momento preocupante para a economia do Estado. \u201cOs cortes no Fundo de Participa\u00e7\u00e3o dos Estados e de diversos programas [&hellip;]<\/p>\n","protected":false},"author":1,"featured_media":60069,"comment_status":"closed","ping_status":"closed","sticky":false,"template":"","format":"standard","meta":{"footnotes":""},"categories":[6],"tags":[],"class_list":{"0":"post-60068","1":"post","2":"type-post","3":"status-publish","4":"format-standard","5":"has-post-thumbnail","7":"category-politica"},"_links":{"self":[{"href":"https:\/\/senoticias.com.br\/se\/wp-json\/wp\/v2\/posts\/60068"}],"collection":[{"href":"https:\/\/senoticias.com.br\/se\/wp-json\/wp\/v2\/posts"}],"about":[{"href":"https:\/\/senoticias.com.br\/se\/wp-json\/wp\/v2\/types\/post"}],"author":[{"embeddable":true,"href":"https:\/\/senoticias.com.br\/se\/wp-json\/wp\/v2\/users\/1"}],"replies":[{"embeddable":true,"href":"https:\/\/senoticias.com.br\/se\/wp-json\/wp\/v2\/comments?post=60068"}],"version-history":[{"count":0,"href":"https:\/\/senoticias.com.br\/se\/wp-json\/wp\/v2\/posts\/60068\/revisions"}],"wp:featuredmedia":[{"embeddable":true,"href":"https:\/\/senoticias.com.br\/se\/wp-json\/wp\/v2\/media\/60069"}],"wp:attachment":[{"href":"https:\/\/senoticias.com.br\/se\/wp-json\/wp\/v2\/media?parent=60068"}],"wp:term":[{"taxonomy":"category","embeddable":true,"href":"https:\/\/senoticias.com.br\/se\/wp-json\/wp\/v2\/categories?post=60068"},{"taxonomy":"post_tag","embeddable":true,"href":"https:\/\/senoticias.com.br\/se\/wp-json\/wp\/v2\/tags?post=60068"}],"curies":[{"name":"wp","href":"https:\/\/api.w.org\/{rel}","templated":true}]}}