{"id":60053,"date":"2014-02-17T10:20:59","date_gmt":"2014-02-17T13:20:59","guid":{"rendered":"http:\/\/senoticias.com.br\/se\/?p=60053"},"modified":"2014-02-17T14:11:44","modified_gmt":"2014-02-17T17:11:44","slug":"eleicoes-2014-valadares-entra-na-disputa","status":"publish","type":"post","link":"https:\/\/senoticias.com.br\/se\/eleicoes-2014-valadares-entra-na-disputa\/","title":{"rendered":"Elei\u00e7\u00f5es 2014: Valadares entra na disputa"},"content":{"rendered":"<p><em><strong>por C\u00edcero Mendes*<\/strong><\/em><\/p>\n<div id=\"attachment_60055\" style=\"width: 282px\" class=\"wp-caption alignright\"><a href=\"http:\/\/senoticias.com.br\/se\/wp-content\/uploads\/2014\/02\/images1.jpg\"><img loading=\"lazy\" decoding=\"async\" aria-describedby=\"caption-attachment-60055\" class=\"size-full wp-image-60055\" alt=\"PSB defende candidatura de Valadares ao governo, que n\u00e3o se pronunciou ainda.(Divulga\u00e7\u00e3o\/Net)\" src=\"http:\/\/senoticias.com.br\/se\/wp-content\/uploads\/2014\/02\/images1.jpg\" width=\"272\" height=\"185\" \/><\/a><p id=\"caption-attachment-60055\" class=\"wp-caption-text\">PSB defende candidatura de Valadares ao governo, que n\u00e3o se pronunciou ainda.(Divulga\u00e7\u00e3o\/Net)<\/p><\/div>\n<p style=\"text-align: justify;\">N\u00e3o h\u00e1 mais nenhuma d\u00favida de que o nome do senador Ant\u00f4nio Carlos Valadares (PSB) deve ser considerado como mais uma op\u00e7\u00e3o \u00e0 disputa ao Governo de Sergipe. E n\u00e3o se trata de qualquer nome, mas do \u00fanico senador sergipano a alcan\u00e7ar o terceiro mandato consecutivo, de um ex-governador do Estado, deputado estadual, prefeito da sua cidade, Sim\u00e3o Dias, e de um pol\u00edtico com excelentes rela\u00e7\u00f5es em Sergipe e em Bras\u00edlia.<\/p>\n<p style=\"text-align: justify;\">V\u00e1rias situa\u00e7\u00f5es colaboraram para que hoje, Valadares seja considerado um nome de peso nessa disputa. Em Sergipe, a forma com o PSB vinha sendo tratado pelos governistas, em especial o PT, provocaram a ira em muitos socialistas, principalmente ap\u00f3s a demiss\u00e3o do superintendente da Caixa em Sergipe, Luciano Pimentel, pr\u00e9-candidato a deputado estadual. Al\u00e9m disso, nas entrevistas dos presidentes do PT (deputado federal Rog\u00e9rio Carvalho) e PMDB (governador Jackson Barreto) sobre sucess\u00e3o estadual, ambos nunca citaram a import\u00e2ncia da presen\u00e7a do PSB na chapa majorit\u00e1ria. Pelo contr\u00e1rio, JB passou a valorizar uma poss\u00edvel ida do DEM do prefeito de Aracaju, Jo\u00e3o Alves Filho, para o seu palanque, que fortalecer a alian\u00e7a hist\u00f3rica com os socialistas, algo que deixou as lideran\u00e7as do partido com \u201ca pulga atr\u00e1s da orelha\u201d.<\/p>\n<p style=\"text-align: justify;\">Na sexta-feira, em entrevista ao radialista Gilmar Carvalho, no programa \u2018Jornal da Ilha\u2019, o l\u00edder do PSB na C\u00e2mara Federal e vice-presidente nacional do partido, Beto Albuquerque, refor\u00e7ou a tesa da candidatura do senador ao governo de Sergipe. Ele confirmou a defini\u00e7\u00e3o de que o partido ter\u00e1 candidatura pr\u00f3pria e que outra decis\u00e3o j\u00e1 est\u00e1 tomada: \u201cem hip\u00f3tese alguma, o PSB estar\u00e1 com o PT e o PMDB&#8221;.<\/p>\n<p style=\"text-align: justify;\">Beto Albuquerque tamb\u00e9m n\u00e3o descartou o apoio do PSB ao senador Eduardo Amorim (PSC), pr\u00e9-candidato a governador. &#8220;Nossa prioridade \u00e9 uma candidatura pr\u00f3pria do PSB, mas a depender das rela\u00e7\u00f5es locais, poderemos sim discutir uma alian\u00e7a com Amorim&#8221;.<\/p>\n<p style=\"text-align: justify;\">Com o apoio da nacional, que deseja refor\u00e7ar o palanque nos estados do presidenci\u00e1vel Eduardo Campos (PSB), com a experi\u00eancia pol\u00edtica, fidelidade dos filiados ao partido, facilidade de articula\u00e7\u00e3o pol\u00edtica, entrosamento com v\u00e1rias lideran\u00e7as partid\u00e1rias, com servi\u00e7os prestados ao estado e um curr\u00edculo sem manchas, o senador Valadares entra na disputa com reais chances de \u00eaxito, aprimorando o debate pol\u00edtico e oferecendo mais uma op\u00e7\u00e3o de proposta de governo para Sergipe, o que \u00e9 bom para a democracia.<\/p>\n<p style=\"text-align: justify;\"><strong>A DESIST\u00caNCIA DE ZECA I<\/strong><\/p>\n<p style=\"text-align: justify;\">Todos j\u00e1 sabiam, mas nunca ouviram dele publicamente. O deputado estadual Zeca da Silva (PSC) n\u00e3o vai disputar a reelei\u00e7\u00e3o este ano. Mas devido \u00e0s especula\u00e7\u00f5es sobre essa decis\u00e3o, ele decidiu antecipar os reais motivos durante entrevista ao radialista George Magalh\u00e3es, \u00e2ncora do programa \u2018A Hora da Verdade\u2019. &#8220;Essa \u00e9 uma decis\u00e3o antiga, minha fam\u00edlia e alguns amigos j\u00e1 tinham conhecimento dela, mas eu estava esperando o momento certo para me declarar publicamente. Quero aproveitar para pedir desculpa aos amigos que eu ainda n\u00e3o tinha entrado em contato, pois os respeito e sei que eles mereceriam saber pessoalmente&#8221;, justificou.<\/p>\n<p style=\"text-align: justify;\"><strong>A DESIST\u00caNCIA DE ZECA II<\/strong><\/p>\n<p style=\"text-align: justify;\">Segundo Zeca da Silva, s\u00e3o 14 anos de vida pol\u00edtica, com mandato ininterrupto. Nesse tempo, fez muitos amigos, pessoas que merecem considera\u00e7\u00e3o e respeito. Quero sair ou dar um tempo do meu mandato, da vida p\u00fablica, da mesma forma que eu entrei, de cabe\u00e7a erguida, pela porta da frente. N\u00e3o quero sair completamente, mas quero cuidar de alguns assuntos pessoais e dar mais aten\u00e7\u00e3o \u00e0 minha fam\u00edlia. \u00c9 claro que vou apoiar e acompanhar meus amigos durante o per\u00edodo eleitoral, mas depois das elei\u00e7\u00f5es irei me dedicar \u00e0 minha vida privada&#8221;, disse.<\/p>\n<p style=\"text-align: justify;\"><strong>A DESIST\u00caNCIA DE ZECA III<\/strong><\/p>\n<p style=\"text-align: justify;\">O deputado deixou claro que essa decis\u00e3o nada tem a ver com qualquer enfraquecimento eleitoral do grupo pol\u00edtico liderado pelo senador Eduardo Amorim (PSC), pr\u00e9-candidato ao governo de Sergipe. Para ele, esse tipo de especula\u00e7\u00e3o \u00e9 uma estrat\u00e9gia dos governistas que est\u00e3o preocupados com a ades\u00e3o popular ao novo projeto pol\u00edtico liderado pelo senador. &#8220;A partir do momento em que nosso agrupamento decidiu que ir\u00edamos ter uma candidatura majorit\u00e1ria este ano, a vida pol\u00edtica de Sergipe ficou em polvorosa. E por que n\u00e3o podemos ter uma candidatura majorit\u00e1ria? Por que \u00e9 um projeto novo? Por que \u00e9 um grupo que est\u00e1 crescendo democraticamente? L\u00e1 n\u00e3o tem imposi\u00e7\u00e3o ou m\u00e3o de ferro de algu\u00e9m, n\u00e3o que outros partidos tenham, n\u00e3o \u00e9 isso que eu quero dizer. Mas l\u00e1 tomamos decis\u00f5es de forma democr\u00e1tica, e isso incomoda\u201d, respondeu Zeca da Silva.<\/p>\n<p style=\"text-align: justify;\"><strong>UM BILH\u00c3O PRA SEGURAN\u00c7A<\/strong><\/p>\n<p style=\"text-align: justify;\">Um tapa na cara do cidad\u00e3o, principalmente daqueles que moram em regi\u00f5es desassistidas por policiamentos eficientes. O governo federal anunciou que o plano de seguran\u00e7a p\u00fablica para a Copa do Mundo custar\u00e1 R$ 1,170 bilh\u00e3o e envolver\u00e1 100 mil profissionais de seguran\u00e7a e defesa civil (sem considerar o contingente das For\u00e7as Armadas). Est\u00e3o inclu\u00eddos agentes federais da Ag\u00eancia Brasileira de Informa\u00e7\u00f5es (Abin), da For\u00e7a Nacional, e das pol\u00edcias Federal e Rodovi\u00e1ria Federal, estaduais (policiais militares e civis, e bombeiros) e municipais (guardas civis e agentes de tr\u00e2nsito). Al\u00e9m da constru\u00e7\u00e3o de 14 Centros Integrados de Comando e Controle (12 regionais e dois nacionais, em Bras\u00edlia e no Rio), os Estados v\u00e3o receber 27 Centros de Controles M\u00f3veis (caminh\u00f5es equipados que ficar\u00e3o nas proximidades dos est\u00e1dios), 12 imageadores a\u00e9reos (equipamentos instalados em helic\u00f3pteros, capazes de captar e transmitir imagens em tempo real para os centros de controle), rob\u00f4s para detona\u00e7\u00e3o de explosivos e 36 Plataformas de Observa\u00e7\u00e3o Elevadas (com 12 c\u00e2meras de alta resolu\u00e7\u00e3o capazes de captar, tratar e transmitir imagens). Agora imagine todo esse dinheiro sendo usado em parceria com os Estados, para fortalecimento das policiais Civil e Militar, e com as prefeituras, para o refor\u00e7o da atua\u00e7\u00e3o das guardas municipais? Com certeza traria resultados positivos para quem vive com o medo da viol\u00eancia que cresce em todo o pa\u00eds.<\/p>\n<p style=\"text-align: justify;\">Todo o aparato de seguran\u00e7a estar\u00e1 em pleno funcionamento no per\u00edodo entre 20 dias antes da Copa (20 de maio) at\u00e9 5 dias depois do t\u00e9rmino (18 de julho). Neste per\u00edodo, todos os 14 CICCs (Centros Integrados de Comando e Controle) estar\u00e3o operando 24 horas por dia.<\/p>\n<p style=\"text-align: justify;\">A For\u00e7a Nacional de Seguran\u00e7a (FNS) colocar\u00e1 10.600 homens \u00e0 disposi\u00e7\u00e3o das 12 cidades que v\u00e3o sediar jogos. No entanto, pelo menos cinco governos estaduais n\u00e3o pretendem, a princ\u00edpio, solicitar apoio da For\u00e7a: S\u00e3o Paulo, Paran\u00e1, Cear\u00e1, Bahia e Amazonas.<\/p>\n<p style=\"text-align: justify;\">A secret\u00e1ria nacional de Seguran\u00e7a P\u00fablica, Regina Miki, disse que foram ministrados mais de 40 cursos para os agentes da FNS, como media\u00e7\u00e3o de conflitos e controle de dist\u00farbios, no caso de haver protestos. &#8220;Nossa preocupa\u00e7\u00e3o \u00e9 garantir o direito leg\u00edtimo dos brasileiros \u00e0 manifesta\u00e7\u00e3o. Para aqueles que usarem os protestos para praticar crimes, os policiais da For\u00e7a foram treinados para discerni-los e individualizar suas condutas para que sejam punidos de acordo com a lei&#8221;, disse Regina.<\/p>\n<p style=\"text-align: justify;\">A fun\u00e7\u00e3o que a FNS vai desempenhar em cada cidade vai variar. Em alguns locais, ficar\u00e1 aquartelada como for\u00e7a de conting\u00eancia. Em outros, auxiliar\u00e1 a Pol\u00edcia Militar no patrulhamento ostensivo. Em Estados, poder\u00e1 acompanhar as delega\u00e7\u00f5es, com batedores.<\/p>\n<p style=\"text-align: justify;\">A quantidade de chefes de Estado que vir\u00e3o ao Brasil ainda n\u00e3o est\u00e1 fechada, mas a Sesge j\u00e1 trabalha com a presen\u00e7a dos presidentes dos pa\u00edses dos BRICs (R\u00fassia, \u00cdndia, China e \u00c1frica do Sul), j\u00e1 que a reuni\u00e3o de c\u00fapula do grupo foi marcada para logo depois da final da Copa, em Fortaleza. Mandat\u00e1rios de EUA, Israel, Ir\u00e3 e pa\u00edses em conflito ser\u00e3o classificados como de alto risco, e ter\u00e3o esquema de seguran\u00e7a especial.<\/p>\n<p><span style=\"color: #0000ff;\"><strong>\u00a0Siga o SE Not\u00edcias pelo <a href=\"https:\/\/twitter.com\/Senoticias\" target=\"_blank\">Twitter<\/a> e curta no <a href=\" https:\/\/www.facebook.com\/PortalSENoticias\" target=\"_blank\">Facebook<\/a><\/strong><\/span><\/p>\n","protected":false},"excerpt":{"rendered":"<p>por C\u00edcero Mendes* N\u00e3o h\u00e1 mais nenhuma d\u00favida de que o nome do senador Ant\u00f4nio Carlos Valadares (PSB) deve ser considerado como mais uma op\u00e7\u00e3o \u00e0 disputa ao Governo de Sergipe. E n\u00e3o se trata de qualquer nome, mas do \u00fanico senador sergipano a alcan\u00e7ar o terceiro mandato consecutivo, de um ex-governador do Estado, deputado [&hellip;]<\/p>\n","protected":false},"author":1,"featured_media":60055,"comment_status":"closed","ping_status":"closed","sticky":false,"template":"","format":"standard","meta":{"footnotes":""},"categories":[6],"tags":[],"class_list":{"0":"post-60053","1":"post","2":"type-post","3":"status-publish","4":"format-standard","5":"has-post-thumbnail","7":"category-politica"},"_links":{"self":[{"href":"https:\/\/senoticias.com.br\/se\/wp-json\/wp\/v2\/posts\/60053"}],"collection":[{"href":"https:\/\/senoticias.com.br\/se\/wp-json\/wp\/v2\/posts"}],"about":[{"href":"https:\/\/senoticias.com.br\/se\/wp-json\/wp\/v2\/types\/post"}],"author":[{"embeddable":true,"href":"https:\/\/senoticias.com.br\/se\/wp-json\/wp\/v2\/users\/1"}],"replies":[{"embeddable":true,"href":"https:\/\/senoticias.com.br\/se\/wp-json\/wp\/v2\/comments?post=60053"}],"version-history":[{"count":0,"href":"https:\/\/senoticias.com.br\/se\/wp-json\/wp\/v2\/posts\/60053\/revisions"}],"wp:featuredmedia":[{"embeddable":true,"href":"https:\/\/senoticias.com.br\/se\/wp-json\/wp\/v2\/media\/60055"}],"wp:attachment":[{"href":"https:\/\/senoticias.com.br\/se\/wp-json\/wp\/v2\/media?parent=60053"}],"wp:term":[{"taxonomy":"category","embeddable":true,"href":"https:\/\/senoticias.com.br\/se\/wp-json\/wp\/v2\/categories?post=60053"},{"taxonomy":"post_tag","embeddable":true,"href":"https:\/\/senoticias.com.br\/se\/wp-json\/wp\/v2\/tags?post=60053"}],"curies":[{"name":"wp","href":"https:\/\/api.w.org\/{rel}","templated":true}]}}