{"id":60030,"date":"2014-02-17T07:33:34","date_gmt":"2014-02-17T10:33:34","guid":{"rendered":"http:\/\/senoticias.com.br\/se\/?p=60030"},"modified":"2014-02-17T10:46:27","modified_gmt":"2014-02-17T13:46:27","slug":"congresso-se-reune-para-examinar-veto-da-criacao-de-novos-municipios","status":"publish","type":"post","link":"https:\/\/senoticias.com.br\/se\/congresso-se-reune-para-examinar-veto-da-criacao-de-novos-municipios\/","title":{"rendered":"Congresso se re\u00fane para examinar veto da cria\u00e7\u00e3o de novos munic\u00edpios"},"content":{"rendered":"<div id=\"stcpDiv\"><\/div>\n<div id=\"attachment_60031\" style=\"width: 286px\" class=\"wp-caption alignright\"><a href=\"http:\/\/senoticias.com.br\/se\/wp-content\/uploads\/2014\/02\/Congresso-nacional.jpg\"><img loading=\"lazy\" decoding=\"async\" aria-describedby=\"caption-attachment-60031\" class=\"size-full wp-image-60031\" alt=\"Congresso se re\u00fane para examinar vetos a cria\u00e7\u00e3o de novos munic\u00edpios.(Divulga\u00e7\u00e3o)\" src=\"http:\/\/senoticias.com.br\/se\/wp-content\/uploads\/2014\/02\/Congresso-nacional.jpg\" width=\"276\" height=\"183\" \/><\/a><p id=\"caption-attachment-60031\" class=\"wp-caption-text\">Congresso se re\u00fane para examinar vetos a cria\u00e7\u00e3o de novos munic\u00edpios.(Divulga\u00e7\u00e3o)<\/p><\/div>\n<p style=\"text-align: justify;\">O Congresso se re\u00fane na pr\u00f3xima ter\u00e7a-feira (18) para examinar quatro vetos presidenciais. A sess\u00e3o est\u00e1 marcada para as 19h no plen\u00e1rio da C\u00e2mara dos Deputados. O item mais pol\u00eamico \u00e9 o que resultou na rejei\u00e7\u00e3o integral de projeto que facilitava a cria\u00e7\u00e3o de munic\u00edpios. Tamb\u00e9m est\u00e3o na pauta os vetos sobre o repasse de recursos p\u00fablicos \u00e0s universidades comunit\u00e1rias; o que normatiza a travessia de pedestres pr\u00f3ximos \u00e0s escolas; e o que regula a condu\u00e7\u00e3o de ve\u00edculos de emerg\u00eancia. Desde dezembro, com a promulga\u00e7\u00e3o da Emenda Constitucional 76, deputados e senadores apreciam vetos em vota\u00e7\u00e3o aberta.<\/p>\n<p style=\"text-align: justify;\">A presidente Dilma Rousseff vetou totalmente o substitutivo da C\u00e2mara dos Deputados ao Projeto de Lei do Senado (PLS) 98\/2002 \u2013 Complementar, que estipulava novas regras para a cria\u00e7\u00e3o, incorpora\u00e7\u00e3o, fus\u00e3o e desmembramento de munic\u00edpios. Em tese, a proposta, do senador Mozarildo Cavalcanti (PTB-RR) possibilitaria a cria\u00e7\u00e3o de aproximadamente 400 novas cidades.<\/p>\n<p style=\"text-align: justify;\">Segundo a Uni\u00e3o Brasileira em Defesa da Cria\u00e7\u00e3o dos Novos Munic\u00edpios (UBDCNM), seriam criados mais munic\u00edpios principalmente nos estados do Maranh\u00e3o, Bahia, Cear\u00e1 e Par\u00e1. No Cear\u00e1, 26 distritos t\u00eam condi\u00e7\u00f5es de pedir a emancipa\u00e7\u00e3o dos munic\u00edpios de que fazem parte. \u00c9 o caso de Jurema (Caucaia), Guanac\u00e9s (Cascavel) e Paju\u00e7ara (Maracana\u00fa), localizados pr\u00f3ximos \u00e0 capital, Fortaleza, e que reivindicam autonomia.<\/p>\n<p style=\"text-align: justify;\">Para Dilma, o projeto contraria o interesse p\u00fablico porque \u201co crescimento de despesas n\u00e3o ser\u00e1 acompanhado por receitas equivalentes, o que impactar\u00e1 negativamente a sustentabilidade fiscal e a estabilidade macroecon\u00f4mica\u201d.<\/p>\n<p style=\"text-align: justify;\">De acordo com Mozarildo, foi feita uma leitura equivocada do projeto, ao supor-se que o resultado ser\u00e1 aumento de gastos p\u00fablicos. O senador afirmou que, caso a lei que prop\u00f4s estivesse em vigor h\u00e1 dez anos, 2,8 mil munic\u00edpios n\u00e3o teriam sido criados. Ele lembrou que, pela primeira vez, \u00e9 exigido um estudo de viabilidade tanto do munic\u00edpio a ser criado quanto do que ser\u00e1 desmembrado.<\/p>\n<p style=\"text-align: justify;\"><span style=\"color: #0000ff;\"><strong>Siga o SE Not\u00edcias pelo <a href=\"https:\/\/twitter.com\/Senoticias\" target=\"_blank\">Twitter<\/a> e curta no <a href=\" https:\/\/www.facebook.com\/PortalSENoticias\" target=\"_blank\">Facebook<\/a><\/strong><\/span><\/p>\n<p style=\"text-align: justify;\"><strong>Informa\u00e7\u00f5es da Ag\u00eancia Senado<\/strong><\/p>\n","protected":false},"excerpt":{"rendered":"<p>O Congresso se re\u00fane na pr\u00f3xima ter\u00e7a-feira (18) para examinar quatro vetos presidenciais. A sess\u00e3o est\u00e1 marcada para as 19h no plen\u00e1rio da C\u00e2mara dos Deputados. O item mais pol\u00eamico \u00e9 o que resultou na rejei\u00e7\u00e3o integral de projeto que facilitava a cria\u00e7\u00e3o de munic\u00edpios. Tamb\u00e9m est\u00e3o na pauta os vetos sobre o repasse de [&hellip;]<\/p>\n","protected":false},"author":3,"featured_media":60031,"comment_status":"closed","ping_status":"closed","sticky":false,"template":"","format":"standard","meta":{"footnotes":""},"categories":[6],"tags":[],"class_list":{"0":"post-60030","1":"post","2":"type-post","3":"status-publish","4":"format-standard","5":"has-post-thumbnail","7":"category-politica"},"_links":{"self":[{"href":"https:\/\/senoticias.com.br\/se\/wp-json\/wp\/v2\/posts\/60030"}],"collection":[{"href":"https:\/\/senoticias.com.br\/se\/wp-json\/wp\/v2\/posts"}],"about":[{"href":"https:\/\/senoticias.com.br\/se\/wp-json\/wp\/v2\/types\/post"}],"author":[{"embeddable":true,"href":"https:\/\/senoticias.com.br\/se\/wp-json\/wp\/v2\/users\/3"}],"replies":[{"embeddable":true,"href":"https:\/\/senoticias.com.br\/se\/wp-json\/wp\/v2\/comments?post=60030"}],"version-history":[{"count":0,"href":"https:\/\/senoticias.com.br\/se\/wp-json\/wp\/v2\/posts\/60030\/revisions"}],"wp:featuredmedia":[{"embeddable":true,"href":"https:\/\/senoticias.com.br\/se\/wp-json\/wp\/v2\/media\/60031"}],"wp:attachment":[{"href":"https:\/\/senoticias.com.br\/se\/wp-json\/wp\/v2\/media?parent=60030"}],"wp:term":[{"taxonomy":"category","embeddable":true,"href":"https:\/\/senoticias.com.br\/se\/wp-json\/wp\/v2\/categories?post=60030"},{"taxonomy":"post_tag","embeddable":true,"href":"https:\/\/senoticias.com.br\/se\/wp-json\/wp\/v2\/tags?post=60030"}],"curies":[{"name":"wp","href":"https:\/\/api.w.org\/{rel}","templated":true}]}}