{"id":58980,"date":"2014-01-24T08:40:17","date_gmt":"2014-01-24T11:40:17","guid":{"rendered":"http:\/\/senoticias.com.br\/se\/?p=58980"},"modified":"2014-01-24T08:40:17","modified_gmt":"2014-01-24T11:40:17","slug":"foragido-da-justica-de-pernambuco-e-preso-em-aracaju","status":"publish","type":"post","link":"https:\/\/senoticias.com.br\/se\/foragido-da-justica-de-pernambuco-e-preso-em-aracaju\/","title":{"rendered":"Foragido da Justi\u00e7a de Pernambuco \u00e9 preso em Aracaju"},"content":{"rendered":"<div id=\"attachment_58981\" style=\"width: 230px\" class=\"wp-caption alignright\"><a href=\"http:\/\/senoticias.com.br\/se\/wp-content\/uploads\/2014\/01\/images-stories-NOVAS_FOTOS_NOTICIAS-Janeiro_2014-23-Foragido_PE-220x294.jpg\"><img loading=\"lazy\" decoding=\"async\" aria-describedby=\"caption-attachment-58981\" class=\"size-full wp-image-58981\" alt=\"Jos\u00e9 Barbosa da Silva, 40 anos. (Foto: Ascom\/SSP\/SE)\" src=\"http:\/\/senoticias.com.br\/se\/wp-content\/uploads\/2014\/01\/images-stories-NOVAS_FOTOS_NOTICIAS-Janeiro_2014-23-Foragido_PE-220x294.jpg\" width=\"220\" height=\"294\" \/><\/a><p id=\"caption-attachment-58981\" class=\"wp-caption-text\">Jos\u00e9 Barbosa da Silva, 40 anos. (Foto: Ascom\/SSP\/SE)<\/p><\/div>\n<p style=\"text-align: justify;\">Na manh\u00e3 desta quinta-feira, 23, policiais da Coordenadoria de Pol\u00edcia Civil da Capital (Copcal) e da Delegacia de Aquidab\u00e3, conseguiram prender, ap\u00f3s investiga\u00e7\u00f5es iniciadas atrav\u00e9s de uma informa\u00e7\u00e3o ao Disque-Den\u00fancia 181, Jos\u00e9 Barbosa da Silva, 40 anos, foragido do Estado de Pernambucoonde \u00e9 acusado pela pr\u00e1tica de dois homic\u00eddios.<\/p>\n<p style=\"text-align: justify;\">De acordo com a pol\u00edcia, no momento da pris\u00e3o Jos\u00e9 Barbosa estava trabalhando nas proximidades do Detran de Sergipe.O acusado n\u00e3o esbo\u00e7ou rea\u00e7\u00e3o e colaborou com os policiais, confessando a autoria dos crimes que teriam sido praticados nos anos de 2009 e 2010 no munic\u00edpio de Bezerros (PE).<\/p>\n<p style=\"text-align: justify;\">Ainda de acordo com a pol\u00edcia, ap\u00f3s a pr\u00e1tica do segundo homic\u00eddio, Jos\u00e9 Barbosa fugiu para Sergipe, onde desde ent\u00e3o trabalha aplicando gesso em casas comerciais e residencias. O acusado vai a juri pela comarca de Bezerros onde ser\u00e1 julgado pelos dois crimes.<\/p>\n<p><span style=\"color: #0000ff;\"><strong>Siga o SE Not\u00edcias pelo <a href=\"https:\/\/twitter.com\/Senoticias\" target=\"_blank\">Twitter <\/a>e curta no <a href=\" https:\/\/www.facebook.com\/PortalSENoticias\" target=\"_blank\">Facebook<\/a><\/strong><\/span><\/p>\n<p><em><strong>Da Assessoria de Comunica\u00e7\u00e3o da SSP\/SE<\/strong><\/em><\/p>\n","protected":false},"excerpt":{"rendered":"<p>Na manh\u00e3 desta quinta-feira, 23, policiais da Coordenadoria de Pol\u00edcia Civil da Capital (Copcal) e da Delegacia de Aquidab\u00e3, conseguiram prender, ap\u00f3s investiga\u00e7\u00f5es iniciadas atrav\u00e9s de uma informa\u00e7\u00e3o ao Disque-Den\u00fancia 181, Jos\u00e9 Barbosa da Silva, 40 anos, foragido do Estado de Pernambucoonde \u00e9 acusado pela pr\u00e1tica de dois homic\u00eddios. De acordo com a pol\u00edcia, no [&hellip;]<\/p>\n","protected":false},"author":1,"featured_media":58981,"comment_status":"closed","ping_status":"closed","sticky":false,"template":"","format":"standard","meta":{"footnotes":""},"categories":[7],"tags":[],"class_list":{"0":"post-58980","1":"post","2":"type-post","3":"status-publish","4":"format-standard","5":"has-post-thumbnail","7":"category-policia"},"_links":{"self":[{"href":"https:\/\/senoticias.com.br\/se\/wp-json\/wp\/v2\/posts\/58980"}],"collection":[{"href":"https:\/\/senoticias.com.br\/se\/wp-json\/wp\/v2\/posts"}],"about":[{"href":"https:\/\/senoticias.com.br\/se\/wp-json\/wp\/v2\/types\/post"}],"author":[{"embeddable":true,"href":"https:\/\/senoticias.com.br\/se\/wp-json\/wp\/v2\/users\/1"}],"replies":[{"embeddable":true,"href":"https:\/\/senoticias.com.br\/se\/wp-json\/wp\/v2\/comments?post=58980"}],"version-history":[{"count":0,"href":"https:\/\/senoticias.com.br\/se\/wp-json\/wp\/v2\/posts\/58980\/revisions"}],"wp:featuredmedia":[{"embeddable":true,"href":"https:\/\/senoticias.com.br\/se\/wp-json\/wp\/v2\/media\/58981"}],"wp:attachment":[{"href":"https:\/\/senoticias.com.br\/se\/wp-json\/wp\/v2\/media?parent=58980"}],"wp:term":[{"taxonomy":"category","embeddable":true,"href":"https:\/\/senoticias.com.br\/se\/wp-json\/wp\/v2\/categories?post=58980"},{"taxonomy":"post_tag","embeddable":true,"href":"https:\/\/senoticias.com.br\/se\/wp-json\/wp\/v2\/tags?post=58980"}],"curies":[{"name":"wp","href":"https:\/\/api.w.org\/{rel}","templated":true}]}}