{"id":58973,"date":"2014-01-24T07:30:04","date_gmt":"2014-01-24T10:30:04","guid":{"rendered":"http:\/\/senoticias.com.br\/se\/?p=58973"},"modified":"2014-01-24T07:30:04","modified_gmt":"2014-01-24T10:30:04","slug":"inss-prorroga-prazo-para-segurados-renovarem-senha","status":"publish","type":"post","link":"https:\/\/senoticias.com.br\/se\/inss-prorroga-prazo-para-segurados-renovarem-senha\/","title":{"rendered":"INSS prorroga prazo para segurados renovarem senha"},"content":{"rendered":"<p>&nbsp;<\/p>\n<p style=\"text-align: justify;\"><a href=\"http:\/\/senoticias.com.br\/se\/wp-content\/uploads\/2014\/01\/inss.jpg\"><img loading=\"lazy\" decoding=\"async\" class=\"alignright size-medium wp-image-58974\" alt=\"inss\" src=\"http:\/\/senoticias.com.br\/se\/wp-content\/uploads\/2014\/01\/inss-300x137.jpg\" width=\"300\" height=\"137\" srcset=\"https:\/\/senoticias.com.br\/se\/wp-content\/uploads\/2014\/01\/inss-300x137.jpg 300w, https:\/\/senoticias.com.br\/se\/wp-content\/uploads\/2014\/01\/inss-342x156.jpg 342w, https:\/\/senoticias.com.br\/se\/wp-content\/uploads\/2014\/01\/inss.jpg 576w\" sizes=\"(max-width: 300px) 100vw, 300px\" \/><\/a>O Instituto Nacional do Seguro Social (INSS) prorrogou para 31 de dezembro o prazo para que aposentados e pensionistas renovem a senha nos bancos em que recebem pagamentos. O prazo para a chamada \u201cprova de vida\u201d terminaria em 28 de fevereiro, mas o diretor de Benef\u00edcios do INSS, Benedito Brunca, anunciou a prorroga\u00e7\u00e3o como forma de garantir mais conforto e comodidade aos cidad\u00e3os.<\/p>\n<p style=\"text-align: justify;\">Segundo Brunca, a renova\u00e7\u00e3o de senha \u00e9 um procedimento usado para dar mais seguran\u00e7a aos benefici\u00e1rios e ao Estado, porque evita pagamentos de benef\u00edcios indevidos a quem tenha falecido, por exemplo. O diretor explicou que procuradores informais \u00e0s vezes manipulam cart\u00f5es e senhas, sem conhecimento do banco ou do INSS, e \u201cse h\u00e1 recebimento posterior ao \u00f3bito, temos dificuldade at\u00e9 de responsabilizar quem lesou os cofres da Uni\u00e3o\u201d.<\/p>\n<p><strong>Siga o SE Not\u00edcias pelo <a href=\"https:\/\/twitter.com\/Senoticias\" target=\"_blank\">Twitter <\/a>e curta no <a href=\" https:\/\/www.facebook.com\/PortalSENoticias\" target=\"_blank\">Facebook<\/a><\/strong><\/p>\n<p style=\"text-align: justify;\">O diretor do INSS disse que o benefici\u00e1rio n\u00e3o precisa ir a uma ag\u00eancia da Previd\u00eancia Social para renovar a senha. O procedimento \u00e9 feito diretamente no banco em que ele recebe a aposentadoria ou pens\u00e3o. A renova\u00e7\u00e3o j\u00e1 foi providenciada por 26,3 milh\u00f5es (85%) dos 31 milh\u00f5es de segurados at\u00e9 o \u00faltimo dia 14.<\/p>\n<p style=\"text-align: justify;\">Faltam 4,7 milh\u00f5es de segurados (15% do total) renovarem suas senhas, e com a amplia\u00e7\u00e3o do prazo \u201cesperamos que todos possam comparecer, fazer o processo de regulariza\u00e7\u00e3o, renovar a senha e, quando necess\u00e1rio, possam fazer o cadastramento de procuradores que os representem de maneira oficial\u201d, refor\u00e7ou o diretor de Benef\u00edcios.<\/p>\n<p style=\"text-align: justify;\"><em><strong>Da Ag\u00eancia Brasil<\/strong><\/em><\/p>\n","protected":false},"excerpt":{"rendered":"<p>&nbsp; O Instituto Nacional do Seguro Social (INSS) prorrogou para 31 de dezembro o prazo para que aposentados e pensionistas renovem a senha nos bancos em que recebem pagamentos. O prazo para a chamada \u201cprova de vida\u201d terminaria em 28 de fevereiro, mas o diretor de Benef\u00edcios do INSS, Benedito Brunca, anunciou a prorroga\u00e7\u00e3o como [&hellip;]<\/p>\n","protected":false},"author":1,"featured_media":58974,"comment_status":"closed","ping_status":"closed","sticky":false,"template":"","format":"standard","meta":{"footnotes":""},"categories":[6],"tags":[],"class_list":{"0":"post-58973","1":"post","2":"type-post","3":"status-publish","4":"format-standard","5":"has-post-thumbnail","7":"category-politica"},"_links":{"self":[{"href":"https:\/\/senoticias.com.br\/se\/wp-json\/wp\/v2\/posts\/58973"}],"collection":[{"href":"https:\/\/senoticias.com.br\/se\/wp-json\/wp\/v2\/posts"}],"about":[{"href":"https:\/\/senoticias.com.br\/se\/wp-json\/wp\/v2\/types\/post"}],"author":[{"embeddable":true,"href":"https:\/\/senoticias.com.br\/se\/wp-json\/wp\/v2\/users\/1"}],"replies":[{"embeddable":true,"href":"https:\/\/senoticias.com.br\/se\/wp-json\/wp\/v2\/comments?post=58973"}],"version-history":[{"count":0,"href":"https:\/\/senoticias.com.br\/se\/wp-json\/wp\/v2\/posts\/58973\/revisions"}],"wp:featuredmedia":[{"embeddable":true,"href":"https:\/\/senoticias.com.br\/se\/wp-json\/wp\/v2\/media\/58974"}],"wp:attachment":[{"href":"https:\/\/senoticias.com.br\/se\/wp-json\/wp\/v2\/media?parent=58973"}],"wp:term":[{"taxonomy":"category","embeddable":true,"href":"https:\/\/senoticias.com.br\/se\/wp-json\/wp\/v2\/categories?post=58973"},{"taxonomy":"post_tag","embeddable":true,"href":"https:\/\/senoticias.com.br\/se\/wp-json\/wp\/v2\/tags?post=58973"}],"curies":[{"name":"wp","href":"https:\/\/api.w.org\/{rel}","templated":true}]}}