{"id":58964,"date":"2014-01-23T22:19:34","date_gmt":"2014-01-24T01:19:34","guid":{"rendered":"http:\/\/senoticias.com.br\/se\/?p=58964"},"modified":"2014-01-24T19:02:43","modified_gmt":"2014-01-24T22:02:43","slug":"bebe-abandonado-por-pais-em-sao-cristovao-continua-em-abrigo","status":"publish","type":"post","link":"https:\/\/senoticias.com.br\/se\/bebe-abandonado-por-pais-em-sao-cristovao-continua-em-abrigo\/","title":{"rendered":"Beb\u00ea abandonado por pais em S\u00e3o Crist\u00f3v\u00e3o continua em abrigo"},"content":{"rendered":"<div id=\"attachment_58966\" style=\"width: 310px\" class=\"wp-caption alignright\"><a href=\"http:\/\/senoticias.com.br\/se\/wp-content\/uploads\/2014\/01\/fotocrianca.jpg\"><img loading=\"lazy\" decoding=\"async\" aria-describedby=\"caption-attachment-58966\" class=\"size-medium wp-image-58966\" alt=\"Beb\u00ea foi encaminhado \u00e0 Casa da Crian\u00e7a de S\u00e3o Crist\u00f3v\u00e3o (SE) (Foto: Reprodu\u00e7\u00e3o\/TV Sergipe)\" src=\"http:\/\/senoticias.com.br\/se\/wp-content\/uploads\/2014\/01\/fotocrianca-300x225.jpg\" width=\"300\" height=\"225\" srcset=\"https:\/\/senoticias.com.br\/se\/wp-content\/uploads\/2014\/01\/fotocrianca-300x225.jpg 300w, https:\/\/senoticias.com.br\/se\/wp-content\/uploads\/2014\/01\/fotocrianca-342x256.jpg 342w, https:\/\/senoticias.com.br\/se\/wp-content\/uploads\/2014\/01\/fotocrianca-60x45.jpg 60w, https:\/\/senoticias.com.br\/se\/wp-content\/uploads\/2014\/01\/fotocrianca-150x113.jpg 150w, https:\/\/senoticias.com.br\/se\/wp-content\/uploads\/2014\/01\/fotocrianca-269x201.jpg 269w, https:\/\/senoticias.com.br\/se\/wp-content\/uploads\/2014\/01\/fotocrianca.jpg 620w\" sizes=\"(max-width: 300px) 100vw, 300px\" \/><\/a><p id=\"caption-attachment-58966\" class=\"wp-caption-text\">Beb\u00ea foi encaminhado \u00e0 Casa da Crian\u00e7a de S\u00e3o Crist\u00f3v\u00e3o (SE) (Foto: Reprodu\u00e7\u00e3o\/TV Sergipe)<\/p><\/div>\n<p style=\"text-align: justify;\">O destino do beb\u00ea de 6 meses que foi <a href=\"http:\/\/senoticias.com.br\/se\/?p=58842\" target=\"_blank\"><strong>deixado pelos pais na \u00faltima quarta-feira<\/strong><\/a> (22), em via p\u00fablica no munic\u00edpio de S\u00e3o Crist\u00f3v\u00e3o, regi\u00e3o da Grande Aracaju, deve ser definido na pr\u00f3xima ter\u00e7a-feira (28).<\/p>\n<p style=\"text-align: justify;\">O juiz da cidade, Manoel Costa Neto, vai se reunir com representantes do Minist\u00e9rio P\u00fablico para avaliar se a guarda vai permanecer com a m\u00e3e, que tem 17 anos, ou se o beb\u00ea vai ficar sob a responsabilidade de outra pessoa da fam\u00edlia.<\/p>\n<p style=\"text-align: justify;\">No momento a crian\u00e7a permanece num abrigo.<\/p>\n<p style=\"text-align: justify;\"><strong>Entenda o caso<\/strong><\/p>\n<p style=\"text-align: justify;\">Adolescente abandonou o beb\u00ea \u00e0s margens da Rodovia Jo\u00e3o Bebe \u00c1gua, por n\u00e3o conseguir ajuda financeira do ex-companheiro.<\/p>\n<p style=\"text-align: justify;\">Segundo a pol\u00edcia, a jovem foi embora e o pai, de 52 anos, tamb\u00e9m n\u00e3o prestou assist\u00eancia. O beb\u00ea foi amparado por pessoas que passavam pelo local.<\/p>\n<p style=\"text-align: justify;\">Na delegacia, a jovem e o ex-marido prestaram depoimento e foram encaminhados ao Conselho Tutelar do munic\u00edpio onde tamb\u00e9m foram ouvidos.<\/p>\n<p style=\"text-align: justify;\"><em>Informa\u00e7\u00f5es do Portal G1 Sergipe \u00a0<\/em><\/p>\n<p style=\"text-align: justify;\"><strong>Siga o SE Not\u00edcias pelo <a href=\"https:\/\/twitter.com\/Senoticias\" target=\"_blank\">Twitter<\/a> e curta no <a href=\"https:\/\/www.facebook.com\/PortalSENoticias\" target=\"_blank\">Facebook\u00a0<\/a><\/strong><\/p>\n","protected":false},"excerpt":{"rendered":"<p>O destino do beb\u00ea de 6 meses que foi deixado pelos pais na \u00faltima quarta-feira (22), em via p\u00fablica no munic\u00edpio de S\u00e3o Crist\u00f3v\u00e3o, regi\u00e3o da Grande Aracaju, deve ser definido na pr\u00f3xima ter\u00e7a-feira (28). O juiz da cidade, Manoel Costa Neto, vai se reunir com representantes do Minist\u00e9rio P\u00fablico para avaliar se a guarda [&hellip;]<\/p>\n","protected":false},"author":1,"featured_media":58966,"comment_status":"closed","ping_status":"closed","sticky":false,"template":"","format":"standard","meta":{"footnotes":""},"categories":[38],"tags":[],"class_list":{"0":"post-58964","1":"post","2":"type-post","3":"status-publish","4":"format-standard","5":"has-post-thumbnail","7":"category-municipios"},"_links":{"self":[{"href":"https:\/\/senoticias.com.br\/se\/wp-json\/wp\/v2\/posts\/58964"}],"collection":[{"href":"https:\/\/senoticias.com.br\/se\/wp-json\/wp\/v2\/posts"}],"about":[{"href":"https:\/\/senoticias.com.br\/se\/wp-json\/wp\/v2\/types\/post"}],"author":[{"embeddable":true,"href":"https:\/\/senoticias.com.br\/se\/wp-json\/wp\/v2\/users\/1"}],"replies":[{"embeddable":true,"href":"https:\/\/senoticias.com.br\/se\/wp-json\/wp\/v2\/comments?post=58964"}],"version-history":[{"count":0,"href":"https:\/\/senoticias.com.br\/se\/wp-json\/wp\/v2\/posts\/58964\/revisions"}],"wp:featuredmedia":[{"embeddable":true,"href":"https:\/\/senoticias.com.br\/se\/wp-json\/wp\/v2\/media\/58966"}],"wp:attachment":[{"href":"https:\/\/senoticias.com.br\/se\/wp-json\/wp\/v2\/media?parent=58964"}],"wp:term":[{"taxonomy":"category","embeddable":true,"href":"https:\/\/senoticias.com.br\/se\/wp-json\/wp\/v2\/categories?post=58964"},{"taxonomy":"post_tag","embeddable":true,"href":"https:\/\/senoticias.com.br\/se\/wp-json\/wp\/v2\/tags?post=58964"}],"curies":[{"name":"wp","href":"https:\/\/api.w.org\/{rel}","templated":true}]}}