{"id":58961,"date":"2014-01-23T22:09:50","date_gmt":"2014-01-24T01:09:50","guid":{"rendered":"http:\/\/senoticias.com.br\/se\/?p=58961"},"modified":"2014-01-23T22:10:49","modified_gmt":"2014-01-24T01:10:49","slug":"concurso-da-pm-publicado-resultado-de-pedido-de-isencao","status":"publish","type":"post","link":"https:\/\/senoticias.com.br\/se\/concurso-da-pm-publicado-resultado-de-pedido-de-isencao\/","title":{"rendered":"Concurso da PM: publicado resultado de pedido de isen\u00e7\u00e3o"},"content":{"rendered":"<div id=\"attachment_58962\" style=\"width: 310px\" class=\"wp-caption alignright\"><a href=\"http:\/\/senoticias.com.br\/se\/wp-content\/uploads\/2014\/01\/grande-inscri\u00e7\u00e3o_fabianacosta_230114.jpg\"><img loading=\"lazy\" decoding=\"async\" aria-describedby=\"caption-attachment-58962\" class=\"size-medium wp-image-58962\" alt=\"Concurso para PM: Governo publica resultado de pedido de isen\u00e7\u00e3o (Foto: Fabiana Costa)\" src=\"http:\/\/senoticias.com.br\/se\/wp-content\/uploads\/2014\/01\/grande-inscri\u00e7\u00e3o_fabianacosta_230114-300x199.jpg\" width=\"300\" height=\"199\" srcset=\"https:\/\/senoticias.com.br\/se\/wp-content\/uploads\/2014\/01\/grande-inscri\u00e7\u00e3o_fabianacosta_230114-300x199.jpg 300w, https:\/\/senoticias.com.br\/se\/wp-content\/uploads\/2014\/01\/grande-inscri\u00e7\u00e3o_fabianacosta_230114-342x227.jpg 342w, https:\/\/senoticias.com.br\/se\/wp-content\/uploads\/2014\/01\/grande-inscri\u00e7\u00e3o_fabianacosta_230114.jpg 1000w\" sizes=\"(max-width: 300px) 100vw, 300px\" \/><\/a><p id=\"caption-attachment-58962\" class=\"wp-caption-text\">Concurso para PM: Governo publica resultado de pedido de isen\u00e7\u00e3o (Foto: Fabiana Costa)<\/p><\/div>\n<p style=\"text-align: justify;\">O Governo de Sergipe, por meio da Secretaria de Estado do Planejamento, Or\u00e7amento e Gest\u00e3o (Seplag), torna p\u00fablico o resultado dos pedidos de isen\u00e7\u00e3o da taxa de inscri\u00e7\u00e3o do concurso para a Pol\u00edcia Militar do Estado. Ao todo, foram realizados 3.362 pedidos, sendo que 2.171 foram deferidos, 471 foram indeferidos e 720 n\u00e3o chegaram a ser conclu\u00eddos, lembrando que os candidatos podem recorrer do indeferimento entre os dias 23 e 24 de janeiro. As inscri\u00e7\u00f5es mediante pagamento da taxa de inscri\u00e7\u00e3o est\u00e3o abertas at\u00e9 o dia 2 de fevereiro.<\/p>\n<p style=\"text-align: justify;\">De acordo com o edital de abertura do concurso e legisla\u00e7\u00e3o vigente, est\u00e3o previstas duas condi\u00e7\u00f5es para ser considerado isento da taxa de inscri\u00e7\u00e3o. A primeira \u00e9 ser doador de sangue, sendo a \u00faltima doa\u00e7\u00e3o ter sido realizada num prazo inferior a seis meses da efetiva\u00e7\u00e3o da inscri\u00e7\u00e3o e contar, no m\u00ednimo, de duas doa\u00e7\u00f5es no per\u00edodo de um ano.<\/p>\n<p style=\"text-align: justify;\">A outra hip\u00f3tese para isentos \u00e9 estar inscrito no Cadastro \u00danico para Programas Sociais do Governo Federal (Cad\u00danico), de que trata o Decreto Federal n\u00ba. 6.135, de 26\/6\/2007 e for membro de fam\u00edlia de baixa renda, nos termos do Decreto Federal n\u00ba. 6.135, de 2007.<\/p>\n<p style=\"text-align: justify;\"><strong>Calend\u00e1rio<\/strong><\/p>\n<p style=\"text-align: justify;\">A Superintend\u00eancia de Recursos Humanos da Seplag orienta que os candidatos estejam atentos \u00e0s datas que constam no cronograma previsto no edital. \u201cApesar de estarem abertas at\u00e9 o dia 2 de fevereiro e o prazo para pagamento do boleto de inscri\u00e7\u00e3o ser at\u00e9 o dia 3 do mesmo m\u00eas, \u00e9 importante que o interessado se inscreva e pague o boleto o quanto antes para evitar correria e garantir a sua inscri\u00e7\u00e3o no concurso sem problemas\u201d, ressalta Andrea Macedo, superintendente de RH da Seplag.<\/p>\n<p style=\"text-align: justify;\">No dia 10 de fevereiro, ser\u00e3o divulgados os locais da prova objetiva, que ser\u00e1 realizada no dia 16 de fevereiro, no turno da tarde. Por sua vez, o teste de aptid\u00e3o f\u00edsica e a entrega dos documentos para a investiga\u00e7\u00e3o social est\u00e3o previstos para ocorrer entre os dias 23 de mar\u00e7o e 3 de abril.<\/p>\n<p style=\"text-align: justify;\"><strong>Detalhes<\/strong><\/p>\n<p style=\"text-align: justify;\">O concurso p\u00fablico para o of\u00edcio de soldado da PM foi lan\u00e7ado pelo governador Jackson Barreto no dia 23 de dezembro, com a assinatura do termo de abertura do edital. Na ocasi\u00e3o, foi tamb\u00e9m anunciada a abertura de 600 vagas, sendo 540 para o sexo masculino, e 60 para o sexo feminino.<\/p>\n<p style=\"text-align: justify;\">Clique <strong><a href=\"http:\/\/www.seplag.se.gov.br\/index.php\/component\/phocadownload\/category\/88-concurso-policia-militar-de-sergipe.html\" target=\"_blank\">aqui para acessar o resultado<\/a> <\/strong>do pedido de isen\u00e7\u00e3o da taxa de inscri\u00e7\u00e3o e para acessar o edital de abertura do concurso.<\/p>\n<p style=\"text-align: justify;\">Clique <strong><a href=\"http:\/\/ww5.funcab.org\/inscricao.asp?id=237\" target=\"_blank\">aqui para acessar a p\u00e1gina <\/a><\/strong>de inscri\u00e7\u00e3o online.<\/p>\n<p style=\"text-align: justify;\"><em>Fonte: ASN<\/em><\/p>\n","protected":false},"excerpt":{"rendered":"<p>O Governo de Sergipe, por meio da Secretaria de Estado do Planejamento, Or\u00e7amento e Gest\u00e3o (Seplag), torna p\u00fablico o resultado dos pedidos de isen\u00e7\u00e3o da taxa de inscri\u00e7\u00e3o do concurso para a Pol\u00edcia Militar do Estado. Ao todo, foram realizados 3.362 pedidos, sendo que 2.171 foram deferidos, 471 foram indeferidos e 720 n\u00e3o chegaram a [&hellip;]<\/p>\n","protected":false},"author":1,"featured_media":58962,"comment_status":"closed","ping_status":"closed","sticky":false,"template":"","format":"standard","meta":{"footnotes":""},"categories":[44],"tags":[],"class_list":{"0":"post-58961","1":"post","2":"type-post","3":"status-publish","4":"format-standard","5":"has-post-thumbnail","7":"category-educacao"},"_links":{"self":[{"href":"https:\/\/senoticias.com.br\/se\/wp-json\/wp\/v2\/posts\/58961"}],"collection":[{"href":"https:\/\/senoticias.com.br\/se\/wp-json\/wp\/v2\/posts"}],"about":[{"href":"https:\/\/senoticias.com.br\/se\/wp-json\/wp\/v2\/types\/post"}],"author":[{"embeddable":true,"href":"https:\/\/senoticias.com.br\/se\/wp-json\/wp\/v2\/users\/1"}],"replies":[{"embeddable":true,"href":"https:\/\/senoticias.com.br\/se\/wp-json\/wp\/v2\/comments?post=58961"}],"version-history":[{"count":0,"href":"https:\/\/senoticias.com.br\/se\/wp-json\/wp\/v2\/posts\/58961\/revisions"}],"wp:featuredmedia":[{"embeddable":true,"href":"https:\/\/senoticias.com.br\/se\/wp-json\/wp\/v2\/media\/58962"}],"wp:attachment":[{"href":"https:\/\/senoticias.com.br\/se\/wp-json\/wp\/v2\/media?parent=58961"}],"wp:term":[{"taxonomy":"category","embeddable":true,"href":"https:\/\/senoticias.com.br\/se\/wp-json\/wp\/v2\/categories?post=58961"},{"taxonomy":"post_tag","embeddable":true,"href":"https:\/\/senoticias.com.br\/se\/wp-json\/wp\/v2\/tags?post=58961"}],"curies":[{"name":"wp","href":"https:\/\/api.w.org\/{rel}","templated":true}]}}