{"id":58958,"date":"2014-01-23T22:05:30","date_gmt":"2014-01-24T01:05:30","guid":{"rendered":"http:\/\/senoticias.com.br\/se\/?p=58958"},"modified":"2014-01-23T22:05:30","modified_gmt":"2014-01-24T01:05:30","slug":"reforma-nos-arcos-da-orla-da-atalaia-e-concluida","status":"publish","type":"post","link":"https:\/\/senoticias.com.br\/se\/reforma-nos-arcos-da-orla-da-atalaia-e-concluida\/","title":{"rendered":"Reforma nos Arcos da Orla da Atalaia \u00e9 conclu\u00edda"},"content":{"rendered":"<div id=\"attachment_58959\" style=\"width: 310px\" class=\"wp-caption alignright\"><a href=\"http:\/\/senoticias.com.br\/se\/wp-content\/uploads\/2014\/01\/grande-arcosorla_fotojorgereis_230114.jpg\"><img loading=\"lazy\" decoding=\"async\" aria-describedby=\"caption-attachment-58959\" class=\"size-medium wp-image-58959\" alt=\"Monumento \u00e9 um dos mais famosos cart\u00f5es postais de SE (Foto: Jorge Reis)\" src=\"http:\/\/senoticias.com.br\/se\/wp-content\/uploads\/2014\/01\/grande-arcosorla_fotojorgereis_230114-300x199.jpg\" width=\"300\" height=\"199\" \/><\/a><p id=\"caption-attachment-58959\" class=\"wp-caption-text\">Monumento \u00e9 um dos mais famosos cart\u00f5es postais de SE (Foto: Jorge Reis)<\/p><\/div>\n<p style=\"text-align: justify;\">Com a inten\u00e7\u00e3o de preservar e manter em excelentes condi\u00e7\u00f5es um dos mais famosos cart\u00f5es postais do estado, o Governo de Sergipe, atrav\u00e9s da Secretaria de Estado da Infraestrutura (Seinfra), concluiu recentemente a reforma dos Arcos da Orla da Atalaia, em Aracaju, monumento que \u00e9 muito visitado pelos turistas que passeiam na capital.<\/p>\n<p style=\"text-align: justify;\"><strong>Siga o SE Not\u00edcias pelo <a href=\"https:\/\/twitter.com\/Senoticias\" target=\"_blank\">Twitter <\/a>e curta no <a href=\"https:\/\/www.facebook.com\/PortalSENoticias\" target=\"_blank\">Facebook\u00a0<\/a><\/strong><\/p>\n<p style=\"text-align: justify;\">A reforma beneficiou n\u00e3o s\u00f3 os Arcos, mas tamb\u00e9m todo o complexo que o envolve e os trabalhos realizados consistiram principalmente na substitui\u00e7\u00e3o do revestimento cer\u00e2mico em pastilhas, dos Arcos, do Escrit\u00f3rio da Emsetur (Empresa Sergipana de Turismo) e do Posto de Informa\u00e7\u00f5es Tur\u00edsticas. Ambos receberam uma pintura geral em suas paredes e esquadrias, pois devido \u00e0 a\u00e7\u00e3o de v\u00e2ndalos, a antiga pintura havia sido comprometida.<\/p>\n<p style=\"text-align: justify;\">O investimento na obra respons\u00e1vel por renovar a beleza do local, foi de R$ 375 mil, oriundos do Governo do Estado, e ap\u00f3s o t\u00e9rmino dos trabalhos o local tem arrancado olhares de quem passa e faz sua parada para a famosa foto nos Arcos.<\/p>\n<p style=\"text-align: justify;\">A Seinfra, \u00f3rg\u00e3o respons\u00e1vel pela manuten\u00e7\u00e3o da Orla da Atalaia, realiza frequentemente a\u00e7\u00f5es de manuten\u00e7\u00e3o para que a beleza do local seja preservada. Recentemente outra \u00e1rea da Orla tamb\u00e9m passou por uma reforma, trata-se do parque infantil \u201cMundo Maravilhoso da Crian\u00e7a\u201d, que recebe um grande n\u00famero de pessoas diariamente e \u00e9 respons\u00e1vel pela divers\u00e3o das crian\u00e7as que visitam o local.<\/p>\n<p style=\"text-align: justify;\"><em>Fonte: Seinfra<\/em><\/p>\n","protected":false},"excerpt":{"rendered":"<p>Com a inten\u00e7\u00e3o de preservar e manter em excelentes condi\u00e7\u00f5es um dos mais famosos cart\u00f5es postais do estado, o Governo de Sergipe, atrav\u00e9s da Secretaria de Estado da Infraestrutura (Seinfra), concluiu recentemente a reforma dos Arcos da Orla da Atalaia, em Aracaju, monumento que \u00e9 muito visitado pelos turistas que passeiam na capital. Siga o [&hellip;]<\/p>\n","protected":false},"author":1,"featured_media":58959,"comment_status":"closed","ping_status":"closed","sticky":false,"template":"","format":"standard","meta":{"footnotes":""},"categories":[38],"tags":[],"class_list":{"0":"post-58958","1":"post","2":"type-post","3":"status-publish","4":"format-standard","5":"has-post-thumbnail","7":"category-municipios"},"_links":{"self":[{"href":"https:\/\/senoticias.com.br\/se\/wp-json\/wp\/v2\/posts\/58958"}],"collection":[{"href":"https:\/\/senoticias.com.br\/se\/wp-json\/wp\/v2\/posts"}],"about":[{"href":"https:\/\/senoticias.com.br\/se\/wp-json\/wp\/v2\/types\/post"}],"author":[{"embeddable":true,"href":"https:\/\/senoticias.com.br\/se\/wp-json\/wp\/v2\/users\/1"}],"replies":[{"embeddable":true,"href":"https:\/\/senoticias.com.br\/se\/wp-json\/wp\/v2\/comments?post=58958"}],"version-history":[{"count":0,"href":"https:\/\/senoticias.com.br\/se\/wp-json\/wp\/v2\/posts\/58958\/revisions"}],"wp:featuredmedia":[{"embeddable":true,"href":"https:\/\/senoticias.com.br\/se\/wp-json\/wp\/v2\/media\/58959"}],"wp:attachment":[{"href":"https:\/\/senoticias.com.br\/se\/wp-json\/wp\/v2\/media?parent=58958"}],"wp:term":[{"taxonomy":"category","embeddable":true,"href":"https:\/\/senoticias.com.br\/se\/wp-json\/wp\/v2\/categories?post=58958"},{"taxonomy":"post_tag","embeddable":true,"href":"https:\/\/senoticias.com.br\/se\/wp-json\/wp\/v2\/tags?post=58958"}],"curies":[{"name":"wp","href":"https:\/\/api.w.org\/{rel}","templated":true}]}}