{"id":58955,"date":"2014-01-23T22:01:21","date_gmt":"2014-01-24T01:01:21","guid":{"rendered":"http:\/\/senoticias.com.br\/se\/?p=58955"},"modified":"2014-01-23T22:01:21","modified_gmt":"2014-01-24T01:01:21","slug":"homens-sao-presos-com-drogas-no-bairro-america","status":"publish","type":"post","link":"https:\/\/senoticias.com.br\/se\/homens-sao-presos-com-drogas-no-bairro-america\/","title":{"rendered":"Homens s\u00e3o presos com drogas no bairro Am\u00e9rica"},"content":{"rendered":"<div id=\"attachment_58956\" style=\"width: 310px\" class=\"wp-caption alignright\"><a href=\"http:\/\/senoticias.com.br\/se\/wp-content\/uploads\/2014\/01\/grande-drogas_230114.jpg\"><img loading=\"lazy\" decoding=\"async\" aria-describedby=\"caption-attachment-58956\" class=\"size-medium wp-image-58956\" alt=\"Droga apreendida pela RP (Foto: Divulga\u00e7\u00e3o)\" src=\"http:\/\/senoticias.com.br\/se\/wp-content\/uploads\/2014\/01\/grande-drogas_230114-300x199.jpg\" width=\"300\" height=\"199\" srcset=\"https:\/\/senoticias.com.br\/se\/wp-content\/uploads\/2014\/01\/grande-drogas_230114-300x199.jpg 300w, https:\/\/senoticias.com.br\/se\/wp-content\/uploads\/2014\/01\/grande-drogas_230114-342x227.jpg 342w, https:\/\/senoticias.com.br\/se\/wp-content\/uploads\/2014\/01\/grande-drogas_230114.jpg 1000w\" sizes=\"(max-width: 300px) 100vw, 300px\" \/><\/a><p id=\"caption-attachment-58956\" class=\"wp-caption-text\">Droga apreendida pela RP (Foto: Divulga\u00e7\u00e3o)<\/p><\/div>\n<p style=\"text-align: justify;\">Tr\u00eas homens foram presos na tarde desta quinta-feira, 23, portando 2,6Kg de maconha prensada. A apreens\u00e3o foi realizada na rua M\u00e9xico, no bairro Am\u00e9rica, em Aracaju.<\/p>\n<p style=\"text-align: justify;\">De acordo com o Major Rollemberg, uma viatura da R\u00e1dio Patrulha (RP) estava realizando uma ronda no bairro quando abordaram os suspeitos. \u201cAo ver a aproxima\u00e7\u00e3o da pol\u00edcia os suspeitos empreenderam fuga. Os soldados perseguiram os suspeitos at\u00e9 captur\u00e1-los\u201d, afirma o Major.<\/p>\n<p style=\"text-align: justify;\">\u201cForam encontrados dois tabletes de maconha prensada enrolada em um papel de presente. Os homens foram encaminhados a Delegacia Plantonista (Deplan)\u201d, finaliza.<\/p>\n<p style=\"text-align: justify;\">\n<p style=\"text-align: justify;\"><em>Com informa\u00e7\u00f5es da Delegacia Plantonista\u00a0<\/em><\/p>\n<p style=\"text-align: justify;\">\n","protected":false},"excerpt":{"rendered":"<p>Tr\u00eas homens foram presos na tarde desta quinta-feira, 23, portando 2,6Kg de maconha prensada. A apreens\u00e3o foi realizada na rua M\u00e9xico, no bairro Am\u00e9rica, em Aracaju. De acordo com o Major Rollemberg, uma viatura da R\u00e1dio Patrulha (RP) estava realizando uma ronda no bairro quando abordaram os suspeitos. \u201cAo ver a aproxima\u00e7\u00e3o da pol\u00edcia os [&hellip;]<\/p>\n","protected":false},"author":1,"featured_media":58956,"comment_status":"closed","ping_status":"closed","sticky":false,"template":"","format":"standard","meta":{"footnotes":""},"categories":[7],"tags":[],"class_list":{"0":"post-58955","1":"post","2":"type-post","3":"status-publish","4":"format-standard","5":"has-post-thumbnail","7":"category-policia"},"_links":{"self":[{"href":"https:\/\/senoticias.com.br\/se\/wp-json\/wp\/v2\/posts\/58955"}],"collection":[{"href":"https:\/\/senoticias.com.br\/se\/wp-json\/wp\/v2\/posts"}],"about":[{"href":"https:\/\/senoticias.com.br\/se\/wp-json\/wp\/v2\/types\/post"}],"author":[{"embeddable":true,"href":"https:\/\/senoticias.com.br\/se\/wp-json\/wp\/v2\/users\/1"}],"replies":[{"embeddable":true,"href":"https:\/\/senoticias.com.br\/se\/wp-json\/wp\/v2\/comments?post=58955"}],"version-history":[{"count":0,"href":"https:\/\/senoticias.com.br\/se\/wp-json\/wp\/v2\/posts\/58955\/revisions"}],"wp:featuredmedia":[{"embeddable":true,"href":"https:\/\/senoticias.com.br\/se\/wp-json\/wp\/v2\/media\/58956"}],"wp:attachment":[{"href":"https:\/\/senoticias.com.br\/se\/wp-json\/wp\/v2\/media?parent=58955"}],"wp:term":[{"taxonomy":"category","embeddable":true,"href":"https:\/\/senoticias.com.br\/se\/wp-json\/wp\/v2\/categories?post=58955"},{"taxonomy":"post_tag","embeddable":true,"href":"https:\/\/senoticias.com.br\/se\/wp-json\/wp\/v2\/tags?post=58955"}],"curies":[{"name":"wp","href":"https:\/\/api.w.org\/{rel}","templated":true}]}}