{"id":58939,"date":"2014-01-23T16:16:40","date_gmt":"2014-01-23T19:16:40","guid":{"rendered":"http:\/\/senoticias.com.br\/se\/?p=58939"},"modified":"2014-01-23T17:18:33","modified_gmt":"2014-01-23T20:18:33","slug":"jackson-assina-ordem-de-servico-para-obra-do-hospital-do-cancer-nesta-sexta-feira","status":"publish","type":"post","link":"https:\/\/senoticias.com.br\/se\/jackson-assina-ordem-de-servico-para-obra-do-hospital-do-cancer-nesta-sexta-feira\/","title":{"rendered":"Jackson assina Ordem de Servi\u00e7o para obra do Hospital do C\u00e2ncer nesta sexta-feira"},"content":{"rendered":"<div id=\"attachment_58940\" style=\"width: 310px\" class=\"wp-caption alignright\"><a href=\"http:\/\/senoticias.com.br\/se\/wp-content\/uploads\/2014\/01\/JacksonBarretoFotodeMarcosRodriguesASN.jpeg\"><img loading=\"lazy\" decoding=\"async\" aria-describedby=\"caption-attachment-58940\" class=\"size-medium wp-image-58940\" alt=\"Governador Jackson Barreto \/ Foto de Marcos Rodrigues ASN\" src=\"http:\/\/senoticias.com.br\/se\/wp-content\/uploads\/2014\/01\/JacksonBarretoFotodeMarcosRodriguesASN-300x228.jpeg\" width=\"300\" height=\"228\" \/><\/a><p id=\"caption-attachment-58940\" class=\"wp-caption-text\">Governador Jackson Barreto \/ Foto de Marcos Rodrigues ASN<\/p><\/div>\n<p style=\"text-align: justify;\">Uma conquista de import\u00e2ncia hist\u00f3rica para a amplia\u00e7\u00e3o da oferta dos servi\u00e7os de sa\u00fade e, sobretudo, para os pacientes oncol\u00f3gicos e com defici\u00eancia atendidos pelo Sistema \u00danico de Sa\u00fade (SUS) em Sergipe. Essa \u00e9 a perspectiva consolidada com um ato simb\u00f3lico que ser\u00e1 realizado nesta sexta-feira, 24, quando o governador Jackson Barreto assinar\u00e1 a ordem de servi\u00e7o para terraplanagem do Hospital do C\u00e2ncer e do Centro de Reabilita\u00e7\u00e3o para Pessoas com Defici\u00eancia. Ambas as realiza\u00e7\u00f5es s\u00e3o fruto de um compromisso assumido pelo ex-governador Marcelo D\u00e9da e que Jackson d\u00e1 continuidade.<\/p>\n<p style=\"text-align: justify;\"><strong>Siga o SE Not\u00edcias pelo <a href=\"https:\/\/twitter.com\/Senoticias\" target=\"_blank\">Twitter<\/a> e curta no <a href=\"https:\/\/www.facebook.com\/PortalSENoticias\" target=\"_blank\">Facebook\u00a0<\/a><\/strong><\/p>\n<p style=\"text-align: justify;\">De acordo com o planejamento do Governo do Estado, esta nova unidade, que ser\u00e1 batizada como Hospital Especializado em C\u00e2ncer Governador Marcelo D\u00e9da Chagas, n\u00e3o oferecer\u00e1 apenas o tratamento especializado em neoplasias, a meta \u00e9 que ele tamb\u00e9m se transforme em unidade de refer\u00eancia em cirurgias minimamente invasivas e at\u00e9 transplantes, fazendo com que Sergipe assuma uma posi\u00e7\u00e3o de destaque em tais procedimentos no Nordeste.<\/p>\n<div id=\"attachment_58946\" style=\"width: 310px\" class=\"wp-caption alignright\"><a href=\"http:\/\/senoticias.com.br\/se\/wp-content\/uploads\/2014\/01\/joelia111.jpg\"><img loading=\"lazy\" decoding=\"async\" aria-describedby=\"caption-attachment-58946\" class=\"size-medium wp-image-58946\" alt=\"Secret\u00e1ria Jo\u00e9lia Silva \/ Foto: Ascom\/SES\" src=\"http:\/\/senoticias.com.br\/se\/wp-content\/uploads\/2014\/01\/joelia111-300x222.jpg\" width=\"300\" height=\"222\" srcset=\"https:\/\/senoticias.com.br\/se\/wp-content\/uploads\/2014\/01\/joelia111-300x222.jpg 300w, https:\/\/senoticias.com.br\/se\/wp-content\/uploads\/2014\/01\/joelia111-342x253.jpg 342w, https:\/\/senoticias.com.br\/se\/wp-content\/uploads\/2014\/01\/joelia111-60x45.jpg 60w, https:\/\/senoticias.com.br\/se\/wp-content\/uploads\/2014\/01\/joelia111.jpg 512w\" sizes=\"(max-width: 300px) 100vw, 300px\" \/><\/a><p id=\"caption-attachment-58946\" class=\"wp-caption-text\">Secret\u00e1ria Jo\u00e9lia Silva \/ Foto: Ascom\/SES<\/p><\/div>\n<p style=\"text-align: justify;\">A nova unidade ampliar\u00e1 a atual capacidade de internamento de pacientes oncol\u00f3gicos dos 50 leitos de enfermaria dispon\u00edveis no atual Centro de Oncologia Osvaldo Leite, vinculado ao Huse, para 150 leitos (sendo 30 leitos pedi\u00e1tricos) e com a possibilidade de amplia\u00e7\u00e3o para at\u00e9 210 leitos. A capacidade de realiza\u00e7\u00e3o de cirurgias tamb\u00e9m ser\u00e1 multiplicada, j\u00e1 que de uma sala cir\u00fargica existente hoje no Centro de Oncologia, passar\u00e3o a funcionar seis novas salas com todos os equipamentos necess\u00e1rios utilizando o que h\u00e1 de mais moderno em equipamentos.<\/p>\n<p style=\"text-align: justify;\"><strong>Recursos<\/strong><\/p>\n<p style=\"text-align: justify;\">Fruto da a\u00e7\u00e3o decidida do governador Marcelo D\u00e9da, ap\u00f3s a elabora\u00e7\u00e3o do projeto e a apresenta\u00e7\u00e3o juntos aos organismos regulat\u00f3rios vinculados ao Minist\u00e9rio da Sa\u00fade, o projeto do Hospital do C\u00e2ncer recebeu recursos oriundo de emendas parlamentares de bancada e a inclus\u00e3o no Or\u00e7amento Geral da Uni\u00e3o (OGU), dos quais j\u00e1 se conta com tr\u00eas empenhos realizados totalizando R$ 32,7 milh\u00f5es em recursos do Tesouro Nacional que, somados a mais R$ 15 milh\u00f5es reservados no Proinveste, totalizam R$ 47 milh\u00f5es dispon\u00edveis atualmente.<\/p>\n<p style=\"text-align: justify;\">Outros R$ 33 milh\u00f5es necess\u00e1rios para se chegar ao total de R$ 80 milh\u00f5es para a conclus\u00e3o da obra, j\u00e1 est\u00e3o assegurados fruto da interven\u00e7\u00e3o e participa\u00e7\u00e3o direta do governador Jackson Barreto em tratativas com o ministro da Sa\u00fade, Alexandre Padilha.<\/p>\n<p style=\"text-align: justify;\">Contrapondo afirma\u00e7\u00f5es de opositores que davam conta da perda de recursos destinados \u00e0 esta obra, recentemente, a secret\u00e1ria de Estado da Sa\u00fade, Jo\u00e9lia Silva comprovou publicamente, com a exposi\u00e7\u00e3o de extratos de opera\u00e7\u00f5es banc\u00e1rias, que n\u00e3o houve perda de recursos e os tr\u00e2mites continuam o seu curso normal.<\/p>\n<p style=\"text-align: justify;\"><strong>Equipamentos<\/strong><\/p>\n<p style=\"text-align: justify;\">Para assegurar a aquisi\u00e7\u00e3o dos equipamentos mais modernos e funcionalmente adequados aos tratamentos oferecidos na nova unidade, o Governo do Estado contar\u00e1 com recursos do programa Proredes que assegurar\u00e1 a compra de equipamentos como o raio-X digital e o mam\u00f3grafo digital que s\u00e3o preponderantes no tratamento oncol\u00f3gico. Para esta finalidade, j\u00e1 est\u00e3o previstos recursos da ordem de R$ 35 milh\u00f5es e todo o projeto j\u00e1 foi encaminhado para an\u00e1lise na Assembleia Legislativa.<\/p>\n<p style=\"text-align: justify;\"><strong>Parceria T\u00e9cnica<\/strong><\/p>\n<p style=\"text-align: justify;\">Outra preocupa\u00e7\u00e3o expressa na conforma\u00e7\u00e3o de uma unidade com essa dimens\u00e3o e import\u00e2ncia \u00e9 a forma\u00e7\u00e3o e capacita\u00e7\u00e3o da m\u00e3o de obra necess\u00e1ria. Nesse sentido, o governador Jackson Barreto e a secret\u00e1ria Jo\u00e9lia Silva foram conhecer e interagir com um dos mais renomados centros de tratamentos de c\u00e2ncer da Am\u00e9rica Latina e do mundo, que \u00e9 o Hospital de C\u00e2ncer de Barretos, para onde estar\u00e1 sendo enviada uma equipe composta por m\u00e9dicos, enfermeiros, profissionais de sa\u00fade de diversas \u00e1reas e at\u00e9 arquitetos, para coletar as experi\u00eancias inovadoras desenvolvidas l\u00e1.<\/p>\n<p style=\"text-align: justify;\">\u201cO Hospital de Barretos ser\u00e1 o nosso referencial t\u00e9cnico. A nossa meta \u00e9 oferecer toda uma estrutura especializada e com o adensamento tecnol\u00f3gico que se faz necess\u00e1rio para o tratamento do c\u00e2ncer hoje em dia\u201d, afirma a secret\u00e1ria Jo\u00e9lia.<\/p>\n<p style=\"text-align: justify;\"><strong>Centro para Deficientes<\/strong><\/p>\n<p style=\"text-align: justify;\">A outra grande conquista para os sergipanos, cujo in\u00edcio da constru\u00e7\u00e3o tamb\u00e9m ser\u00e1 assegurado nesta sexta-feira, 24, \u00e9 Centro de Especialidade em Reabilita\u00e7\u00e3o (Tipo IV) que garantir\u00e1 o atendimento a defici\u00eancias f\u00edsicas, motoras, intelectuais, auditivas e visuais. Ser\u00e1 o primeiro constru\u00eddo neste modelo no pa\u00eds e ser\u00e1, de acordo com determina\u00e7\u00f5es do Governo Federal, modelo para centros em outros estados.<\/p>\n<p style=\"text-align: justify;\">O referido centro recebeu do atual governador Jackson Barreto, ainda quando era deputado federal, recursos de uma emenda de bancada no valor de R$ 18 milh\u00f5es, atendendo ao pedido da ent\u00e3o primeira dama e secret\u00e1ria de Inclus\u00e3o Social, Eliane Aquino.<\/p>\n<p style=\"text-align: justify;\">A log\u00edstica de atua\u00e7\u00e3o atender\u00e1 a todas as necessidades de inclus\u00e3o social, abordando o atendimento, assist\u00eancia necess\u00e1ria, oferecimento de oficinas para pr\u00e1ticas recomendadas para reabilita\u00e7\u00e3o e reinser\u00e7\u00e3o social.<\/p>\n<p style=\"text-align: justify;\">\u201cL\u00e1 trabalharemos todas as necessidades destes pacientes, oferecendo preven\u00e7\u00e3o, promo\u00e7\u00e3o \u00e0 sa\u00fade, e reinser\u00e7\u00e3o na vida social para as pessoas com defici\u00eancia, trazendo adensamento tecnol\u00f3gico moderno, inclusive com recursos previstos no Proinveste para a obra, e para equipamentos no Proredes, cujo custo total est\u00e1 or\u00e7ado em R$ 21 milh\u00f5es. Por isso, tamb\u00e9m apelamos para a sensibilidade dos nossos parlamentares, j\u00e1 que este projeto tamb\u00e9m est\u00e1 em an\u00e1lise na Assembleia Legislativa desde agosto de 2013. O Que almejamos \u00e9 que, assim que os trabalhos legislativos sejam retomados, consigamos a autoriza\u00e7\u00e3o legal para dar prosseguimento a mais essa iniciativa\u201d, concluiu a secret\u00e1ria Jo\u00e9lia Silva.<\/p>\n<p style=\"text-align: justify;\">Este projeto, pelo car\u00e1ter inovador e abrangente que apresenta, tamb\u00e9m atraiu a aten\u00e7\u00e3o de organismos internacionais como o Banco Interamericano de Desenvolvimento (BID), j\u00e1 que as equipes da Secretaria da Sa\u00fade e da Secretaria de Estado da Assist\u00eancia, Inclus\u00e3o e Desenvolvimento Social (Seides) que abordar\u00e3o cada paciente, com suas especificidades, dentro das premissas do SUS e do Sistema \u00danico de Assist\u00eancia Social (Suas).<\/p>\n<p style=\"text-align: justify;\"><em><strong>Ag\u00eancia Sergipe de Not\u00edcia\u00a0<\/strong><\/em><\/p>\n","protected":false},"excerpt":{"rendered":"<p>Uma conquista de import\u00e2ncia hist\u00f3rica para a amplia\u00e7\u00e3o da oferta dos servi\u00e7os de sa\u00fade e, sobretudo, para os pacientes oncol\u00f3gicos e com defici\u00eancia atendidos pelo Sistema \u00danico de Sa\u00fade (SUS) em Sergipe. Essa \u00e9 a perspectiva consolidada com um ato simb\u00f3lico que ser\u00e1 realizado nesta sexta-feira, 24, quando o governador Jackson Barreto assinar\u00e1 a ordem [&hellip;]<\/p>\n","protected":false},"author":1,"featured_media":58940,"comment_status":"closed","ping_status":"closed","sticky":false,"template":"","format":"standard","meta":{"footnotes":""},"categories":[6],"tags":[],"class_list":{"0":"post-58939","1":"post","2":"type-post","3":"status-publish","4":"format-standard","5":"has-post-thumbnail","7":"category-politica"},"_links":{"self":[{"href":"https:\/\/senoticias.com.br\/se\/wp-json\/wp\/v2\/posts\/58939"}],"collection":[{"href":"https:\/\/senoticias.com.br\/se\/wp-json\/wp\/v2\/posts"}],"about":[{"href":"https:\/\/senoticias.com.br\/se\/wp-json\/wp\/v2\/types\/post"}],"author":[{"embeddable":true,"href":"https:\/\/senoticias.com.br\/se\/wp-json\/wp\/v2\/users\/1"}],"replies":[{"embeddable":true,"href":"https:\/\/senoticias.com.br\/se\/wp-json\/wp\/v2\/comments?post=58939"}],"version-history":[{"count":0,"href":"https:\/\/senoticias.com.br\/se\/wp-json\/wp\/v2\/posts\/58939\/revisions"}],"wp:featuredmedia":[{"embeddable":true,"href":"https:\/\/senoticias.com.br\/se\/wp-json\/wp\/v2\/media\/58940"}],"wp:attachment":[{"href":"https:\/\/senoticias.com.br\/se\/wp-json\/wp\/v2\/media?parent=58939"}],"wp:term":[{"taxonomy":"category","embeddable":true,"href":"https:\/\/senoticias.com.br\/se\/wp-json\/wp\/v2\/categories?post=58939"},{"taxonomy":"post_tag","embeddable":true,"href":"https:\/\/senoticias.com.br\/se\/wp-json\/wp\/v2\/tags?post=58939"}],"curies":[{"name":"wp","href":"https:\/\/api.w.org\/{rel}","templated":true}]}}