{"id":58861,"date":"2014-01-22T17:24:21","date_gmt":"2014-01-22T20:24:21","guid":{"rendered":"http:\/\/senoticias.com.br\/se\/?p=58861"},"modified":"2014-01-22T17:24:21","modified_gmt":"2014-01-22T20:24:21","slug":"vacinacao-contra-hpv-na-rede-publica-comeca-em-10-de-marco","status":"publish","type":"post","link":"https:\/\/senoticias.com.br\/se\/vacinacao-contra-hpv-na-rede-publica-comeca-em-10-de-marco\/","title":{"rendered":"Vacina\u00e7\u00e3o contra HPV na rede p\u00fablica come\u00e7a em 10 de mar\u00e7o"},"content":{"rendered":"<div id=\"attachment_58863\" style=\"width: 310px\" class=\"wp-caption alignright\"><a href=\"http:\/\/senoticias.com.br\/se\/wp-content\/uploads\/2014\/01\/vacina.jpg\"><img loading=\"lazy\" decoding=\"async\" aria-describedby=\"caption-attachment-58863\" class=\"size-medium wp-image-58863\" alt=\"A meta do governo \u00e9 imunizar 80% de um total de 5,2 milh\u00f5es de meninas.\" src=\"http:\/\/senoticias.com.br\/se\/wp-content\/uploads\/2014\/01\/vacina-300x199.jpg\" width=\"300\" height=\"199\" srcset=\"https:\/\/senoticias.com.br\/se\/wp-content\/uploads\/2014\/01\/vacina-300x199.jpg 300w, https:\/\/senoticias.com.br\/se\/wp-content\/uploads\/2014\/01\/vacina-1024x680.jpg 1024w, https:\/\/senoticias.com.br\/se\/wp-content\/uploads\/2014\/01\/vacina-342x227.jpg 342w, https:\/\/senoticias.com.br\/se\/wp-content\/uploads\/2014\/01\/vacina.jpg 1200w\" sizes=\"(max-width: 300px) 100vw, 300px\" \/><\/a><p id=\"caption-attachment-58863\" class=\"wp-caption-text\">A meta do governo \u00e9 imunizar 80% de um total de 5,2 milh\u00f5es de meninas.<\/p><\/div>\n<p style=\"text-align: justify;\">A vacina\u00e7\u00e3o de meninas de 11 a 13 anos contra o papiloma v\u00edrus humano (HPV) na rede p\u00fablica de sa\u00fade vai come\u00e7ar no dia 10 de mar\u00e7o. O an\u00fancio foi feito hoje (22) pelo Minist\u00e9rio da Sa\u00fade. O v\u00edrus \u00e9 uma das principais causas do c\u00e2ncer de colo de \u00fatero, o terceiro tipo mais frequente de c\u00e2ncer entre mulheres, atr\u00e1s apenas do c\u00e2ncer de mama e do c\u00e2ncer de c\u00f3lon e reto.<\/p>\n<p style=\"text-align: justify;\"><strong>Siga o SE Not\u00edcias pelo <a href=\"https:\/\/twitter.com\/Senoticias\" target=\"_blank\">Twitter <\/a>e curta no <a href=\"https:\/\/www.facebook.com\/PortalSENoticias?fref=ts\" target=\"_blank\">Facebook\u00a0<\/a><\/strong><\/p>\n<p style=\"text-align: justify;\">A meta do governo \u00e9 imunizar 80% de um total de 5,2 milh\u00f5es de meninas. A vacina estar\u00e1 dispon\u00edvel em 36 mil postos de sa\u00fade da rede p\u00fablica durante todo o ano, como parte da rotina de imuniza\u00e7\u00e3o. Para se vacinar, basta apresentar o cart\u00e3o de vacina\u00e7\u00e3o ou um documento com foto. A imuniza\u00e7\u00e3o \u00e9 feita em tr\u00eas doses: a segunda vem seis meses depois da primeira e a terceira, cinco anos ap\u00f3s a primeira.<\/p>\n<p>A coordenadora do Programa Nacional de Imuniza\u00e7\u00e3o, Carla Domingues, ressaltou que a vacina tem car\u00e1ter preventivo e n\u00e3o substitui a realiza\u00e7\u00e3o do exame conhecido como papanicolau, nem o uso de preservativo em rela\u00e7\u00f5es sexuais.<\/p>\n<p>J\u00e1 o ministro da Sa\u00fade, Alexandre Padilha, lembrou que a orienta\u00e7\u00e3o da pasta \u00e9 que as secretarias estaduais e municipais de sa\u00fade promovam a vacina\u00e7\u00e3o em parceria com as secretarias de educa\u00e7\u00e3o, com estrat\u00e9gias de imuniza\u00e7\u00e3o dentro de escolas p\u00fablicas e particulares.<\/p>\n<p>\u201cTodos os estudos mostram que nessa faixa et\u00e1ria, de 9 a 13 anos, \u00e9 quando, ao se aplicar a vacina, a produ\u00e7\u00e3o de anticorpos tem maior intensidade. Chegamos ao n\u00edvel m\u00e1ximo de prote\u00e7\u00e3o que essa vacina pode gerar contra o HPV\u201d, explicou.<\/p>\n<p>Segundo o minist\u00e9rio, a capacita\u00e7\u00e3o a dist\u00e2ncia de profissionais de sa\u00fade e de professores deve come\u00e7ar em fevereiro. As escolas tamb\u00e9m devem refor\u00e7ar a import\u00e2ncia da imuniza\u00e7\u00e3o, distribuindo um guia pr\u00e1tico sobre a o v\u00edrus para adolescentes, pais e professores.<\/p>\n<p>Para o primeiro ano da imuniza\u00e7\u00e3o, o governo adquiriu 15 milh\u00f5es de doses. A vacina utilizada ser\u00e1 a quadrivalente, recomendada pela Organiza\u00e7\u00e3o Pan-Americana de Sa\u00fade (Opas), que oferece prote\u00e7\u00e3o contra quatro subtipos do HPV (6, 11, 16 e 18). Os subtipos 16 e 18 s\u00e3o respons\u00e1veis por cerca de 70% dos casos de c\u00e2ncer de colo de \u00fatero em todo o mundo. De acordo com a pasta, em 2015, a vacina ser\u00e1 oferecida para adolescentes de 9 a 11 anos.<\/p>\n<p>Para a produ\u00e7\u00e3o da vacina, o minist\u00e9rio firmou parceria com o Instituto Butantan e com um laborat\u00f3rio privado. Ser\u00e1 investido R$ 1,1 bilh\u00e3o na compra de 41 milh\u00f5es de doses durante cinco anos \u2013 per\u00edodo necess\u00e1rio para a transfer\u00eancia de tecnologia. A parceria, segundo o governo, possibilitou uma economia estimada em R$ 83,5 milh\u00f5es.<\/p>\n<p>O HPV \u00e9 um v\u00edrus transmitido pelo contato direto com a pele ou mucosas infectadas por meio de rela\u00e7\u00e3o sexual. O v\u00edrus tamb\u00e9m pode ser transmitido de m\u00e3e para filho no momento do parto. A estimativa da Organiza\u00e7\u00e3o Mundial da Sa\u00fade (OMS) \u00e9 que 290 milh\u00f5es de mulheres no mundo s\u00e3o portadoras da doen\u00e7a, sendo 32% infectadas pelos subtipos 16 e 18.<\/p>\n<p>Em rela\u00e7\u00e3o ao c\u00e2ncer de colo de \u00fatero, a estimativa \u00e9 que 270 mil mulheres morrem todos os anos devido \u00e0 doen\u00e7a. No Brasil, o Instituto do C\u00e2ncer (Inca) estima que devem surgir 15 mil novos casos da doen\u00e7a e 4.800 \u00f3bitos por esse tipo de c\u00e2ncer.<\/p>\n<p style=\"text-align: justify;\">Fonte: Ag\u00eancia Brasil<\/p>\n","protected":false},"excerpt":{"rendered":"<p>A vacina\u00e7\u00e3o de meninas de 11 a 13 anos contra o papiloma v\u00edrus humano (HPV) na rede p\u00fablica de sa\u00fade vai come\u00e7ar no dia 10 de mar\u00e7o. O an\u00fancio foi feito hoje (22) pelo Minist\u00e9rio da Sa\u00fade. O v\u00edrus \u00e9 uma das principais causas do c\u00e2ncer de colo de \u00fatero, o terceiro tipo mais frequente [&hellip;]<\/p>\n","protected":false},"author":1,"featured_media":58863,"comment_status":"closed","ping_status":"closed","sticky":false,"template":"","format":"standard","meta":{"footnotes":""},"categories":[20],"tags":[],"class_list":{"0":"post-58861","1":"post","2":"type-post","3":"status-publish","4":"format-standard","5":"has-post-thumbnail","7":"category-saude"},"_links":{"self":[{"href":"https:\/\/senoticias.com.br\/se\/wp-json\/wp\/v2\/posts\/58861"}],"collection":[{"href":"https:\/\/senoticias.com.br\/se\/wp-json\/wp\/v2\/posts"}],"about":[{"href":"https:\/\/senoticias.com.br\/se\/wp-json\/wp\/v2\/types\/post"}],"author":[{"embeddable":true,"href":"https:\/\/senoticias.com.br\/se\/wp-json\/wp\/v2\/users\/1"}],"replies":[{"embeddable":true,"href":"https:\/\/senoticias.com.br\/se\/wp-json\/wp\/v2\/comments?post=58861"}],"version-history":[{"count":0,"href":"https:\/\/senoticias.com.br\/se\/wp-json\/wp\/v2\/posts\/58861\/revisions"}],"wp:featuredmedia":[{"embeddable":true,"href":"https:\/\/senoticias.com.br\/se\/wp-json\/wp\/v2\/media\/58863"}],"wp:attachment":[{"href":"https:\/\/senoticias.com.br\/se\/wp-json\/wp\/v2\/media?parent=58861"}],"wp:term":[{"taxonomy":"category","embeddable":true,"href":"https:\/\/senoticias.com.br\/se\/wp-json\/wp\/v2\/categories?post=58861"},{"taxonomy":"post_tag","embeddable":true,"href":"https:\/\/senoticias.com.br\/se\/wp-json\/wp\/v2\/tags?post=58861"}],"curies":[{"name":"wp","href":"https:\/\/api.w.org\/{rel}","templated":true}]}}