{"id":58859,"date":"2014-01-22T17:22:11","date_gmt":"2014-01-22T20:22:11","guid":{"rendered":"http:\/\/senoticias.com.br\/se\/?p=58859"},"modified":"2014-01-22T17:22:11","modified_gmt":"2014-01-22T20:22:11","slug":"jackson-discute-obras-com-5-prefeitos-do-interior-sergipano","status":"publish","type":"post","link":"https:\/\/senoticias.com.br\/se\/jackson-discute-obras-com-5-prefeitos-do-interior-sergipano\/","title":{"rendered":"Jackson discute obras com 5 prefeitos do interior sergipano"},"content":{"rendered":"<div id=\"attachment_58862\" style=\"width: 310px\" class=\"wp-caption alignright\"><a href=\"http:\/\/senoticias.com.br\/se\/wp-content\/uploads\/2014\/01\/ReunioescomprefeitosSANTOAMARO2.jpg\"><img loading=\"lazy\" decoding=\"async\" aria-describedby=\"caption-attachment-58862\" class=\"size-medium wp-image-58862\" alt=\"Jackson e o prefeito de Santo Amaro das Brotas, Lu\u00eds Herman Mancilla Gallardo, o \u201cChileno\u201d \/  (Foto: Marcelle Cristinne\/ASN) \" src=\"http:\/\/senoticias.com.br\/se\/wp-content\/uploads\/2014\/01\/ReunioescomprefeitosSANTOAMARO2-300x194.jpg\" width=\"300\" height=\"194\" srcset=\"https:\/\/senoticias.com.br\/se\/wp-content\/uploads\/2014\/01\/ReunioescomprefeitosSANTOAMARO2-300x194.jpg 300w, https:\/\/senoticias.com.br\/se\/wp-content\/uploads\/2014\/01\/ReunioescomprefeitosSANTOAMARO2-342x221.jpg 342w, https:\/\/senoticias.com.br\/se\/wp-content\/uploads\/2014\/01\/ReunioescomprefeitosSANTOAMARO2.jpg 500w\" sizes=\"(max-width: 300px) 100vw, 300px\" \/><\/a><p id=\"caption-attachment-58862\" class=\"wp-caption-text\">Jackson e o prefeito de Santo Amaro das Brotas, Lu\u00eds Herman Mancilla Gallardo, o \u201cChileno\u201d \/ (Foto: Marcelle Cristinne\/ASN)<\/p><\/div>\n<p style=\"text-align: justify;\">Do final da manh\u00e3 ao in\u00edcio da tarde desta quarta-feira, 22, o governador Jackson Barreto discutiu a realiza\u00e7\u00e3o de diversas obras e ouviu reivindica\u00e7\u00f5es de prefeitos de cinco munic\u00edpios sergipanos. Foram recebidos o prefeito de Graccho Cardoso, Jos\u00e9 Nic\u00e1rcio Arag\u00e3o; o prefeito de Santo Amaro das Brotas, Lu\u00eds Herman Mancilla Gallardo, o \u201cChileno\u201d; a prefeita de S\u00e3o Miguel do Aleixo, Selma de Mauro Rocha; o prefeito de Cumbe, Marcelo Moraes; e o prefeito de Po\u00e7o Verde, Thiago D\u00f3ria. Os prefeitos foram recebidos no Pal\u00e1cio de Veraneio.<\/p>\n<p style=\"text-align: justify;\">\u201cDiscutimos com todos os prefeitos um cronograma de lan\u00e7amento de obras nos seus respectivos munic\u00edpios. Ser\u00e3o obras estruturantes e fundamentais para beneficiar a qualidade de vida da popula\u00e7\u00e3o, compromissos assumidos e que agora ser\u00e3o viabilizadas no \u00e2mbito dos programas Sergipe Cidades e Sergipe Infraestrutura\u201d, esclareceu o governador.<\/p>\n<p style=\"text-align: justify;\">Segundo Jackson Barreto, as prefeituras municipais v\u00eam enfrentando momentos de muitas dificuldades, a exemplo da crise financeira que tamb\u00e9m se abate sobre o Governo do Estado. \u201cPor isso, \u00e9 que atrav\u00e9s destas opera\u00e7\u00f5es de cr\u00e9dito e recursos que temos conseguido em n\u00edvel nacional e internacional, com parceiros como o Banco Mundial e o Banco Nacional de Desenvolvimento Econ\u00f4mico e Social, \u00e9 que estamos viabilizando algumas das diversas obras no interior e na capital\u201d, mencionou.<\/p>\n<p style=\"text-align: justify;\"><strong>Equil\u00edbrio no Desenvolvimento<\/strong><\/p>\n<p style=\"text-align: justify;\">A meta, ainda segundo o governador, \u00e9 receber a cada semana um grupo de prefeitos para buscar oferecer a contribui\u00e7\u00e3o do Estado para ajudar a desenvolver e manter o equil\u00edbrio entre o desenvolvimento da capital e do interior. \u201cN\u00f3s queremos continuar garantindo a gera\u00e7\u00e3o de empregos na capital e no interior, mantendo o desenvolvimento equilibrado, j\u00e1 que \u00e9 esta a pol\u00edtica que interessa a Sergipe\u201d, concluiu o governador.<\/p>\n<p style=\"text-align: justify;\"><strong>Sensibilidade<\/strong><\/p>\n<p style=\"text-align: justify;\">Para a prefeita Selma de Mauro, esta sensibilidade do governador \u00e0s dificuldades enfrentadas pelos munic\u00edpios, \u00e9 um instrumento fundamental para oferecer o que a popula\u00e7\u00e3o mais precisa, na maioria dos casos, que \u00e9 emprego e renda. \u201cAcredito que muito dessa sensibilidade de Jackson Barreto vem do fato de ele j\u00e1 ter sido prefeito e conhecer as ang\u00fastias que passamos junto com a popula\u00e7\u00e3o. Esse apoio do Governo do<\/p>\n<p style=\"text-align: justify;\">Estado \u00e9 o que, em muitos casos, est\u00e1 movimentando a economia nos pequenos munic\u00edpios, j\u00e1 que as obras sempre atraem investimentos e oferecem oportunidades de emprego e renda, sobretudo, para a popula\u00e7\u00e3o mais carente\u201d, destacou a prefeita.<\/p>\n<p style=\"text-align: justify;\">Tamb\u00e9m acompanharam os prefeitos, em algumas das reuni\u00f5es, assessores, secret\u00e1rios municipais e empres\u00e1rios com alguma vincula\u00e7\u00e3o com os servi\u00e7os a serem realizados.<\/p>\n<p><span style=\"color: #0000ff;\"><strong>Siga o SE Not\u00edcias pelo <a href=\"https:\/\/twitter.com\/Senoticias\" target=\"_blank\">Twitter<\/a> e curta no <a href=\" https:\/\/www.facebook.com\/PortalSENoticias\" target=\"_blank\">Facebook<\/a><\/strong><\/span><\/p>\n<p><strong>Ag\u00eancia Sergipe de Not\u00edcias<\/strong><\/p>\n","protected":false},"excerpt":{"rendered":"<p>Do final da manh\u00e3 ao in\u00edcio da tarde desta quarta-feira, 22, o governador Jackson Barreto discutiu a realiza\u00e7\u00e3o de diversas obras e ouviu reivindica\u00e7\u00f5es de prefeitos de cinco munic\u00edpios sergipanos. Foram recebidos o prefeito de Graccho Cardoso, Jos\u00e9 Nic\u00e1rcio Arag\u00e3o; o prefeito de Santo Amaro das Brotas, Lu\u00eds Herman Mancilla Gallardo, o \u201cChileno\u201d; a prefeita [&hellip;]<\/p>\n","protected":false},"author":1,"featured_media":58862,"comment_status":"closed","ping_status":"closed","sticky":false,"template":"","format":"standard","meta":{"footnotes":""},"categories":[6],"tags":[],"class_list":{"0":"post-58859","1":"post","2":"type-post","3":"status-publish","4":"format-standard","5":"has-post-thumbnail","7":"category-politica"},"_links":{"self":[{"href":"https:\/\/senoticias.com.br\/se\/wp-json\/wp\/v2\/posts\/58859"}],"collection":[{"href":"https:\/\/senoticias.com.br\/se\/wp-json\/wp\/v2\/posts"}],"about":[{"href":"https:\/\/senoticias.com.br\/se\/wp-json\/wp\/v2\/types\/post"}],"author":[{"embeddable":true,"href":"https:\/\/senoticias.com.br\/se\/wp-json\/wp\/v2\/users\/1"}],"replies":[{"embeddable":true,"href":"https:\/\/senoticias.com.br\/se\/wp-json\/wp\/v2\/comments?post=58859"}],"version-history":[{"count":0,"href":"https:\/\/senoticias.com.br\/se\/wp-json\/wp\/v2\/posts\/58859\/revisions"}],"wp:featuredmedia":[{"embeddable":true,"href":"https:\/\/senoticias.com.br\/se\/wp-json\/wp\/v2\/media\/58862"}],"wp:attachment":[{"href":"https:\/\/senoticias.com.br\/se\/wp-json\/wp\/v2\/media?parent=58859"}],"wp:term":[{"taxonomy":"category","embeddable":true,"href":"https:\/\/senoticias.com.br\/se\/wp-json\/wp\/v2\/categories?post=58859"},{"taxonomy":"post_tag","embeddable":true,"href":"https:\/\/senoticias.com.br\/se\/wp-json\/wp\/v2\/tags?post=58859"}],"curies":[{"name":"wp","href":"https:\/\/api.w.org\/{rel}","templated":true}]}}