{"id":58855,"date":"2014-01-22T14:32:37","date_gmt":"2014-01-22T17:32:37","guid":{"rendered":"http:\/\/senoticias.com.br\/se\/?p=58855"},"modified":"2014-01-23T07:17:57","modified_gmt":"2014-01-23T10:17:57","slug":"hosana-sergipe-acontece-neste-fim-de-semana","status":"publish","type":"post","link":"https:\/\/senoticias.com.br\/se\/hosana-sergipe-acontece-neste-fim-de-semana\/","title":{"rendered":"Hosana Sergipe acontece neste fim de semana"},"content":{"rendered":"<p style=\"text-align: justify;\">Com o tema \u201cS\u00f3 no Senhor: a for\u00e7a e a vit\u00f3ria\u201d, a Comunidade Can\u00e7\u00e3o Nova realiza nos pr\u00f3ximos dias 24, 25 e 26 de janeiro, o Hosana Sergipe 2014, considerado um dos maiores eventos crist\u00e3os do estado.<\/p>\n<p style=\"text-align: justify;\">Realizado desde 2009, o evento re\u00fane milhares de pessoas no Centro de Conven\u00e7\u00f5es de Sergipe (CIC) com uma programa\u00e7\u00e3o repleta de artistas locais e nacionais.<\/p>\n<p style=\"text-align: justify;\"><a href=\"http:\/\/senoticias.com.br\/se\/wp-content\/uploads\/2014\/01\/hosana-sergipe-20141.jpg\"><img loading=\"lazy\" decoding=\"async\" class=\"aligncenter size-full wp-image-58856\" alt=\"hosana-sergipe-20141\" src=\"http:\/\/senoticias.com.br\/se\/wp-content\/uploads\/2014\/01\/hosana-sergipe-20141.jpg\" width=\"595\" height=\"840\" srcset=\"https:\/\/senoticias.com.br\/se\/wp-content\/uploads\/2014\/01\/hosana-sergipe-20141.jpg 595w, https:\/\/senoticias.com.br\/se\/wp-content\/uploads\/2014\/01\/hosana-sergipe-20141-212x300.jpg 212w, https:\/\/senoticias.com.br\/se\/wp-content\/uploads\/2014\/01\/hosana-sergipe-20141-342x482.jpg 342w, https:\/\/senoticias.com.br\/se\/wp-content\/uploads\/2014\/01\/hosana-sergipe-20141-300x423.jpg 300w\" sizes=\"(max-width: 595px) 100vw, 595px\" \/><\/a><\/p>\n<p style=\"text-align: justify;\">Na sexta, 24, a partir das 19h30, haver\u00e1 a Santa Missa e, logo ap\u00f3s, apresentam-se Banda Alowadeira, Cosme e Flavinho. No s\u00e1bado, 25, Banda Arte de Viver, Marcos Paulo, Mission\u00e1rio Shalon e Tony Allysson sobem ao palco a partir das 19h30. J\u00e1 no domingo, a festa come\u00e7a a partir das 15h, com a celebra\u00e7\u00e3o da Santa Missa, e das apresenta\u00e7\u00f5es de Forr\u00f3 Brasa Viva, banda Debariah e Adriana Arydes.<\/p>\n<p style=\"text-align: justify;\">Os ingressos est\u00e3o sendo vendidos no local do evento ao pre\u00e7o de R$ 15 (os 3 dias) &#8211; se comprado antecipadamente &#8211; e de R$ 20 (na hora do evento). O ingresso individual custa R$ 8.<\/p>\n<p style=\"text-align: justify;\">Outras informa\u00e7\u00f5es no <a href=\"http:\/\/blog.cancaonova.com\/aracaju\/\" target=\"_blank\"><strong>site<\/strong><\/a> da Can\u00e7\u00e3o Nova.<\/p>\n<p><span style=\"color: #0000ff;\"><strong>Siga o SE Not\u00edcias pelo <a href=\"https:\/\/twitter.com\/Senoticias\" target=\"_blank\">Twitter<\/a> e curta no <a href=\"https:\/\/www.facebook.com\/PortalSENoticias\" target=\"_blank\">Facebook<\/a><\/strong><\/span><\/p>\n<p><em><strong>Informa\u00e7\u00f5es da Infonet<\/strong><\/em><\/p>\n","protected":false},"excerpt":{"rendered":"<p>Com o tema \u201cS\u00f3 no Senhor: a for\u00e7a e a vit\u00f3ria\u201d, a Comunidade Can\u00e7\u00e3o Nova realiza nos pr\u00f3ximos dias 24, 25 e 26 de janeiro, o Hosana Sergipe 2014, considerado um dos maiores eventos crist\u00e3os do estado. Realizado desde 2009, o evento re\u00fane milhares de pessoas no Centro de Conven\u00e7\u00f5es de Sergipe (CIC) com uma [&hellip;]<\/p>\n","protected":false},"author":1,"featured_media":58856,"comment_status":"closed","ping_status":"closed","sticky":false,"template":"","format":"standard","meta":{"footnotes":""},"categories":[310,46],"tags":[],"class_list":{"0":"post-58855","1":"post","2":"type-post","3":"status-publish","4":"format-standard","5":"has-post-thumbnail","7":"category-destaques-da-semana","8":"category-religiao"},"_links":{"self":[{"href":"https:\/\/senoticias.com.br\/se\/wp-json\/wp\/v2\/posts\/58855"}],"collection":[{"href":"https:\/\/senoticias.com.br\/se\/wp-json\/wp\/v2\/posts"}],"about":[{"href":"https:\/\/senoticias.com.br\/se\/wp-json\/wp\/v2\/types\/post"}],"author":[{"embeddable":true,"href":"https:\/\/senoticias.com.br\/se\/wp-json\/wp\/v2\/users\/1"}],"replies":[{"embeddable":true,"href":"https:\/\/senoticias.com.br\/se\/wp-json\/wp\/v2\/comments?post=58855"}],"version-history":[{"count":0,"href":"https:\/\/senoticias.com.br\/se\/wp-json\/wp\/v2\/posts\/58855\/revisions"}],"wp:featuredmedia":[{"embeddable":true,"href":"https:\/\/senoticias.com.br\/se\/wp-json\/wp\/v2\/media\/58856"}],"wp:attachment":[{"href":"https:\/\/senoticias.com.br\/se\/wp-json\/wp\/v2\/media?parent=58855"}],"wp:term":[{"taxonomy":"category","embeddable":true,"href":"https:\/\/senoticias.com.br\/se\/wp-json\/wp\/v2\/categories?post=58855"},{"taxonomy":"post_tag","embeddable":true,"href":"https:\/\/senoticias.com.br\/se\/wp-json\/wp\/v2\/tags?post=58855"}],"curies":[{"name":"wp","href":"https:\/\/api.w.org\/{rel}","templated":true}]}}