{"id":58850,"date":"2014-01-22T12:48:12","date_gmt":"2014-01-22T15:48:12","guid":{"rendered":"http:\/\/senoticias.com.br\/se\/?p=58850"},"modified":"2014-01-22T23:59:00","modified_gmt":"2014-01-23T02:59:00","slug":"aracaju-e-a-46a-mais-violenta-do-mundo","status":"publish","type":"post","link":"https:\/\/senoticias.com.br\/se\/aracaju-e-a-46a-mais-violenta-do-mundo\/","title":{"rendered":"Aracaju \u00e9 a 46\u00aa mais violenta do mundo; SSP\/SE contesta"},"content":{"rendered":"<div id=\"attachment_58851\" style=\"width: 310px\" class=\"wp-caption alignright\"><a href=\"http:\/\/senoticias.com.br\/se\/wp-content\/uploads\/2014\/01\/ARACAJU-DO-ALTO.jpg\"><img loading=\"lazy\" decoding=\"async\" aria-describedby=\"caption-attachment-58851\" class=\"size-medium wp-image-58851\" alt=\"O estudo realizado pela ONG utiliza as estat\u00edsticas oficiais dos governos locais de cidades com mais de 300 mil habitantes. (Foto: Reprodu\u00e7\u00e3o\/Portal Alarde)\" src=\"http:\/\/senoticias.com.br\/se\/wp-content\/uploads\/2014\/01\/ARACAJU-DO-ALTO-300x168.jpg\" width=\"300\" height=\"168\" srcset=\"https:\/\/senoticias.com.br\/se\/wp-content\/uploads\/2014\/01\/ARACAJU-DO-ALTO-300x168.jpg 300w, https:\/\/senoticias.com.br\/se\/wp-content\/uploads\/2014\/01\/ARACAJU-DO-ALTO-342x192.jpg 342w, https:\/\/senoticias.com.br\/se\/wp-content\/uploads\/2014\/01\/ARACAJU-DO-ALTO.jpg 960w\" sizes=\"(max-width: 300px) 100vw, 300px\" \/><\/a><p id=\"caption-attachment-58851\" class=\"wp-caption-text\">O estudo realizado pela ONG utiliza as estat\u00edsticas oficiais dos governos locais de cidades com mais de 300 mil habitantes. (Foto: Reprodu\u00e7\u00e3o\/Portal Alarde)<\/p><\/div>\n<p style=\"text-align: justify;\">Uma pesquisa da ONG (organiza\u00e7\u00e3o n\u00e3o governamental) Conselho Cidad\u00e3o para a Seguran\u00e7a P\u00fablica e Justi\u00e7a Penal do M\u00e9xico apontou Aracaju como a 16\u00aa mais violenta do Brasil e a 46\u00aa no mundo. O estudo utiliza taxas de homic\u00eddio do ano de 2013 para classificar as cidades como mais ou menos violentas. A Secretaria de Seguran\u00e7a P\u00fablica (SSP) contestou as informa\u00e7\u00f5es da pesquisa e voltou a criticar o m\u00e9todo utilizado.<\/p>\n<p style=\"text-align: justify;\"><strong>Siga o SE Not\u00edcias pelo <a href=\"https:\/\/twitter.com\/Senoticias\" target=\"_blank\">Twitter <\/a>e curta no <a href=\"https:\/\/www.facebook.com\/PortalSENoticias\" target=\"_blank\">Facebook\u00a0<\/a><\/strong><\/p>\n<p style=\"text-align: justify;\">Segundo a pesquisa, o Brasil tem 16 munic\u00edpios entre as 50 mais violentas do mundo. A capital sergipana aparece com uma taxa de 33,36 homic\u00eddios por 100 mil habitantes. Macei\u00f3 (AL) ocupa o quinto lugar do ranking e o primeiro lugar entre as cidades brasileiras com uma taxa de 79,76 homic\u00eddios por 100 mil habitantes. Entre as cidades brasileiras tamb\u00e9m est\u00e3o presentes na pesquisa Natal (RN) com 57,62; Salvador (BA) com 57,61; Vit\u00f3ria (ES) com 57,39; S\u00e3o Lu\u00eds (MA) com 57,04; Bel\u00e9m (PA) com 48,23; Campina Grande (PB) com 46; Goi\u00e2nia (GO) com 44,56; Cuiab\u00e1 (MT) com 43,95; Manaus (AM) com 42,53; Recife (PE) com 36,82; Macap\u00e1 (AP) com 36,59; e Belo Horizonte (MG) com 34,73.<\/p>\n<p style=\"text-align: justify;\">Para a SSP, a pesquisa da mesma forma como ocorreu em rela\u00e7\u00e3o ao Anu\u00e1rio Brasileiro de Seguran\u00e7a P\u00fablica n\u00e3o reproduz a realidade. E que Sergipe por tratar as estat\u00edsticas com alto padr\u00e3o de confiabilidade, diferente de alguns Estados, resulta na discrep\u00e2ncia na divulga\u00e7\u00e3o dos n\u00fameros. De acordo com a assessoria da SSP, tanto os dados do anu\u00e1rio quanto desta pesquisa da ONG mexicana n\u00e3o reflete a realidade.<\/p>\n<p style=\"text-align: justify;\">A SSP sustenta os argumentos, al\u00e9m dos n\u00fameros produzidos pelo setor de estat\u00edsticas do \u00f3rg\u00e3o, como tamb\u00e9m, como tamb\u00e9m numa pesquisa divulgada no final do ano passado na qual a capital sergipana foi onde a popula\u00e7\u00e3o foi menos v\u00edtima de crimes. O estudo faz um comparativo entre todos os Estados e capitais. Sergipe \u00e9 o quarto do Brasil e o primeiro do Nordeste. A pesquisa foi feita pelo Datafolha, com o acompanhamento do Centro de Estudos da Criminalidade e Seguran\u00e7a P\u00fablica da Universidade Federal de Minas Gerais.<\/p>\n<p style=\"text-align: justify;\">Tivemos, no ano passado, 11 munic\u00edpios sergipanos que n\u00e3o registraram nenhum homic\u00eddio. Itabaiana, historicamente, tratado como um munic\u00edpio violento, tivemos uma redu\u00e7\u00e3o em 33% no n\u00famero de homic\u00eddios\u201d, disse S\u00e9rgio Freire, assessor de comunica\u00e7\u00e3o da SSP.<\/p>\n<p style=\"text-align: justify;\">\u201cFaz parte do nosso planejamento estrat\u00e9gico, elucidando e prendendo. Tanto que o \u00edndice de elucida\u00e7\u00e3o \u00e9 um dos melhores do Brasil. A m\u00e9dia nacional \u00e9 de 5% a 8% e estamos com \u00edndice de 53%. Nosso objetivo \u00e9 elucidar o crime e cumprir o mandado contra o homicida\u201d, afirmou a superintendente da Pol\u00edcia Civil, Katarina Feitosa.<\/p>\n<p style=\"text-align: justify;\"><strong><em>Informa\u00e7\u00f5es do Jornal da Cidade Net<\/em><\/strong><\/p>\n","protected":false},"excerpt":{"rendered":"<p>Uma pesquisa da ONG (organiza\u00e7\u00e3o n\u00e3o governamental) Conselho Cidad\u00e3o para a Seguran\u00e7a P\u00fablica e Justi\u00e7a Penal do M\u00e9xico apontou Aracaju como a 16\u00aa mais violenta do Brasil e a 46\u00aa no mundo. O estudo utiliza taxas de homic\u00eddio do ano de 2013 para classificar as cidades como mais ou menos violentas. A Secretaria de Seguran\u00e7a [&hellip;]<\/p>\n","protected":false},"author":1,"featured_media":58851,"comment_status":"closed","ping_status":"closed","sticky":false,"template":"","format":"standard","meta":{"footnotes":""},"categories":[310,6],"tags":[],"class_list":{"0":"post-58850","1":"post","2":"type-post","3":"status-publish","4":"format-standard","5":"has-post-thumbnail","7":"category-destaques-da-semana","8":"category-politica"},"_links":{"self":[{"href":"https:\/\/senoticias.com.br\/se\/wp-json\/wp\/v2\/posts\/58850"}],"collection":[{"href":"https:\/\/senoticias.com.br\/se\/wp-json\/wp\/v2\/posts"}],"about":[{"href":"https:\/\/senoticias.com.br\/se\/wp-json\/wp\/v2\/types\/post"}],"author":[{"embeddable":true,"href":"https:\/\/senoticias.com.br\/se\/wp-json\/wp\/v2\/users\/1"}],"replies":[{"embeddable":true,"href":"https:\/\/senoticias.com.br\/se\/wp-json\/wp\/v2\/comments?post=58850"}],"version-history":[{"count":0,"href":"https:\/\/senoticias.com.br\/se\/wp-json\/wp\/v2\/posts\/58850\/revisions"}],"wp:featuredmedia":[{"embeddable":true,"href":"https:\/\/senoticias.com.br\/se\/wp-json\/wp\/v2\/media\/58851"}],"wp:attachment":[{"href":"https:\/\/senoticias.com.br\/se\/wp-json\/wp\/v2\/media?parent=58850"}],"wp:term":[{"taxonomy":"category","embeddable":true,"href":"https:\/\/senoticias.com.br\/se\/wp-json\/wp\/v2\/categories?post=58850"},{"taxonomy":"post_tag","embeddable":true,"href":"https:\/\/senoticias.com.br\/se\/wp-json\/wp\/v2\/tags?post=58850"}],"curies":[{"name":"wp","href":"https:\/\/api.w.org\/{rel}","templated":true}]}}