{"id":58842,"date":"2014-01-22T11:38:25","date_gmt":"2014-01-22T14:38:25","guid":{"rendered":"http:\/\/senoticias.com.br\/se\/?p=58842"},"modified":"2014-01-23T06:54:52","modified_gmt":"2014-01-23T09:54:52","slug":"mae-abandona-bebe-de-seis-meses-na-rodovia-joao-bebe-agua","status":"publish","type":"post","link":"https:\/\/senoticias.com.br\/se\/mae-abandona-bebe-de-seis-meses-na-rodovia-joao-bebe-agua\/","title":{"rendered":"M\u00e3e abandona beb\u00ea de seis meses na Rodovia Jo\u00e3o Bebe \u00c1gua"},"content":{"rendered":"<p>&nbsp;<\/p>\n<p style=\"text-align: justify;\">Policiais militares do Batalh\u00e3o de Choque, da equipe Pastor 10, encontraram por volta das 09h da manh\u00e3 desta quarta-feira (22), uma crian\u00e7a que foi abandonada pelos pais \u00e0s margens da rodovia Jo\u00e3o Bebe \u00c1gua, no povoado Umbaub\u00e1, munic\u00edpio de S\u00e3o Crist\u00f3v\u00e3o, a 25 km de Aracaju.<\/p>\n<div id=\"attachment_58843\" style=\"width: 605px\" class=\"wp-caption aligncenter\"><a href=\"http:\/\/senoticias.com.br\/se\/wp-content\/uploads\/2014\/01\/DSC_0140.jpg\"><img loading=\"lazy\" decoding=\"async\" aria-describedby=\"caption-attachment-58843\" class=\"size-full wp-image-58843\" alt=\"A crian\u00e7a foi encaminhada ao Conselho Tutelar do munic\u00edpio. (Foto: SE Not\u00edcias)\" src=\"http:\/\/senoticias.com.br\/se\/wp-content\/uploads\/2014\/01\/DSC_0140.jpg\" width=\"595\" height=\"397\" srcset=\"https:\/\/senoticias.com.br\/se\/wp-content\/uploads\/2014\/01\/DSC_0140.jpg 595w, https:\/\/senoticias.com.br\/se\/wp-content\/uploads\/2014\/01\/DSC_0140-300x200.jpg 300w, https:\/\/senoticias.com.br\/se\/wp-content\/uploads\/2014\/01\/DSC_0140-342x228.jpg 342w\" sizes=\"(max-width: 595px) 100vw, 595px\" \/><\/a><p id=\"caption-attachment-58843\" class=\"wp-caption-text\">A crian\u00e7a foi encaminhada ao Conselho Tutelar do munic\u00edpio. (Foto: SE Not\u00edcias)<\/p><\/div>\n<p style=\"text-align: justify;\">De acordo com informa\u00e7\u00f5es apuradas com a pol\u00edcia, o beb\u00ea estava jogado sem nenhum tipo de prote\u00e7\u00e3o na via, quando os militares passavam pelo local e detectaram a crian\u00e7a. Os policiais socorreram o beb\u00ea e providenciaram atendimento m\u00e9dico para a menina que aparenta ter menos de um ano de idade.<\/p>\n<p style=\"text-align: justify;\">A equipe comandada pelo sargento Cl\u00e1udio seguiu para fazer buscas na regi\u00e3o do povoado Umbaub\u00e1 e conseguiu localizar os pais do menino abandonado na rodovia. Os pais da garota foram levados em flagrante por abandono de incapaz e levados para a 12\u00aa Delegacia Metropolitana.A pris\u00e3o aconteceu cerca de meia hora ap\u00f3s a localiza\u00e7\u00e3o do beb\u00ea.<\/p>\n<p style=\"text-align: justify;\">O juiz da cidade, Manoel Costa Neto, ao saber da informa\u00e7\u00e3o, acionou o Conselho Tutelar, que enviou representantes para o local. Os pais confirmaram que o beb\u00ea tem seis meses de vida e est\u00e3o sendo interrogados pelo delegado da cidade.<\/p>\n<p style=\"text-align: justify;\"><strong>Delegacia<\/strong><\/p>\n<p style=\"text-align: justify;\">Ap\u00f3s a oitiva dos envolvidos foi confirmado que a m\u00e3e da crian\u00e7a \u00e9 uma menor de 17 anos identificada como J.J.F, abandonou a menina A.S.F nas proximidades da resid\u00eancia do pai, um homem de 51 anos de idade, ap\u00f3s ela ter ido pedir ajuda para comprar a alimenta\u00e7\u00e3o da menina. Com a negativa do pai, a adolescente, que segundo informa\u00e7\u00f5es de parentes, tem problemas psicol\u00f3gicos e \u00e9 tratada pelo CAPS da regi\u00e3o, abandonou a crian\u00e7a. Os familiares do pai da menina acionaram a pol\u00edcia, que levou os envolvidos para a delegacia.<\/p>\n<p style=\"text-align: justify;\"><span style=\"color: #0000ff;\"><strong>Siga o SE Not\u00edcias pelo <a href=\"https:\/\/twitter.com\/Senoticias\" target=\"_blank\">Twitter<\/a> e curta no <a href=\" https:\/\/www.facebook.com\/PortalSENoticias\" target=\"_blank\">Facebook<\/a><\/strong><\/span><\/p>\n<p style=\"text-align: justify;\"><em><strong>Informa\u00e7\u00f5es de M\u00e1rcio Rocha, do <a href=\"http:\/\/www.f5news.com.br\/12810_mae-abandona-bebe-de-seis-meses-em-rodovia.html\" target=\"_blank\">F5 News<\/a><\/strong><\/em><\/p>\n<p style=\"text-align: justify;\">\n","protected":false},"excerpt":{"rendered":"<p>&nbsp; Policiais militares do Batalh\u00e3o de Choque, da equipe Pastor 10, encontraram por volta das 09h da manh\u00e3 desta quarta-feira (22), uma crian\u00e7a que foi abandonada pelos pais \u00e0s margens da rodovia Jo\u00e3o Bebe \u00c1gua, no povoado Umbaub\u00e1, munic\u00edpio de S\u00e3o Crist\u00f3v\u00e3o, a 25 km de Aracaju. De acordo com informa\u00e7\u00f5es apuradas com a pol\u00edcia, [&hellip;]<\/p>\n","protected":false},"author":1,"featured_media":58843,"comment_status":"closed","ping_status":"closed","sticky":false,"template":"","format":"standard","meta":{"footnotes":""},"categories":[38,6],"tags":[],"class_list":{"0":"post-58842","1":"post","2":"type-post","3":"status-publish","4":"format-standard","5":"has-post-thumbnail","7":"category-municipios","8":"category-politica"},"_links":{"self":[{"href":"https:\/\/senoticias.com.br\/se\/wp-json\/wp\/v2\/posts\/58842"}],"collection":[{"href":"https:\/\/senoticias.com.br\/se\/wp-json\/wp\/v2\/posts"}],"about":[{"href":"https:\/\/senoticias.com.br\/se\/wp-json\/wp\/v2\/types\/post"}],"author":[{"embeddable":true,"href":"https:\/\/senoticias.com.br\/se\/wp-json\/wp\/v2\/users\/1"}],"replies":[{"embeddable":true,"href":"https:\/\/senoticias.com.br\/se\/wp-json\/wp\/v2\/comments?post=58842"}],"version-history":[{"count":0,"href":"https:\/\/senoticias.com.br\/se\/wp-json\/wp\/v2\/posts\/58842\/revisions"}],"wp:featuredmedia":[{"embeddable":true,"href":"https:\/\/senoticias.com.br\/se\/wp-json\/wp\/v2\/media\/58843"}],"wp:attachment":[{"href":"https:\/\/senoticias.com.br\/se\/wp-json\/wp\/v2\/media?parent=58842"}],"wp:term":[{"taxonomy":"category","embeddable":true,"href":"https:\/\/senoticias.com.br\/se\/wp-json\/wp\/v2\/categories?post=58842"},{"taxonomy":"post_tag","embeddable":true,"href":"https:\/\/senoticias.com.br\/se\/wp-json\/wp\/v2\/tags?post=58842"}],"curies":[{"name":"wp","href":"https:\/\/api.w.org\/{rel}","templated":true}]}}