{"id":58837,"date":"2014-01-22T05:14:06","date_gmt":"2014-01-22T08:14:06","guid":{"rendered":"http:\/\/senoticias.com.br\/se\/?p=58837"},"modified":"2014-01-22T06:16:52","modified_gmt":"2014-01-22T09:16:52","slug":"ao-ventilar-joao-2014-pt-age-contra-jackson-conscientemente","status":"publish","type":"post","link":"https:\/\/senoticias.com.br\/se\/ao-ventilar-joao-2014-pt-age-contra-jackson-conscientemente\/","title":{"rendered":"Ao ventilar Jo\u00e3o 2014, PT age contra Jackson. Conscientemente?"},"content":{"rendered":"<p>&nbsp;<\/p>\n<p><a href=\"http:\/\/joedsontelles.com.br\/\" target=\"_blank\"><strong>Por Joedson Telles<\/strong><\/a><\/p>\n<div id=\"attachment_58156\" style=\"width: 310px\" class=\"wp-caption alignright\"><a href=\"http:\/\/senoticias.com.br\/se\/wp-content\/uploads\/2014\/01\/Jackson-Barreto.jpg\"><img loading=\"lazy\" decoding=\"async\" aria-describedby=\"caption-attachment-58156\" class=\"size-full wp-image-58156\" alt=\"O governador Jackson Barreto \/ Foto: Roque S\u00e1\" src=\"http:\/\/senoticias.com.br\/se\/wp-content\/uploads\/2014\/01\/Jackson-Barreto.jpg\" width=\"300\" height=\"276\" \/><\/a><p id=\"caption-attachment-58156\" class=\"wp-caption-text\">Governador Jackson Barreto \/ Foto: Roque S\u00e1<\/p><\/div>\n<p style=\"text-align: justify;\">Ao velar a coer\u00eancia de manter-se um partido afastado do DEM, o Partido dos Trabalhadores, ao menos a corrente Articula\u00e7\u00e3o de Esquerda, talvez n\u00e3o perceba os espinhos nas rosas vermelhas, mas age contra o sonho do governador aliado Jackson Barreto (PMDB) de suceder a si mesmo, nas elei\u00e7\u00f5es de outubro pr\u00f3ximo.<\/p>\n<p style=\"text-align: justify;\">Refiro-me ao fato de os petistas Valter Pomar e da deputada genu\u00edna Ana L\u00facia, nesta ter\u00e7a-feira 21, n\u00e3o apenas ratificarem que o PT Nacional tem a tal resolu\u00e7\u00e3o que impede uma alian\u00e7a com o DEM, mas, sobretudo, ventilarem Jo\u00e3o 2014.<\/p>\n<p style=\"text-align: justify;\">Ao soltarem na imprensa que acreditam em uma candidatura do Neg\u00e3o ao Governo do Estado, os petistas n\u00e3o apenas fazem o marketing do advers\u00e1rio gratuitamente \u00e0s v\u00e9speras de as campanhas ganharem as ruas como tamb\u00e9m auxiliam aliados do senador Eduardo Amorim no trabalho de frustrar o sonho de JB em ter Jo\u00e3o no seu palanque.<\/p>\n<p style=\"text-align: justify;\">Sem falar que num momento em que as pesquisas, aliados pr\u00f3ximos e, pelo que circula nos bastidores, at\u00e9 o senador Ant\u00f4nio Carlos Valadares, alimentam o projeto na cabe\u00e7a do prefeito de Aracaju, o que JB menos quer \u00e9 um PT cogitando Jo\u00e3o no p\u00e1reo. Pode at\u00e9 soar mais um est\u00edmulo.<\/p>\n<p style=\"text-align: justify;\">Ainda que ningu\u00e9m comprove que JB estaria tentando fazer um acordo com Jo\u00e3o, \u00e9 poss\u00edvel discernir o desejo pela alian\u00e7a \u2013 seja pela postura de JB, que tem evitado criticar o hist\u00f3rico advers\u00e1rio ou mesmo no sentimento do PMDB, quando manifestou isso diretamente nas pessoas do deputado estadual Zezinho Guimar\u00e3es e do vereador Robson Viana.<\/p>\n<p style=\"text-align: justify;\">Como n\u00e3o h\u00e1 menino em pol\u00edtica, evidente que al\u00e9m da ideologia petista estaria tamb\u00e9m em quest\u00e3o o orgulho petista. J\u00e1 pensou se vinga uma alian\u00e7a Jackson e Jo\u00e3o, tendo a perman\u00eancia de Valadares no grupo? O PT, que nas duas \u00faltimas elei\u00e7\u00f5es comandou o processo, tendo no falecido Marcelo D\u00e9da o nome do grupo para disputar o maior cargo, nesta proje\u00e7\u00e3o, sequer teria como permanecer na majorit\u00e1ria. Quem no PT faria frente \u00e0s indica\u00e7\u00f5es de Jo\u00e3o e Valadares?<\/p>\n<p style=\"text-align: justify;\">O pior para o PT neste momento \u00e9 que, como j\u00e1 disse neste espa\u00e7o, h\u00e1 meses, o partido, ironicamente, est\u00e1 nas m\u00e3os de Jo\u00e3o Alves. Se Jo\u00e3o fizer acordo com JB, um abra\u00e7o.<\/p>\n<p style=\"text-align: justify;\">Sem alternativa, cabe, ent\u00e3o, ao PT apostar suas fichas em Jo\u00e3o Alves dar de ombros ao sonho de JB, e ser candidato. At\u00e9 porque, a esta altura, os petistas devem acreditar tamb\u00e9m que se isso n\u00e3o acontecer, certamente, Jo\u00e3o estar\u00e1 bem mais pr\u00f3ximo de permanecer com o grupo liderado pelo senador Eduardo Amorim, que passar por cima das incoer\u00eancias pol\u00edticas e subir no palanque, at\u00e9 ent\u00e3o, advers\u00e1rio hist\u00f3rico.<\/p>\n<p style=\"text-align: justify;\"><span style=\"color: #0000ff;\"><strong>Siga o SE Not\u00edcias pelo<a href=\"https:\/\/twitter.com\/Senoticias\" target=\"_blank\"> Twitter<\/a> e curta no<a href=\"  https:\/\/www.facebook.com\/PortalSENoticias\" target=\"_blank\"> Facebook<\/a><\/strong><\/span><\/p>\n","protected":false},"excerpt":{"rendered":"<p>&nbsp; Por Joedson Telles Ao velar a coer\u00eancia de manter-se um partido afastado do DEM, o Partido dos Trabalhadores, ao menos a corrente Articula\u00e7\u00e3o de Esquerda, talvez n\u00e3o perceba os espinhos nas rosas vermelhas, mas age contra o sonho do governador aliado Jackson Barreto (PMDB) de suceder a si mesmo, nas elei\u00e7\u00f5es de outubro pr\u00f3ximo. [&hellip;]<\/p>\n","protected":false},"author":1,"featured_media":58156,"comment_status":"closed","ping_status":"closed","sticky":false,"template":"","format":"standard","meta":{"footnotes":""},"categories":[6],"tags":[],"class_list":{"0":"post-58837","1":"post","2":"type-post","3":"status-publish","4":"format-standard","5":"has-post-thumbnail","7":"category-politica"},"_links":{"self":[{"href":"https:\/\/senoticias.com.br\/se\/wp-json\/wp\/v2\/posts\/58837"}],"collection":[{"href":"https:\/\/senoticias.com.br\/se\/wp-json\/wp\/v2\/posts"}],"about":[{"href":"https:\/\/senoticias.com.br\/se\/wp-json\/wp\/v2\/types\/post"}],"author":[{"embeddable":true,"href":"https:\/\/senoticias.com.br\/se\/wp-json\/wp\/v2\/users\/1"}],"replies":[{"embeddable":true,"href":"https:\/\/senoticias.com.br\/se\/wp-json\/wp\/v2\/comments?post=58837"}],"version-history":[{"count":0,"href":"https:\/\/senoticias.com.br\/se\/wp-json\/wp\/v2\/posts\/58837\/revisions"}],"wp:featuredmedia":[{"embeddable":true,"href":"https:\/\/senoticias.com.br\/se\/wp-json\/wp\/v2\/media\/58156"}],"wp:attachment":[{"href":"https:\/\/senoticias.com.br\/se\/wp-json\/wp\/v2\/media?parent=58837"}],"wp:term":[{"taxonomy":"category","embeddable":true,"href":"https:\/\/senoticias.com.br\/se\/wp-json\/wp\/v2\/categories?post=58837"},{"taxonomy":"post_tag","embeddable":true,"href":"https:\/\/senoticias.com.br\/se\/wp-json\/wp\/v2\/tags?post=58837"}],"curies":[{"name":"wp","href":"https:\/\/api.w.org\/{rel}","templated":true}]}}