{"id":58833,"date":"2014-01-22T06:03:25","date_gmt":"2014-01-22T09:03:25","guid":{"rendered":"http:\/\/senoticias.com.br\/se\/?p=58833"},"modified":"2014-01-22T23:38:21","modified_gmt":"2014-01-23T02:38:21","slug":"brasil-fecha-2013-com-pior-geracao-de-empregos-em-10-anos","status":"publish","type":"post","link":"https:\/\/senoticias.com.br\/se\/brasil-fecha-2013-com-pior-geracao-de-empregos-em-10-anos\/","title":{"rendered":"Brasil fecha 2013 com pior gera\u00e7\u00e3o de empregos em 10 anos"},"content":{"rendered":"<p>&nbsp;<\/p>\n<div id=\"attachment_58836\" style=\"width: 310px\" class=\"wp-caption alignright\"><a href=\"http:\/\/senoticias.com.br\/se\/wp-content\/uploads\/2014\/01\/size_590_photo-92.jpg\"><img loading=\"lazy\" decoding=\"async\" aria-describedby=\"caption-attachment-58836\" class=\"size-medium wp-image-58836\" alt=\"Saldo de cria\u00e7\u00e3o de empregos em 2013 foi o pior em dez anos, indica Caged. (Getty Images) \" src=\"http:\/\/senoticias.com.br\/se\/wp-content\/uploads\/2014\/01\/size_590_photo-92-300x225.jpg\" width=\"300\" height=\"225\" srcset=\"https:\/\/senoticias.com.br\/se\/wp-content\/uploads\/2014\/01\/size_590_photo-92-300x225.jpg 300w, https:\/\/senoticias.com.br\/se\/wp-content\/uploads\/2014\/01\/size_590_photo-92-342x256.jpg 342w, https:\/\/senoticias.com.br\/se\/wp-content\/uploads\/2014\/01\/size_590_photo-92-60x45.jpg 60w, https:\/\/senoticias.com.br\/se\/wp-content\/uploads\/2014\/01\/size_590_photo-92-150x113.jpg 150w, https:\/\/senoticias.com.br\/se\/wp-content\/uploads\/2014\/01\/size_590_photo-92-269x201.jpg 269w, https:\/\/senoticias.com.br\/se\/wp-content\/uploads\/2014\/01\/size_590_photo-92.jpg 590w\" sizes=\"(max-width: 300px) 100vw, 300px\" \/><\/a><p id=\"caption-attachment-58836\" class=\"wp-caption-text\">Saldo de cria\u00e7\u00e3o de empregos em 2013 foi o pior em dez anos, indica Caged. (Getty Images)<\/p><\/div>\n<p style=\"text-align: justify;\">Apesar do saldo de mais de 1,1 milh\u00e3o de empregos formais criados em 2013, o n\u00famero foi o menor nos \u00faltimos dez anos, conforme resultado do Cadastro Geral de Empregados e Desempregados (Caged) divulgado hoje (21) pelo Minist\u00e9rio do Trabalho. O Brasil fechou o ano de 2003 com 821.704 empregos com carteira assinada criados. No final do ano seguinte, o saldo chegou a 1,7 milh\u00e3o de empregos. Desde ent\u00e3o, o menor \u00edndice havia sido em 2009, com saldo de 1,2 milh\u00e3o de postos de trabalho.<\/p>\n<p style=\"text-align: justify;\">O ministro do Trabalho, Manoel Dias, no entanto, n\u00e3o v\u00ea motivo para alarme. Ele reconhece a ocorr\u00eancia de \u201coscila\u00e7\u00f5es\u201d na gera\u00e7\u00e3o de empregos, mas mostra otimismo ao ver que esses n\u00fameros t\u00eam terminado cada ano em saldo positivo. \u201cTudo oscila, a economia oscila, \u00e9 natural. O que nos importa \u00e9 que, em uma m\u00e9dia de 20 anos, estamos gerando mais de 1 milh\u00e3o de empregos todo ano, um ano mais, um ano menos. O que importa \u00e9 que estamos batendo quase o pleno emprego\u201d.<\/p>\n<p style=\"text-align: justify;\">Dias ainda fez uma perspectiva mais otimista para 2014. Ele acredita que o Brasil pode fechar este ano com um saldo de cerca de 1,5 milh\u00e3o de empregos formais. \u201cContinuamos gerando empregos. S\u00f3 no governo da presidenta Dilma, [registramos] 4,5 milh\u00f5es de empregos e devemos chegar a aproximadamente 6 milh\u00f5es de novos empregos. S\u00e3o dados baseados em informa\u00e7\u00f5es t\u00e9cnicas e no que ocorreu, como por exemplo, a recupera\u00e7\u00e3o da economia\u201d, explicou.<\/p>\n<p style=\"text-align: justify;\"><span style=\"color: #0000ff;\"><strong>Siga o SE Not\u00edcias pelo <a href=\"https:\/\/twitter.com\/Senoticias\" target=\"_blank\">Twitter<\/a> e curta no <a href=\" https:\/\/www.facebook.com\/PortalSENoticias\" target=\"_blank\">Facebook<\/a><\/strong><\/span><\/p>\n<p style=\"text-align: justify;\"><em><strong>Da Ag\u00eancia Brasil<\/strong><\/em><\/p>\n","protected":false},"excerpt":{"rendered":"<p>&nbsp; Apesar do saldo de mais de 1,1 milh\u00e3o de empregos formais criados em 2013, o n\u00famero foi o menor nos \u00faltimos dez anos, conforme resultado do Cadastro Geral de Empregados e Desempregados (Caged) divulgado hoje (21) pelo Minist\u00e9rio do Trabalho. O Brasil fechou o ano de 2003 com 821.704 empregos com carteira assinada criados. [&hellip;]<\/p>\n","protected":false},"author":1,"featured_media":58836,"comment_status":"closed","ping_status":"closed","sticky":false,"template":"","format":"standard","meta":{"footnotes":""},"categories":[310,6],"tags":[],"class_list":{"0":"post-58833","1":"post","2":"type-post","3":"status-publish","4":"format-standard","5":"has-post-thumbnail","7":"category-destaques-da-semana","8":"category-politica"},"_links":{"self":[{"href":"https:\/\/senoticias.com.br\/se\/wp-json\/wp\/v2\/posts\/58833"}],"collection":[{"href":"https:\/\/senoticias.com.br\/se\/wp-json\/wp\/v2\/posts"}],"about":[{"href":"https:\/\/senoticias.com.br\/se\/wp-json\/wp\/v2\/types\/post"}],"author":[{"embeddable":true,"href":"https:\/\/senoticias.com.br\/se\/wp-json\/wp\/v2\/users\/1"}],"replies":[{"embeddable":true,"href":"https:\/\/senoticias.com.br\/se\/wp-json\/wp\/v2\/comments?post=58833"}],"version-history":[{"count":0,"href":"https:\/\/senoticias.com.br\/se\/wp-json\/wp\/v2\/posts\/58833\/revisions"}],"wp:featuredmedia":[{"embeddable":true,"href":"https:\/\/senoticias.com.br\/se\/wp-json\/wp\/v2\/media\/58836"}],"wp:attachment":[{"href":"https:\/\/senoticias.com.br\/se\/wp-json\/wp\/v2\/media?parent=58833"}],"wp:term":[{"taxonomy":"category","embeddable":true,"href":"https:\/\/senoticias.com.br\/se\/wp-json\/wp\/v2\/categories?post=58833"},{"taxonomy":"post_tag","embeddable":true,"href":"https:\/\/senoticias.com.br\/se\/wp-json\/wp\/v2\/tags?post=58833"}],"curies":[{"name":"wp","href":"https:\/\/api.w.org\/{rel}","templated":true}]}}