{"id":58826,"date":"2014-01-21T17:00:41","date_gmt":"2014-01-21T20:00:41","guid":{"rendered":"http:\/\/senoticias.com.br\/se\/?p=58826"},"modified":"2014-01-21T19:11:12","modified_gmt":"2014-01-21T22:11:12","slug":"governador-discute-implantacao-do-sergipe-mais-seguro","status":"publish","type":"post","link":"https:\/\/senoticias.com.br\/se\/governador-discute-implantacao-do-sergipe-mais-seguro\/","title":{"rendered":"Governador discute implanta\u00e7\u00e3o do \u2018Sergipe Mais Seguro&#8217;"},"content":{"rendered":"<p>&nbsp;<\/p>\n<div id=\"attachment_58827\" style=\"width: 310px\" class=\"wp-caption alignright\"><a href=\"http:\/\/senoticias.com.br\/se\/wp-content\/uploads\/2014\/01\/20140121GovJacksonReuniaoSergipeMaisSeguro37.jpg\"><img loading=\"lazy\" decoding=\"async\" aria-describedby=\"caption-attachment-58827\" class=\"size-medium wp-image-58827\" alt=\"A reuni\u00e3o aconteceu nesta ter\u00e7a, 21, e disse que a conclus\u00e3o dos trabalhos est\u00e1 prevista para semana que vem.(Foto: Marcos Rodrigues\/ASN)\" src=\"http:\/\/senoticias.com.br\/se\/wp-content\/uploads\/2014\/01\/20140121GovJacksonReuniaoSergipeMaisSeguro37-300x180.jpg\" width=\"300\" height=\"180\" srcset=\"https:\/\/senoticias.com.br\/se\/wp-content\/uploads\/2014\/01\/20140121GovJacksonReuniaoSergipeMaisSeguro37-300x180.jpg 300w, https:\/\/senoticias.com.br\/se\/wp-content\/uploads\/2014\/01\/20140121GovJacksonReuniaoSergipeMaisSeguro37-342x206.jpg 342w, https:\/\/senoticias.com.br\/se\/wp-content\/uploads\/2014\/01\/20140121GovJacksonReuniaoSergipeMaisSeguro37.jpg 780w\" sizes=\"(max-width: 300px) 100vw, 300px\" \/><\/a><p id=\"caption-attachment-58827\" class=\"wp-caption-text\">A reuni\u00e3o aconteceu nesta ter\u00e7a, 21, e a conclus\u00e3o dos trabalhos est\u00e1 prevista para semana que vem.(Foto: Marcos Rodrigues\/ASN)<\/p><\/div>\n<p style=\"text-align: justify;\">Dando continuidade ao compromisso firmado com o Minist\u00e9rio da Justi\u00e7a em setembro do ano passado para fazer de Sergipe um lugar ainda melhor para se viver, o governador Jackson Barreto reuniu nesta ter\u00e7a, 21, a c\u00fapula da Seguran\u00e7a P\u00fablica estadual (SSP) no Pal\u00e1cio dos Despachos para discutir a implanta\u00e7\u00e3o do projeto \u2018Sergipe Mais Seguro\u2019.<\/p>\n<p style=\"text-align: justify;\">O projeto tem por finalidade nortear o trabalho das institui\u00e7\u00f5es que integram a Secretaria de Seguran\u00e7a P\u00fablica durante o per\u00edodo compreendido entre 1\u00ba de janeiro a 31 de dezembro de 2014.<\/p>\n<p style=\"text-align: justify;\">Durante ampla explana\u00e7\u00e3o pormenorizada por parte da c\u00fapula da SSP, encabe\u00e7ada pelo secret\u00e1rio Jo\u00e3o Eloy, o governador disse que a conclus\u00e3o dos trabalhos est\u00e1 prevista para semana que vem.<\/p>\n<p style=\"text-align: justify;\">\u201cSergipe aderiu ao programa Brasil Mais Seguro e como parte desse compromisso, elaboramos o Sergipe Mais Seguro. Recebemos recursos do Governo Federal, atrav\u00e9s do Minist\u00e9rio da Justi\u00e7a, e precisamos apresentar relat\u00f3rio mensal sobre o trabalho do Estado no sentido de diminuir os \u00edndices de viol\u00eancia, de homic\u00eddios, assaltos. Na pr\u00f3xima ter\u00e7a-feira, 28, iremos concluir esse trabalho\u201d, explicou Jackson.<\/p>\n<p style=\"text-align: justify;\">Todos os \u00f3rg\u00e3os da Seguran\u00e7a P\u00fablica, de acordo com Jackson, est\u00e3o trabalhando de forma consorciada. \u201cPol\u00edcias Militar, Civil e Corpo de Bombeiros est\u00e3o focados. Estamos num processo de discuss\u00e3o desse plano de a\u00e7\u00e3o para melhorar a seguran\u00e7a do povo sergipano. Cuidar da seguran\u00e7a de nosso povo \u00e9 uma preocupa\u00e7\u00e3o desse Governo e que necessita de a\u00e7\u00f5es objetivas\u201d.<\/p>\n<p style=\"text-align: justify;\">Vale ressaltar que a parceria firmada com a Secretaria Nacional de Seguran\u00e7a P\u00fablica (Senasp), oportunidade na qual se viabilizou a inser\u00e7\u00e3o de Sergipe no Programa Brasil Mais Seguro, permitir\u00e1 que o aporte de recursos que ser\u00e1 destinado (da ordem de R$ 54 milh\u00f5es) otimize significativamente n\u00e3o s\u00f3 o trabalho de combate mas, sobretudo, de preven\u00e7\u00e3o \u00e0 criminalidade.<\/p>\n<p style=\"text-align: justify;\">O Estado de Sergipe aplicar\u00e1 o montante de R$ 5 milh\u00f5es a t\u00edtulo de contrapartida, al\u00e9m dos maci\u00e7os investimentos na constru\u00e7\u00e3o e reforma das Unidades Policiais, Batalh\u00f5es e Companhias da Pol\u00edcia Militar e do Corpo de Bombeiros, como tamb\u00e9m do Instituto de Criminal\u00edstica.<\/p>\n<p style=\"text-align: justify;\">O significativo aporte financeiro estadual, superior a R$ 151 milh\u00f5es, tamb\u00e9m foi utilizado para o reaparelhamento das Pol\u00edcias, demonstrando o compromisso do Governo do Estado ao longo destes \u00faltimos anos em aprimorar cada vez mais as a\u00e7\u00f5es vinculadas \u00e0 Seguran\u00e7a P\u00fablica.<\/p>\n<p style=\"text-align: justify;\"><strong>Brasil Mais Seguro<\/strong><\/p>\n<p style=\"text-align: justify;\">O programa Brasil Mais Seguro foi implantado em Sergipe em setembro de 2013, pelo ent\u00e3o governador em exerc\u00edcio, Jackson Barreto, e pelo ministro da Justi\u00e7a, Eduardo Cardoso, ocasi\u00e3o onde foi anunciado o investimento de R$ 57 milh\u00f5es na seguran\u00e7a p\u00fablica de Sergipe at\u00e9 o final de 2014. Na mesma solenidade, ocorrida no Hotel Radisson Aracaju, foram entregues mil novas pistolas ponto 40, adquiridas pelo Governo do Estado para que cada policial militar de Sergipe possa acautelar uma pistola em seu nome.<\/p>\n<p style=\"text-align: justify;\">O aporte de recursos \u00e9 voltado principalmente ao fortalecimento da Pol\u00edcia Civil, Per\u00edcia, Intelig\u00eancia de Seguran\u00e7a P\u00fablica, policiamento ostensivo de proximidade, aperfei\u00e7oamento tecnol\u00f3gico e a\u00e7\u00f5es de preven\u00e7\u00e3o, capacita\u00e7\u00e3o e valoriza\u00e7\u00e3o profissional. A iniciativa prev\u00ea a qualifica\u00e7\u00e3o tanto dos procedimentos investigativos quanto da produ\u00e7\u00e3o de provas t\u00e9cnicas para esclarecimento dos crimes de homic\u00eddios.<\/p>\n<p style=\"text-align: justify;\"><strong>Presen\u00e7as<\/strong><\/p>\n<p style=\"text-align: justify;\">Participaram da reuni\u00e3o o secret\u00e1rio de Estado de Seguran\u00e7a P\u00fablica, Jo\u00e3o Eloy, e seu adjunto, Jo\u00e3o Batista, o secret\u00e1rio chefe da Casa Civil, Jos\u00e9 Sobral, Comandante da Pol\u00edcia Militar, coronel Maur\u00edcio Iunes, a superintendente da Pol\u00edcia Civil, Katarina Feitoza, o comandante geral do CBM, coronel Nailson Santos e o subcomandante do CBM, coronel Roberto Wagner; e o coordenador das delegacias do interior, Jonathan Evangelista, o subcomandante da PM, coronel Luiz Fernando e o comandamente da PM da capital, coronel Jackson Nascimento.<\/p>\n<p><span style=\"color: #0000ff;\"><strong>Siga o SE Not\u00edcias pelo <a href=\"https:\/\/twitter.com\/Senoticias\" target=\"_blank\">Twitter<\/a> e curta no <a href=\" https:\/\/www.facebook.com\/PortalSENoticias\" target=\"_blank\">Facebook<\/a><\/strong><\/span><\/p>\n<p><em><strong>Ag\u00eancia Aracaju de Not\u00edcias<\/strong><\/em><\/p>\n","protected":false},"excerpt":{"rendered":"<p>&nbsp; Dando continuidade ao compromisso firmado com o Minist\u00e9rio da Justi\u00e7a em setembro do ano passado para fazer de Sergipe um lugar ainda melhor para se viver, o governador Jackson Barreto reuniu nesta ter\u00e7a, 21, a c\u00fapula da Seguran\u00e7a P\u00fablica estadual (SSP) no Pal\u00e1cio dos Despachos para discutir a implanta\u00e7\u00e3o do projeto \u2018Sergipe Mais Seguro\u2019. [&hellip;]<\/p>\n","protected":false},"author":1,"featured_media":58827,"comment_status":"closed","ping_status":"closed","sticky":false,"template":"","format":"standard","meta":{"footnotes":""},"categories":[6],"tags":[],"class_list":{"0":"post-58826","1":"post","2":"type-post","3":"status-publish","4":"format-standard","5":"has-post-thumbnail","7":"category-politica"},"_links":{"self":[{"href":"https:\/\/senoticias.com.br\/se\/wp-json\/wp\/v2\/posts\/58826"}],"collection":[{"href":"https:\/\/senoticias.com.br\/se\/wp-json\/wp\/v2\/posts"}],"about":[{"href":"https:\/\/senoticias.com.br\/se\/wp-json\/wp\/v2\/types\/post"}],"author":[{"embeddable":true,"href":"https:\/\/senoticias.com.br\/se\/wp-json\/wp\/v2\/users\/1"}],"replies":[{"embeddable":true,"href":"https:\/\/senoticias.com.br\/se\/wp-json\/wp\/v2\/comments?post=58826"}],"version-history":[{"count":0,"href":"https:\/\/senoticias.com.br\/se\/wp-json\/wp\/v2\/posts\/58826\/revisions"}],"wp:featuredmedia":[{"embeddable":true,"href":"https:\/\/senoticias.com.br\/se\/wp-json\/wp\/v2\/media\/58827"}],"wp:attachment":[{"href":"https:\/\/senoticias.com.br\/se\/wp-json\/wp\/v2\/media?parent=58826"}],"wp:term":[{"taxonomy":"category","embeddable":true,"href":"https:\/\/senoticias.com.br\/se\/wp-json\/wp\/v2\/categories?post=58826"},{"taxonomy":"post_tag","embeddable":true,"href":"https:\/\/senoticias.com.br\/se\/wp-json\/wp\/v2\/tags?post=58826"}],"curies":[{"name":"wp","href":"https:\/\/api.w.org\/{rel}","templated":true}]}}