{"id":58815,"date":"2014-01-21T15:18:53","date_gmt":"2014-01-21T18:18:53","guid":{"rendered":"http:\/\/senoticias.com.br\/se\/?p=58815"},"modified":"2014-01-22T14:32:52","modified_gmt":"2014-01-22T17:32:52","slug":"prefeitura-de-itaporanga-divulga-programacao-da-festa-da-padroeira","status":"publish","type":"post","link":"https:\/\/senoticias.com.br\/se\/prefeitura-de-itaporanga-divulga-programacao-da-festa-da-padroeira\/","title":{"rendered":"Prefeitura de Itaporanga divulga programa\u00e7\u00e3o da Festa da Padroeira"},"content":{"rendered":"<p>&nbsp;<\/p>\n<div id=\"attachment_58816\" style=\"width: 310px\" class=\"wp-caption alignright\"><a href=\"http:\/\/senoticias.com.br\/se\/wp-content\/uploads\/2014\/01\/1533868_502288209883716_745332832_n.jpg\"><img loading=\"lazy\" decoding=\"async\" aria-describedby=\"caption-attachment-58816\" class=\"size-medium wp-image-58816\" alt=\"Calcinha Preta e Cavaleiros do Forr\u00f3 s\u00e3o as principais atra\u00e7\u00f5es da Festa da Padroeira de Itaporanga.(Arte: TDantas)\" src=\"http:\/\/senoticias.com.br\/se\/wp-content\/uploads\/2014\/01\/1533868_502288209883716_745332832_n-300x300.jpg\" width=\"300\" height=\"300\" srcset=\"https:\/\/senoticias.com.br\/se\/wp-content\/uploads\/2014\/01\/1533868_502288209883716_745332832_n-300x300.jpg 300w, https:\/\/senoticias.com.br\/se\/wp-content\/uploads\/2014\/01\/1533868_502288209883716_745332832_n-150x150.jpg 150w, https:\/\/senoticias.com.br\/se\/wp-content\/uploads\/2014\/01\/1533868_502288209883716_745332832_n-50x50.jpg 50w, https:\/\/senoticias.com.br\/se\/wp-content\/uploads\/2014\/01\/1533868_502288209883716_745332832_n-342x342.jpg 342w, https:\/\/senoticias.com.br\/se\/wp-content\/uploads\/2014\/01\/1533868_502288209883716_745332832_n-70x70.jpg 70w, https:\/\/senoticias.com.br\/se\/wp-content\/uploads\/2014\/01\/1533868_502288209883716_745332832_n-55x55.jpg 55w, https:\/\/senoticias.com.br\/se\/wp-content\/uploads\/2014\/01\/1533868_502288209883716_745332832_n.jpg 640w\" sizes=\"(max-width: 300px) 100vw, 300px\" \/><\/a><p id=\"caption-attachment-58816\" class=\"wp-caption-text\">Calcinha Preta e Cavaleiros do Forr\u00f3 s\u00e3o as principais atra\u00e7\u00f5es da Festa da Padroeira de Itaporanga.(Arte: TDantas)<\/p><\/div>\n<p style=\"text-align: justify;\">No per\u00edodo de 24 de janeiro a 02 de fevereiro, a Prefeitura de Itaporanga D\u00b4Ajuda e a Par\u00f3quia Nossa Senhora D\u00b4Ajuda realizam a festa em homenagem \u00e0 padroeira da cidade, Nossa Senhora D\u00b4Ajuda celebrada, oficialmente, no domingo, dia 02 de fevereiro.<\/p>\n<p style=\"text-align: justify;\">A tradicional comemora\u00e7\u00e3o, que \u00e9 realizada h\u00e1 160 anos, reunir\u00e1 na Pra\u00e7a da Matriz, no Centro da cidade, fam\u00edlias e fi\u00e9is que t\u00eam em sua programa\u00e7\u00e3o religiosa e festiva, novena, santas missas, prociss\u00e3o, al\u00e9m de shows, tendas de alimenta\u00e7\u00e3o e outras atividades.<\/p>\n<p style=\"text-align: justify;\">A programa\u00e7\u00e3o religiosa come\u00e7a na pr\u00f3xima sexta-feira, dia 24, com o in\u00edcio da novena, al\u00e9m de quermesses, missas e palestras, que seguem at\u00e9 o dia 1\u00ba de fevereiro. J\u00e1 no dia 02, ser\u00e1 realizada alvorada festiva, \u00e0s 06 da manh\u00e3.<\/p>\n<p style=\"text-align: justify;\"><strong>Programa\u00e7\u00e3o musical<\/strong><\/p>\n<p style=\"text-align: justify;\">Al\u00e9m da programa\u00e7\u00e3o religiosa, que \u00e9 de responsabilidade da Par\u00f3quia Nossa Senhora D\u00b4Ajuda, a Prefeitura de Itaporanga, atrav\u00e9s da Secretaria de Cultura e Turismo, promover\u00e1 shows musicais com atra\u00e7\u00f5es locais e nacionais.<\/p>\n<p><span style=\"color: #0000ff;\"><strong>Siga o SE Not\u00edcias pelo <a href=\"https:\/\/twitter.com\/Senoticias\" target=\"_blank\">Twitter<\/a> e curta no <a href=\" https:\/\/www.facebook.com\/PortalSENoticias\" target=\"_blank\">Facebook<\/a><\/strong><\/span><\/p>\n<p style=\"text-align: justify;\">Neste ano, o p\u00fablico ter\u00e1 oito atra\u00e7\u00f5es na Pra\u00e7a de Eventos da cidade. No dia 31 de janeiro se apresentar\u00e3o na Pra\u00e7a de Eventos as bandas: Seeway, Calcinha Preta, Polentinha do Arrocha e New Embarkky. No dia 1\u00ba de fevereiro a anima\u00e7\u00e3o ficar\u00e1 por conta das bandas: Cavaleiros do Forr\u00f3 e Alma G\u00eamea, al\u00e9m dos cantores Edcity, e Andrezinho e Os Morenos.<\/p>\n<p style=\"text-align: justify;\"><strong>Programa\u00e7\u00e3o Religiosa<\/strong><\/p>\n<p style=\"text-align: justify;\"><strong>Dia 24 de Janeiro de 2014 \u2013 Sexta-feira<\/strong><\/p>\n<p style=\"text-align: justify;\">Tema: \u201c\u00c9 na esperan\u00e7a que fomos salvos\u201d (Rm 8, 24)<br \/>\nCelebrante: Pe. Jos\u00e9 Bernardino de Santana Filho \u2013 Vig\u00e1rio Episcopal<br \/>\nPatrocinadores: Apostolado da Ora\u00e7\u00e3o, Comerciantes, Pastoral da Liturgia e Coroinhas.<br \/>\nConvidados: CICP, e Marat\u00e1<\/p>\n<p style=\"text-align: justify;\"><strong>Dia 25 de Janeiro de 2014 \u2013 S\u00e1bado<\/strong><\/p>\n<p style=\"text-align: justify;\">Tema: \u201cN\u00e3o deveis entristecer-vos como os outros que n\u00e3o tem esperan\u00e7a\u201d (1Ts 4, 13)<br \/>\nCelebrante: Pe. Jos\u00e9 Raimundo Diniz<br \/>\nPatrocinadores: Filhos Ausentes, Grupo do Ora\u00e7\u00e3o Ter\u00e7o dos Homens, Comunidade Nossa Senhora de Aparecida, M\u00fasicos e Cantores.<br \/>\nConvidados: \u00c1guia Dourada e Pedreira MM<\/p>\n<p style=\"text-align: justify;\"><strong>Dia 26 de Janeiro de 2014 \u2013 Domingo<\/strong><\/p>\n<p style=\"text-align: justify;\">Tema: \u201cEstejam sempre prontos a responder o sentido e a raz\u00e3o da vossa esperan\u00e7a\u201d<br \/>\nCelebrante: Pe. Roberto Benvindo dos Santos<br \/>\nPatrocinadores: Legi\u00e3o de Maria, Movimento Peregrino da M\u00e3e Rainha e Povoados.<br \/>\nConvidados: \u00c1gua Indiana, A\u00e7a\u00ed e Alco\u00f3licos An\u00f4nimos<\/p>\n<p style=\"text-align: justify;\"><strong>Dia 27 de Janeiro de 2014 \u2013 Segunda-feira<\/strong><\/p>\n<p style=\"text-align: justify;\">Tema: \u201cN\u00e3o deveis entristecer-vos como os que n\u00e3o tem esperan\u00e7a\u201d (Ts 4, 13)<br \/>\nCelebrante: Pe. Alessandro da Costa Lima<br \/>\nPatrocinadores: Pastoral do D\u00edzimo, Pastoral da Crian\u00e7a, COMIPA e Comunidade Santo Ant\u00e3o.<br \/>\nConvidados: Posto J. Mac\u00e1rio II, Posto Presidente, Posto S\u00e3o Paulo e Rotary Club.<\/p>\n<p style=\"text-align: justify;\"><strong>Dia 28 de Janeiro de 2014 \u2013 Ter\u00e7a-feira<\/strong><\/p>\n<p style=\"text-align: justify;\">Tema: \u201cA F\u00e9 \u00e9 o fundamento da esperan\u00e7a: \u00c9 uma certeza a respeito do que n\u00e3o se ver\u201d (Hb 11, 1)<br \/>\nCelebrante: Pe. Jeferson Santos Pinheiro<br \/>\nPatrocinadores: Pastoral Familiar, Oficinas de Ora\u00e7\u00e3o e Vida, Comunidade S\u00e3o Miguel<br \/>\nConvidados: Secretaria Municipal de Educa\u00e7\u00e3o e Escolas Municipais.<\/p>\n<p style=\"text-align: justify;\"><strong>Dia 29 de Janeiro de 2014 \u2013 Quarta-feira<\/strong><\/p>\n<p style=\"text-align: justify;\">Tema: \u201cA Esperan\u00e7a jamais decepciona\u201d (Rm 8, 35-39)<br \/>\nCelebrante: Pe. Clebson Ferreira Moura<br \/>\nPatrocinadores: Grupo de jovens Filhos do C\u00e9u e Dai-me Almas, RCC, Pastoral de Eventos e Comunidade Nossa Senhora de F\u00e1tima.<br \/>\nConvidados: Escolas Particulares do Munic\u00edpio<\/p>\n<p style=\"text-align: justify;\"><strong>Dia 30 de Janeiro de 2014 \u2013 Quinta-feira<\/strong><\/p>\n<p style=\"text-align: justify;\">Tema: \u201cUm Mundo sem Deus \u00e9 um mundo sem Esperan\u00e7a\u201d (Ef 2, 12)<br \/>\nCelebrante: Pe. F\u00e1bio Negromonte<br \/>\nPatrocinadores: Catequese de Inicia\u00e7\u00e3o Crist\u00e3: Batismo, Eucaristia e Crisma<br \/>\nConvidados: Escolas Estaduais do Munic\u00edpio<\/p>\n<p style=\"text-align: justify;\"><strong>Dia 31 de Janeiro de 2014 &#8211; Sexta-feira<\/strong><\/p>\n<p style=\"text-align: justify;\">Tema: \u201cMaria permaneceu no meio dos disc\u00edpulos como a sua M\u00e3e, como a M\u00e3e da Esperan\u00e7a\u201d<br \/>\nCelebrante: Pe. Valmir Soares Santos<br \/>\nPatrocinadores: Prefeitura Municipal de Itaporanga, C\u00e2mara de Vereadores e Ministros Extraordin\u00e1rios da Comunh\u00e3o.<br \/>\nConvidados: PETI e PROJOVEM<\/p>\n<p style=\"text-align: justify;\"><strong>Dia 01 de Fevereiro de 2014 \u2013 S\u00e1bado<\/strong><\/p>\n<p style=\"text-align: justify;\">Tema: \u201cPor meio do SIM da Virgem Maria, a Esperan\u00e7a dos Mil\u00eanios entrou na Hist\u00f3ria do Mundo\u201d.<br \/>\nCelebrante: Pe. Adeilson Carlos Santana Santos<br \/>\nPatrocinadores: Motoristas, Motoqueiros, Moto Taxistas, Taxistas e Pastoral da Acolhida Convidados: Mabel e Kit Inteligente<\/p>\n<p style=\"text-align: justify;\"><strong>Dia 02 de Fevereiro de 2014 \u2013 Domingo<\/strong><\/p>\n<p style=\"text-align: justify;\">Dia Festivo em Honra a Nossa Senhora D\u2019 Ajuda<\/p>\n<p style=\"text-align: justify;\">06h &#8211; Alvorada Festiva<br \/>\n06h30 &#8211; Of\u00edcio de Nossa Senhora<br \/>\nRespons\u00e1veis: Movimentos Marianos<br \/>\n08h &#8211; Batizados<br \/>\n10h &#8211; Missa Solene<\/p>\n<p style=\"text-align: justify;\">Celebrante: Sua Excel\u00eancia Reverend\u00edssima o Bispo Titular de Ac\u00fafida e Auxiliar da Arquidiocese de Aracaju Dom Henrique Soares da Costa.<br \/>\nRespons\u00e1veis: Ministros Extraordin\u00e1rios da Comunh\u00e3o, Pastoral da Liturgia e Coroinhas.<br \/>\nConvidados: Bancos: Banese, Brasil e Caixa Econ\u00f4mica<\/p>\n<p style=\"text-align: justify;\">12h &#8211; \u00c2ngelus<br \/>\n16h &#8211; Santa Missa<br \/>\nCelebrante: Pe. Valdemir Vicente Andrade Santos<br \/>\nRespons\u00e1veis: M\u00fasicos e Pastoral da Liturgia<br \/>\n17h &#8211; Solene Prociss\u00e3o pelas ruas da cidade com a Imagem de N. Sra. D\u2019 Ajuda.<br \/>\n18h &#8211; Encerramento com B\u00ean\u00e7\u00e3o do Sant\u00edssimo Sacramento, Show Pirot\u00e9cnico e Show de Evangeliza\u00e7\u00e3o.<\/p>\n","protected":false},"excerpt":{"rendered":"<p>&nbsp; No per\u00edodo de 24 de janeiro a 02 de fevereiro, a Prefeitura de Itaporanga D\u00b4Ajuda e a Par\u00f3quia Nossa Senhora D\u00b4Ajuda realizam a festa em homenagem \u00e0 padroeira da cidade, Nossa Senhora D\u00b4Ajuda celebrada, oficialmente, no domingo, dia 02 de fevereiro. A tradicional comemora\u00e7\u00e3o, que \u00e9 realizada h\u00e1 160 anos, reunir\u00e1 na Pra\u00e7a da [&hellip;]<\/p>\n","protected":false},"author":1,"featured_media":58816,"comment_status":"closed","ping_status":"closed","sticky":false,"template":"","format":"standard","meta":{"footnotes":""},"categories":[38,6],"tags":[],"class_list":{"0":"post-58815","1":"post","2":"type-post","3":"status-publish","4":"format-standard","5":"has-post-thumbnail","7":"category-municipios","8":"category-politica"},"_links":{"self":[{"href":"https:\/\/senoticias.com.br\/se\/wp-json\/wp\/v2\/posts\/58815"}],"collection":[{"href":"https:\/\/senoticias.com.br\/se\/wp-json\/wp\/v2\/posts"}],"about":[{"href":"https:\/\/senoticias.com.br\/se\/wp-json\/wp\/v2\/types\/post"}],"author":[{"embeddable":true,"href":"https:\/\/senoticias.com.br\/se\/wp-json\/wp\/v2\/users\/1"}],"replies":[{"embeddable":true,"href":"https:\/\/senoticias.com.br\/se\/wp-json\/wp\/v2\/comments?post=58815"}],"version-history":[{"count":0,"href":"https:\/\/senoticias.com.br\/se\/wp-json\/wp\/v2\/posts\/58815\/revisions"}],"wp:featuredmedia":[{"embeddable":true,"href":"https:\/\/senoticias.com.br\/se\/wp-json\/wp\/v2\/media\/58816"}],"wp:attachment":[{"href":"https:\/\/senoticias.com.br\/se\/wp-json\/wp\/v2\/media?parent=58815"}],"wp:term":[{"taxonomy":"category","embeddable":true,"href":"https:\/\/senoticias.com.br\/se\/wp-json\/wp\/v2\/categories?post=58815"},{"taxonomy":"post_tag","embeddable":true,"href":"https:\/\/senoticias.com.br\/se\/wp-json\/wp\/v2\/tags?post=58815"}],"curies":[{"name":"wp","href":"https:\/\/api.w.org\/{rel}","templated":true}]}}