{"id":58811,"date":"2014-01-21T14:13:07","date_gmt":"2014-01-21T17:13:07","guid":{"rendered":"http:\/\/senoticias.com.br\/se\/?p=58811"},"modified":"2014-01-22T12:52:42","modified_gmt":"2014-01-22T15:52:42","slug":"polica-prende-quadrilha-acusada-de-ter-cometido-mais-20-homicidios-em-nossa-senhora-do-socorro","status":"publish","type":"post","link":"https:\/\/senoticias.com.br\/se\/polica-prende-quadrilha-acusada-de-ter-cometido-mais-20-homicidios-em-nossa-senhora-do-socorro\/","title":{"rendered":"Pol\u00edcia prende quadrilha acusada de ter cometido 20 homic\u00eddios em Nossa Senhora do Socorro"},"content":{"rendered":"<p>&nbsp;<\/p>\n<div id=\"attachment_58812\" style=\"width: 310px\" class=\"wp-caption alignright\"><a href=\"http:\/\/senoticias.com.br\/se\/wp-content\/uploads\/2014\/01\/Presos.jpg\"><img loading=\"lazy\" decoding=\"async\" aria-describedby=\"caption-attachment-58812\" class=\"size-medium wp-image-58812\" alt=\" Irm\u00e3os Adilson (\u00e0 direita) e Adriano (\u00e0 esquerda). (Foto: Reinaldo Gasparoni)\" src=\"http:\/\/senoticias.com.br\/se\/wp-content\/uploads\/2014\/01\/Presos-300x194.jpg\" width=\"300\" height=\"194\" srcset=\"https:\/\/senoticias.com.br\/se\/wp-content\/uploads\/2014\/01\/Presos-300x194.jpg 300w, https:\/\/senoticias.com.br\/se\/wp-content\/uploads\/2014\/01\/Presos-342x221.jpg 342w, https:\/\/senoticias.com.br\/se\/wp-content\/uploads\/2014\/01\/Presos.jpg 480w\" sizes=\"(max-width: 300px) 100vw, 300px\" \/><\/a><p id=\"caption-attachment-58812\" class=\"wp-caption-text\"><br \/>Irm\u00e3os Adilson (\u00e0 direita) e Adriano (\u00e0 esquerda). (Foto: Reinaldo Gasparoni)<\/p><\/div>\n<p style=\"text-align: justify;\">O Departamento de Combate Homic\u00eddios e Prote\u00e7\u00e3o \u00e0 Pessoa, (DHPP) em parceria com o Grupo Especial de Repress\u00e3o e Buscas (GERB) apresentou na manh\u00e3 desta ter\u00e7a-feira, 21, no gabinete da superintendente da Pol\u00edcia Civil, Katarina Feitoza, uma quadrilha de traficantes e homicidas envolvida em pelo menos 20 assassinatos nos \u00faltimos cinco anos no Conjunto Jardim, em Nossa Senhora do Socorro.<\/p>\n<p style=\"text-align: justify;\">De acordo com a delegada da 4\u00aa Divis\u00e3o do DHPP, Juliana Alcoforado, a motiva\u00e7\u00e3o para tanto homic\u00eddio estaria na guerra pelo poderio do narcotr\u00e1fico promovida por traficantes de fac\u00e7\u00f5es rivais. Em um dos crimes ocorridos no dia 25 de novembro de 2013 as investiga\u00e7\u00f5es no DHPP mostram que pelo menos oito homens fortemente armados cercaram e invadiram tr\u00eas resid\u00eancias conjugadas nas quais viviam 13 pessoas, todas membros da mesma fam\u00edlia, em sua maioria jovens.. No local tamb\u00e9m vivia uma idosa, uma gr\u00e1vida e um portador de necessidades especiais.<\/p>\n<p style=\"text-align: justify;\">A inten\u00e7\u00e3o do grupo de traficantes era matar um dos rapazes que vivia no local porque, segundo a pol\u00edcia, este garoto estaria realizando dezenas de roubos e furtos nos bairros de Socorro e essa atitude estaria trazendo a pol\u00edcia para conjunto Jardim. \u201cPol\u00edcia em \u00e1rea de venda de drogas n\u00e3o \u00e9 bom para os neg\u00f3cios e a forma que os traficantes encontraram para resolver o problema foi matar o adolescente\u201d, explicou Katarina Feitoza.<\/p>\n<div id=\"attachment_58813\" style=\"width: 310px\" class=\"wp-caption alignright\"><a href=\"http:\/\/senoticias.com.br\/se\/wp-content\/uploads\/2014\/01\/IPolicial.jpg\"><img loading=\"lazy\" decoding=\"async\" aria-describedby=\"caption-attachment-58813\" class=\"size-medium wp-image-58813\" alt=\" Inqu\u00e9rito que apontou autoria dos crimes.(Foto: Reinaldo Gasparoni)\" src=\"http:\/\/senoticias.com.br\/se\/wp-content\/uploads\/2014\/01\/IPolicial-300x203.jpg\" width=\"300\" height=\"203\" srcset=\"https:\/\/senoticias.com.br\/se\/wp-content\/uploads\/2014\/01\/IPolicial-300x203.jpg 300w, https:\/\/senoticias.com.br\/se\/wp-content\/uploads\/2014\/01\/IPolicial-342x232.jpg 342w, https:\/\/senoticias.com.br\/se\/wp-content\/uploads\/2014\/01\/IPolicial.jpg 480w\" sizes=\"(max-width: 300px) 100vw, 300px\" \/><\/a><p id=\"caption-attachment-58813\" class=\"wp-caption-text\"><br \/>Inqu\u00e9rito que apontou autoria dos crimes.(Foto: Reinaldo Gasparoni)<\/p><\/div>\n<p style=\"text-align: justify;\">Juliana Alcoforado relata que os criminosos chegaram de madrugada e como n\u00e3o encontraram o procurado desferiram centenas de tiros contras as casas. \u201cUm desses tiros mataram Rafael de Jesus Santos Souza, 17 anos, cuja mulher estava gr\u00e1vida. Rafael era primo do homem que os criminosos queriam matar e contra ele n\u00e3o havia hist\u00f3rico de pr\u00e1ticas criminosas. Ele foi alvejado sem qualquer raz\u00e3o com um tiro na face e mais dois tiros a queima roupa no peito\u201d, disse a delegada.<\/p>\n<p style=\"text-align: justify;\">Desesperado com a cena, outro adolescente de 16 anos, primo da v\u00edtima, come\u00e7ou a gritar e por essa raz\u00e3o foi tamb\u00e9m alvejado com dois disparos no pesco\u00e7o, que quase o levaram \u00e0 morte. Ap\u00f3s os crimes, os acusados fugiram do local, deixando toda popula\u00e7\u00e3o do conjunto Jardim em estado de choque.<\/p>\n<p style=\"text-align: justify;\"><strong>Investiga\u00e7\u00f5es<\/strong><\/p>\n<p style=\"text-align: justify;\">Irm\u00e3os Adilson (\u00e0 direita) e Adriano (\u00e0 esquerda)A Pol\u00edcia Civil come\u00e7ou a investigar o caso e com ajuda do Disque Den\u00fancia 181 conseguiu identificar e prender Adilson Alves da Cruz, indicado pela popula\u00e7\u00e3o em muitas den\u00fancias para o 181 como chefe do tr\u00e1fico varejista local. Tamb\u00e9m prendeu Adriano Alves da Cruz, traficante investigado pelo Departamento de Narc\u00f3ticos (Denarc) refugiado no Conjunto Jardim desde sua fuga do Departamento realizada no segundo semestre de 2013. Ad\u00edlson e Adriano s\u00e3o irm\u00e3os e bastante violentos.<\/p>\n<p style=\"text-align: justify;\">Os outros dois a serem presos pelo DHPP foram Alan Klaiton Santos Andrade, conhecido como &#8216;D2&#8217;, e Gladston Rog\u00e9rio Correia Souza, que embora tenha apenas 18 anos \u00e9 apontado como respons\u00e1vel pela execu\u00e7\u00e3o direta de muitos dos crimes investigados. Nas resid\u00eancias de Alan e Adriano foram apreendidos dinheiro, pequena quantidade de drogas e dois rev\u00f3lveres calibre 38, que ser\u00e3o agora submetidos a per\u00edcia de compara\u00e7\u00e3o bal\u00edstica.<\/p>\n<p style=\"text-align: justify;\">\u201cAo longo dos \u00faltimos cinco anos, a Pol\u00edcia Civil vem investigando diversos desses traficantes e v\u00e1rios deles s\u00e3o atribu\u00eddos homic\u00eddios, ora executados em bando, ora executados em dupla ou mesmo individualmente por algum dos membros. Ao todo, s\u00e3o mais de vinte casos sendo investigados no DHPP em que membros desse grupo s\u00e3o mencionados como respons\u00e1veis pelos crimes\u201d, disse Juliana.<\/p>\n<p style=\"text-align: justify;\"><strong>Resolu\u00e7\u00e3o de homic\u00eddios<\/strong><\/p>\n<p style=\"text-align: justify;\">A superintendente Katarina Feitoza ressalta que a forma da Pol\u00edcia Civil contribuir com a redu\u00e7\u00e3o dos crimes de homic\u00eddios \u00e9 por pr\u00e1tica o planejamento estrat\u00e9gico da institui\u00e7\u00e3o, que \u00e9 cumprir a meta de mandados de pris\u00e3o em aberto e solucionar o maior n\u00famero de inqu\u00e9ritos policiais.<\/p>\n<p style=\"text-align: justify;\">\u201cA Grande Aracaju tem \u00edndice de resolu\u00e7\u00e3o de homic\u00eddios em torno de 53%. Para se ter uma ideia a m\u00e9dia nacional gira em torno de 5% a 8%, ou seja, temos um dado bastante animador e queremos aperfei\u00e7o\u00e1-lo cada vez mais\u201d, enfatizou.<\/p>\n<p style=\"text-align: justify;\">Delegada Thereza SimonyA diretora do DHPP, delegada Thereza Simony, informou que o trabalho do departamento tem contribu\u00eddo decisivamente com os \u00edndices positivos de resolu\u00e7\u00e3o de crimes contra a vida na Grande Aracaju. \u201cTemos apresentado pessoas envolvidas em crimes de homic\u00eddios praticamente toda semana. Destacamos a valorosa colabora\u00e7\u00e3o da sociedade que liga para o Disque Den\u00fancia para passar informa\u00e7\u00f5es sobre foragidos da Justi\u00e7a e pessoas envolvidas em assassinatos\u201d, explicou.<\/p>\n<p><strong>\u00a0Siga o SE Not\u00edcias pelo <a href=\"https:\/\/twitter.com\/Senoticias\" target=\"_blank\">Twitter <\/a>e curta no <a href=\" https:\/\/www.facebook.com\/PortalSENoticias\" target=\"_blank\">Facebook<\/a><\/strong><\/p>\n<p><em><strong>Da \u00a0Assessoria de Comunica\u00e7\u00e3o da SSP\/SE<\/strong><\/em><\/p>\n","protected":false},"excerpt":{"rendered":"<p>&nbsp; O Departamento de Combate Homic\u00eddios e Prote\u00e7\u00e3o \u00e0 Pessoa, (DHPP) em parceria com o Grupo Especial de Repress\u00e3o e Buscas (GERB) apresentou na manh\u00e3 desta ter\u00e7a-feira, 21, no gabinete da superintendente da Pol\u00edcia Civil, Katarina Feitoza, uma quadrilha de traficantes e homicidas envolvida em pelo menos 20 assassinatos nos \u00faltimos cinco anos no Conjunto [&hellip;]<\/p>\n","protected":false},"author":1,"featured_media":58812,"comment_status":"closed","ping_status":"closed","sticky":false,"template":"","format":"standard","meta":{"footnotes":""},"categories":[310,7],"tags":[],"class_list":{"0":"post-58811","1":"post","2":"type-post","3":"status-publish","4":"format-standard","5":"has-post-thumbnail","7":"category-destaques-da-semana","8":"category-policia"},"_links":{"self":[{"href":"https:\/\/senoticias.com.br\/se\/wp-json\/wp\/v2\/posts\/58811"}],"collection":[{"href":"https:\/\/senoticias.com.br\/se\/wp-json\/wp\/v2\/posts"}],"about":[{"href":"https:\/\/senoticias.com.br\/se\/wp-json\/wp\/v2\/types\/post"}],"author":[{"embeddable":true,"href":"https:\/\/senoticias.com.br\/se\/wp-json\/wp\/v2\/users\/1"}],"replies":[{"embeddable":true,"href":"https:\/\/senoticias.com.br\/se\/wp-json\/wp\/v2\/comments?post=58811"}],"version-history":[{"count":0,"href":"https:\/\/senoticias.com.br\/se\/wp-json\/wp\/v2\/posts\/58811\/revisions"}],"wp:featuredmedia":[{"embeddable":true,"href":"https:\/\/senoticias.com.br\/se\/wp-json\/wp\/v2\/media\/58812"}],"wp:attachment":[{"href":"https:\/\/senoticias.com.br\/se\/wp-json\/wp\/v2\/media?parent=58811"}],"wp:term":[{"taxonomy":"category","embeddable":true,"href":"https:\/\/senoticias.com.br\/se\/wp-json\/wp\/v2\/categories?post=58811"},{"taxonomy":"post_tag","embeddable":true,"href":"https:\/\/senoticias.com.br\/se\/wp-json\/wp\/v2\/tags?post=58811"}],"curies":[{"name":"wp","href":"https:\/\/api.w.org\/{rel}","templated":true}]}}