{"id":58808,"date":"2014-01-21T13:33:54","date_gmt":"2014-01-21T16:33:54","guid":{"rendered":"http:\/\/senoticias.com.br\/se\/?p=58808"},"modified":"2014-01-21T13:33:54","modified_gmt":"2014-01-21T16:33:54","slug":"pc-do-b-anuncia-pre-candidatura-de-edvaldo-nogueira-ao-senado-por-se","status":"publish","type":"post","link":"https:\/\/senoticias.com.br\/se\/pc-do-b-anuncia-pre-candidatura-de-edvaldo-nogueira-ao-senado-por-se\/","title":{"rendered":"PC do B anuncia pr\u00e9-candidatura de Edvaldo Nogueira ao Senado por SE"},"content":{"rendered":"<div id=\"attachment_58809\" style=\"width: 310px\" class=\"wp-caption alignright\"><a href=\"http:\/\/senoticias.com.br\/se\/wp-content\/uploads\/2014\/01\/dsc_0152.jpg\"><img loading=\"lazy\" decoding=\"async\" aria-describedby=\"caption-attachment-58809\" class=\"size-medium wp-image-58809\" alt=\"Partido convocou a imprensa para fazer o an\u00fancio da pr\u00e9-candidatura (Foto: Marina Fontenele\/G1)\" src=\"http:\/\/senoticias.com.br\/se\/wp-content\/uploads\/2014\/01\/dsc_0152-300x225.jpg\" width=\"300\" height=\"225\" srcset=\"https:\/\/senoticias.com.br\/se\/wp-content\/uploads\/2014\/01\/dsc_0152-300x225.jpg 300w, https:\/\/senoticias.com.br\/se\/wp-content\/uploads\/2014\/01\/dsc_0152-342x256.jpg 342w, https:\/\/senoticias.com.br\/se\/wp-content\/uploads\/2014\/01\/dsc_0152-60x45.jpg 60w, https:\/\/senoticias.com.br\/se\/wp-content\/uploads\/2014\/01\/dsc_0152-150x113.jpg 150w, https:\/\/senoticias.com.br\/se\/wp-content\/uploads\/2014\/01\/dsc_0152-269x201.jpg 269w, https:\/\/senoticias.com.br\/se\/wp-content\/uploads\/2014\/01\/dsc_0152.jpg 620w\" sizes=\"(max-width: 300px) 100vw, 300px\" \/><\/a><p id=\"caption-attachment-58809\" class=\"wp-caption-text\">Partido convocou a imprensa para fazer o an\u00fancio da pr\u00e9-candidatura (Foto: Marina Fontenele\/G1)<\/p><\/div>\n<p style=\"text-align: justify;\">A diretoria nacional do Partido Comunista do Brasil (PC do B) anunciou nesta ter\u00e7a-feira (21) a pr\u00e9-candidatura de Edvaldo Nogueira ao Senado nas elei\u00e7\u00f5es de 2014. O pol\u00edtico \u00e9 ex-prefeito de Aracaju, em Sergipe.<\/p>\n<p style=\"text-align: justify;\">\u201cEdvaldo \u00e9 preparado e teve uma bela trajet\u00f3ria pol\u00edtica no estado que contribuiu muito para o que \u00e9 Aracaju hoje, conhecida como a capital da cidade da qualidade de vida. Edvaldo contribuiu com essa nova forma de fazer pol\u00edtica, por isso eu o considero sucessor pol\u00edtico de D\u00e9da\u201d, afirma Renato Rabelo, presidente nacional do PC do B.<\/p>\n<p style=\"text-align: justify;\">Sobre o novo desafio pol\u00edtico, o pr\u00e9-candidato a senador diz que se sente preparado para o cargo. \u201cEstamos vivendo um momento importante de renova\u00e7\u00e3o das lideran\u00e7as pol\u00edticas no estado. Me considero preparado e fico feliz com a confian\u00e7a depositada em meu nome pela dire\u00e7\u00e3o do partido e com certeza eu vou dar o melhor de mim em busca da vit\u00f3ria do nosso projeto em outubro desse ano\u201d, afirma Edvaldo.<\/p>\n<p style=\"text-align: justify;\">O ex-prefeito da capital disse ainda que busca construir um novo pacto entre aliados, pois acredita que o quadro pol\u00edtico precisa ser reorganizado. \u201c\u00c9 necess\u00e1rio que o governador Jackson Barreto se coloque \u00e0 frente desse trabalho no sentido de dar continuidade de melhorar ainda mais o desempenho do governo, al\u00e9m de dar aten\u00e7\u00e3o aos partidos aliados para que a gente possa montar uma chama majorit\u00e1ria completa\u201d, analisa Edvaldo.<\/p>\n<p style=\"text-align: justify;\">\n<p style=\"text-align: justify;\"><em>Por\u00a0Marina Fontenele do Portal de Not\u00edcias G1 Sergipe \u00a0<\/em><\/p>\n<p style=\"text-align: justify;\"><strong>Siga o SE Not\u00edcias pelo <a href=\"https:\/\/twitter.com\/Senoticias\" target=\"_blank\">Twitter <\/a>e curta no <a href=\"https:\/\/www.facebook.com\/PortalSENoticias?ref=hl\" target=\"_blank\">Facebook\u00a0<\/a><\/strong><\/p>\n<p style=\"text-align: justify;\">\n","protected":false},"excerpt":{"rendered":"<p>A diretoria nacional do Partido Comunista do Brasil (PC do B) anunciou nesta ter\u00e7a-feira (21) a pr\u00e9-candidatura de Edvaldo Nogueira ao Senado nas elei\u00e7\u00f5es de 2014. O pol\u00edtico \u00e9 ex-prefeito de Aracaju, em Sergipe. \u201cEdvaldo \u00e9 preparado e teve uma bela trajet\u00f3ria pol\u00edtica no estado que contribuiu muito para o que \u00e9 Aracaju hoje, conhecida [&hellip;]<\/p>\n","protected":false},"author":1,"featured_media":58809,"comment_status":"closed","ping_status":"closed","sticky":false,"template":"","format":"standard","meta":{"footnotes":""},"categories":[6],"tags":[],"class_list":{"0":"post-58808","1":"post","2":"type-post","3":"status-publish","4":"format-standard","5":"has-post-thumbnail","7":"category-politica"},"_links":{"self":[{"href":"https:\/\/senoticias.com.br\/se\/wp-json\/wp\/v2\/posts\/58808"}],"collection":[{"href":"https:\/\/senoticias.com.br\/se\/wp-json\/wp\/v2\/posts"}],"about":[{"href":"https:\/\/senoticias.com.br\/se\/wp-json\/wp\/v2\/types\/post"}],"author":[{"embeddable":true,"href":"https:\/\/senoticias.com.br\/se\/wp-json\/wp\/v2\/users\/1"}],"replies":[{"embeddable":true,"href":"https:\/\/senoticias.com.br\/se\/wp-json\/wp\/v2\/comments?post=58808"}],"version-history":[{"count":0,"href":"https:\/\/senoticias.com.br\/se\/wp-json\/wp\/v2\/posts\/58808\/revisions"}],"wp:featuredmedia":[{"embeddable":true,"href":"https:\/\/senoticias.com.br\/se\/wp-json\/wp\/v2\/media\/58809"}],"wp:attachment":[{"href":"https:\/\/senoticias.com.br\/se\/wp-json\/wp\/v2\/media?parent=58808"}],"wp:term":[{"taxonomy":"category","embeddable":true,"href":"https:\/\/senoticias.com.br\/se\/wp-json\/wp\/v2\/categories?post=58808"},{"taxonomy":"post_tag","embeddable":true,"href":"https:\/\/senoticias.com.br\/se\/wp-json\/wp\/v2\/tags?post=58808"}],"curies":[{"name":"wp","href":"https:\/\/api.w.org\/{rel}","templated":true}]}}