{"id":57481,"date":"2013-12-21T19:59:03","date_gmt":"2013-12-21T22:59:03","guid":{"rendered":"http:\/\/senoticias.com.br\/se\/?p=57481"},"modified":"2013-12-24T14:09:19","modified_gmt":"2013-12-24T17:09:19","slug":"as-50-melhores-cidades-do-brasil-para-viver-segundo-a-onu","status":"publish","type":"post","link":"https:\/\/senoticias.com.br\/se\/as-50-melhores-cidades-do-brasil-para-viver-segundo-a-onu\/","title":{"rendered":"As 50 melhores cidades do Brasil para viver, segundo a ONU"},"content":{"rendered":"<p style=\"text-align: justify;\">Com um \u00edndice de 0,862, considerado muito alto, conforme o Atlas de Desenvolvimento Humano no Brasil 2013, a cidade paulista de S\u00e3o Caetano do Sul foi eleita a melhor para se viver no Brasil.<\/p>\n<div id=\"attachment_57482\" style=\"width: 600px\" class=\"wp-caption aligncenter\"><a href=\"http:\/\/senoticias.com.br\/se\/wp-content\/uploads\/2013\/12\/S\u00e3o-Caetano.jpg\"><img loading=\"lazy\" decoding=\"async\" aria-describedby=\"caption-attachment-57482\" class=\"size-full wp-image-57482\" alt=\"1\u00aa S\u00e3o Caetano do Sul (SP) \u2013 IDHM 0,862\" src=\"http:\/\/senoticias.com.br\/se\/wp-content\/uploads\/2013\/12\/S\u00e3o-Caetano.jpg\" width=\"590\" height=\"443\" srcset=\"https:\/\/senoticias.com.br\/se\/wp-content\/uploads\/2013\/12\/S\u00e3o-Caetano.jpg 590w, https:\/\/senoticias.com.br\/se\/wp-content\/uploads\/2013\/12\/S\u00e3o-Caetano-300x225.jpg 300w, https:\/\/senoticias.com.br\/se\/wp-content\/uploads\/2013\/12\/S\u00e3o-Caetano-342x256.jpg 342w, https:\/\/senoticias.com.br\/se\/wp-content\/uploads\/2013\/12\/S\u00e3o-Caetano-60x45.jpg 60w, https:\/\/senoticias.com.br\/se\/wp-content\/uploads\/2013\/12\/S\u00e3o-Caetano-150x113.jpg 150w, https:\/\/senoticias.com.br\/se\/wp-content\/uploads\/2013\/12\/S\u00e3o-Caetano-269x201.jpg 269w\" sizes=\"(max-width: 590px) 100vw, 590px\" \/><\/a><p id=\"caption-attachment-57482\" class=\"wp-caption-text\">1\u00aa S\u00e3o Caetano do Sul (SP) \u2013 IDHM 0,862\/Alexandre Gilesbrecht\/Creative Commons<\/p><\/div>\n<p>&nbsp;<\/p>\n<p style=\"text-align: justify;\">De acordo com o levantamento, divulgado pelo Programa das Na\u00e7\u00f5es Unidas para o Desenvolvimento, cerca de 74% dos munic\u00edpios brasileiros, o equivalente a 4.122 cidades , se encontram nas faixas de m\u00e9dio e alto desenvolvimento humano.<\/p>\n<p style=\"text-align: justify;\">O n\u00famero, relata o estudo, mostra uma evolu\u00e7\u00e3o do IDHM (\u00cdndice de Desenvolvimento Humano) nas duas \u00faltimas d\u00e9cadas, ao sair da faixa de muito baixo (0,493) em 1991, para alto (0,727) em 2010, sinalizando que o pa\u00eds est\u00e1 conseguindo, aos poucos, reduzir as disparidades hist\u00f3ricas de desenvolvimento entre as diferentes regi\u00f5es do Brasil.<\/p>\n<p style=\"text-align: justify;\">Regi\u00f5es e Cidades Pelos dados atuais, 0,8% dos munic\u00edpios brasileiros, 44 no total, fazem parte da faixa de desenvolvimento humano considerado muito alto, com \u00edndice entre 0,800 e 1,000. Vale lembrar, que para compor o IDHM s\u00e3o analisados fatores como renda, educa\u00e7\u00e3o e longevidade.<\/p>\n<p style=\"text-align: justify;\"><strong>Siga o SE Not\u00edcias no <a href=\"https:\/\/twitter.com\/senoticias\" target=\"_blank\">Twitter<\/a> e curta no <a href=\" https:\/\/www.facebook.com\/PortalSENoticias\" target=\"_blank\">Facebook<\/a><\/strong><\/p>\n<p style=\"text-align: justify;\">Por regi\u00f5es, Sul e Sudeste concentram a maior parte dos munic\u00edpios na faixa de alto desenvolvimento humano, sendo que estas regi\u00f5es, juntamente com o Centro-Oeste, n\u00e3o possuem nenhum munic\u00edpio na faixa de IDHM muito baixo (\u00edndice at\u00e9 0,499). Por outro lado, as regi\u00f5es Norte e Nordeste n\u00e3o contam com nenhum munic\u00edpio na faixa de IDHM muito alto.<\/p>\n<p style=\"text-align: justify;\">Considerando as capitais, apenas sete foram classificadas com IDHM muito alto, s\u00e3o elas: Florian\u00f3polis-SC, Vit\u00f3ria-ES, Bras\u00edlia-DF, Curitiba-PR, Belo Horizonte-MG, Porto Alegre-RS e S\u00e3o Paulo-SP.<\/p>\n<p style=\"text-align: justify;\">Rio de Janeiro-RJ e Goi\u00e2nia-GO aparecem entre as 50 melhores classificadas, por\u00e9m com IDHM alto, entre 0,700 e 0,799. Abaixo as 50 cidades com melhores IDHMs do Brasil.<\/p>\n<p><strong>50 melhores IDHMs do Brasil<\/strong><\/p>\n<p><strong>Coloca\u00e7\u00e3o <\/strong>\/<strong> Cidade <\/strong>\/<strong> \u00cdndice<\/strong><br \/>\n1\u00ba\u00a0S\u00e3o Caetano do Sul-SP &#8211;\u00a00,862<br \/>\n2\u00ba\u00c1guas de S\u00e3o Pedro-SP &#8211;\u00a00,854<br \/>\n3\u00ba\u00a0Florian\u00f3polis-SC \u00a00,847<br \/>\n4\u00ba\u00a0Vit\u00f3ria-ES &#8211;\u00a00,845<br \/>\n4\u00ba\u00a0Balne\u00e1rio Cambori\u00fa-SC &#8211; \u00a00,845<br \/>\n6\u00ba\u00a0Santos-SP &#8211; \u00a00,840<br \/>\n7\u00ba\u00a0Niter\u00f3i-RJ &#8211; \u00a00,837<br \/>\n8\u00ba\u00a0Joa\u00e7aba-SC &#8211; \u00a00,827<br \/>\n9\u00ba\u00a0Bras\u00edlia-DF &#8211;\u00a00,824<br \/>\n10\u00ba\u00a0Curitiba-PR &#8211;\u00a00,823<br \/>\n11\u00ba\u00a0Jundia\u00ed-SP &#8211;\u00a00,822<br \/>\n12\u00ba\u00a0Valinhos-SP &#8211; \u00a00,819<br \/>\n13\u00ba\u00a0Vinhedo-SP &#8211;\u00a00,817<br \/>\n14\u00ba\u00a0Santo Andr\u00e9-SP &#8211; \u00a00,815<br \/>\n15\u00ba\u00a0Araraquara-SP &#8211;\u00a00,815<br \/>\n16\u00ba\u00a0Santana de Parna\u00edba-SP -0,814<br \/>\n17\u00ba\u00a0Nova Lima-MG &#8211; \u00a00,813<br \/>\n18\u00ba\u00a0Ilha Solteira-SP &#8211;\u00a00,812<br \/>\n19\u00ba\u00a0Americana-SP &#8211;\u00a00,811<br \/>\n20\u00ba\u00a0Belo Horizonte-MG &#8211;\u00a00,810<br \/>\n21\u00ba\u00a0S\u00e3o Jos\u00e9-SC &#8211;\u00a00,809<br \/>\n22\u00ba\u00a0Joinville-SC &#8211; \u00a00,809<br \/>\n23\u00ba\u00a0Maring\u00e1-PR &#8211; \u00a00,808<br \/>\n24\u00ba\u00a0S\u00e3o Jos\u00e9 dos Campos-SP &#8211;\u00a00,807<br \/>\n25\u00ba\u00a0Blumenau-SC &#8211;\u00a00,806<br \/>\n26\u00ba\u00a0Rio Fortuna-SC &#8211;\u00a00,806<br \/>\n27\u00ba\u00a0Presidente Prudente-SP-\u00a00,806<br \/>\n28\u00ba\u00a0Porto Alegre-RS &#8211;\u00a00,805<br \/>\n29\u00ba\u00a0S\u00e3o Carlos-SP &#8211;\u00a00,805<br \/>\n30\u00ba\u00a0Assis-SP &#8211; \u00a00,805<br \/>\n31\u00ba\u00a0S\u00e3o Bernardo do Campo-SP &#8211;\u00a00,805<br \/>\n32\u00ba\u00a0Campinas-SP &#8211; \u00a00,805<br \/>\n33\u00ba\u00a0S\u00e3o Paulo-SP &#8211;\u00a00,805<br \/>\n34\u00ba\u00a0Rio Claro-SP &#8211; \u00a00,803<br \/>\n35\u00ba\u00a0Jaragu\u00e1 do Sul-SC &#8211; \u00a00,803<br \/>\n36\u00ba\u00a0Rio do Sul-SC &#8211;\u00a00,802<br \/>\n37\u00ba\u00a0Pirassununga-SP &#8211;\u00a00,801<br \/>\n38\u00ba\u00a0Bauru-SP &#8211;\u00a00,801<br \/>\n39\u00ba\u00a0S\u00e3o Miguel do Oeste-SC &#8211;\u00a00,801<br \/>\n40\u00ba\u00a0Vila Velha-ES &#8211;\u00a00,800<br \/>\n41\u00ba\u00a0Taubat\u00e9-SP &#8211;\u00a00,800<br \/>\n42\u00ba\u00a0Botucatu-SP &#8211;\u00a00,800<br \/>\n43\u00ba\u00a0Ribeir\u00e3o Preto-SP &#8211; \u00a00,800<br \/>\n44\u00ba\u00a0Conc\u00f3rdia-SC &#8211;\u00a00,800<br \/>\n45\u00ba\u00a0Rio de Janeiro-RJ &#8211;\u00a00,799<br \/>\n46\u00ba\u00a0Goi\u00e2nia-GO &#8211;\u00a00,799<br \/>\n47\u00ba\u00a0Mar\u00edlia-SP &#8211;\u00a00,798<br \/>\n48\u00ba\u00a0Sorocaba-SP &#8211;\u00a00,798<br \/>\n49\u00ba\u00a0Guaratinguet\u00e1-SP &#8211;\u00a00,798<br \/>\n50\u00ba\u00a0Fernand\u00f3polis-SP &#8211;\u00a00,797<\/p>\n<p>*Fonte: Atlas do Desenvolvimento Humano do Brasil 2013<\/p>\n","protected":false},"excerpt":{"rendered":"<p>Com um \u00edndice de 0,862, considerado muito alto, conforme o Atlas de Desenvolvimento Humano no Brasil 2013, a cidade paulista de S\u00e3o Caetano do Sul foi eleita a melhor para se viver no Brasil. &nbsp; De acordo com o levantamento, divulgado pelo Programa das Na\u00e7\u00f5es Unidas para o Desenvolvimento, cerca de 74% dos munic\u00edpios brasileiros, [&hellip;]<\/p>\n","protected":false},"author":1,"featured_media":57482,"comment_status":"closed","ping_status":"closed","sticky":false,"template":"","format":"standard","meta":{"footnotes":""},"categories":[310,6],"tags":[],"class_list":{"0":"post-57481","1":"post","2":"type-post","3":"status-publish","4":"format-standard","5":"has-post-thumbnail","7":"category-destaques-da-semana","8":"category-politica"},"_links":{"self":[{"href":"https:\/\/senoticias.com.br\/se\/wp-json\/wp\/v2\/posts\/57481"}],"collection":[{"href":"https:\/\/senoticias.com.br\/se\/wp-json\/wp\/v2\/posts"}],"about":[{"href":"https:\/\/senoticias.com.br\/se\/wp-json\/wp\/v2\/types\/post"}],"author":[{"embeddable":true,"href":"https:\/\/senoticias.com.br\/se\/wp-json\/wp\/v2\/users\/1"}],"replies":[{"embeddable":true,"href":"https:\/\/senoticias.com.br\/se\/wp-json\/wp\/v2\/comments?post=57481"}],"version-history":[{"count":0,"href":"https:\/\/senoticias.com.br\/se\/wp-json\/wp\/v2\/posts\/57481\/revisions"}],"wp:featuredmedia":[{"embeddable":true,"href":"https:\/\/senoticias.com.br\/se\/wp-json\/wp\/v2\/media\/57482"}],"wp:attachment":[{"href":"https:\/\/senoticias.com.br\/se\/wp-json\/wp\/v2\/media?parent=57481"}],"wp:term":[{"taxonomy":"category","embeddable":true,"href":"https:\/\/senoticias.com.br\/se\/wp-json\/wp\/v2\/categories?post=57481"},{"taxonomy":"post_tag","embeddable":true,"href":"https:\/\/senoticias.com.br\/se\/wp-json\/wp\/v2\/tags?post=57481"}],"curies":[{"name":"wp","href":"https:\/\/api.w.org\/{rel}","templated":true}]}}