{"id":54405,"date":"2013-10-25T11:50:22","date_gmt":"2013-10-25T14:50:22","guid":{"rendered":"http:\/\/senoticias.com.br\/se\/?p=54405"},"modified":"2013-10-26T14:13:07","modified_gmt":"2013-10-26T17:13:07","slug":"prf-recupera-veiculo-roubado-apos-denuncia-de-sequestro-em-sao-cristovao","status":"publish","type":"post","link":"https:\/\/senoticias.com.br\/se\/prf-recupera-veiculo-roubado-apos-denuncia-de-sequestro-em-sao-cristovao\/","title":{"rendered":"PRF recupera ve\u00edculo roubado ap\u00f3s den\u00fancia de sequestro, em S\u00e3o Crist\u00f3v\u00e3o"},"content":{"rendered":"<p>&nbsp;<\/p>\n<p style=\"text-align: justify;\">Na madrugada de hoje, um caminhoneiro parou no Posto da PRF, em S\u00e3o Crist\u00f3v\u00e3o (SE), informando ter sido sequestrado, juntamente com a sua fam\u00edlia, por homens armados. Ele disse que estava com seus familiares em um caminh\u00e3o M.Benz\/1318, com placas do Cear\u00e1, quando foi abordado antes do posto fiscal da Bahia pelos bandidos, que estavam em um ve\u00edculo de cor branca. Os ref\u00e9ns teriam ficado parados em um matagal por mais de uma hora e meia, antes de serem liberados ilesos e receberem ordem de seguir para Sergipe sem parar.<\/p>\n<p><strong>\u00a0Siga o SE Not\u00edcias no <a href=\"https:\/\/twitter.com\/\" target=\"_blank\"><span style=\"text-decoration: underline; color: #ff0000;\">Twitter<\/span><\/a> e curta no <a href=\"https:\/\/www.facebook.com\/PortalSENoticias\" target=\"_blank\"><span style=\"text-decoration: underline; color: #ff0000;\">Facebook<\/span><\/a><\/strong><\/p>\n<div id=\"attachment_54406\" style=\"width: 310px\" class=\"wp-caption alignright\"><a href=\"http:\/\/senoticias.com.br\/se\/wp-content\/uploads\/2013\/10\/PRF-SE-Ve\u00edculo-recuperado-ap\u00f3s-den\u00fancia-de-sequestro-2-25out13.jpg\"><img loading=\"lazy\" decoding=\"async\" aria-describedby=\"caption-attachment-54406\" class=\"size-medium wp-image-54406\" alt=\"Hilux prata, com placas com registro de roubo e furto.(Divulga\u00e7\u00e3o\/PRF\/SE)\" src=\"http:\/\/senoticias.com.br\/se\/wp-content\/uploads\/2013\/10\/PRF-SE-Ve\u00edculo-recuperado-ap\u00f3s-den\u00fancia-de-sequestro-2-25out13-300x218.jpg\" width=\"300\" height=\"218\" srcset=\"https:\/\/senoticias.com.br\/se\/wp-content\/uploads\/2013\/10\/PRF-SE-Ve\u00edculo-recuperado-ap\u00f3s-den\u00fancia-de-sequestro-2-25out13-300x218.jpg 300w, https:\/\/senoticias.com.br\/se\/wp-content\/uploads\/2013\/10\/PRF-SE-Ve\u00edculo-recuperado-ap\u00f3s-den\u00fancia-de-sequestro-2-25out13-342x249.jpg 342w, https:\/\/senoticias.com.br\/se\/wp-content\/uploads\/2013\/10\/PRF-SE-Ve\u00edculo-recuperado-ap\u00f3s-den\u00fancia-de-sequestro-2-25out13-60x45.jpg 60w, https:\/\/senoticias.com.br\/se\/wp-content\/uploads\/2013\/10\/PRF-SE-Ve\u00edculo-recuperado-ap\u00f3s-den\u00fancia-de-sequestro-2-25out13-90x65.jpg 90w, https:\/\/senoticias.com.br\/se\/wp-content\/uploads\/2013\/10\/PRF-SE-Ve\u00edculo-recuperado-ap\u00f3s-den\u00fancia-de-sequestro-2-25out13.jpg 508w\" sizes=\"(max-width: 300px) 100vw, 300px\" \/><\/a><p id=\"caption-attachment-54406\" class=\"wp-caption-text\">Hilux prata, com placas com registro de roubo e furto.(Divulga\u00e7\u00e3o\/PRF\/SE)<\/p><\/div>\n<p style=\"text-align: justify;\">O caminh\u00e3o teria ficado na mira dos sequestradores, sendo seguido durante todo o percurso pelo ve\u00edculo dos criminosos. Quando avistou o posto PRF em S\u00e3o Crist\u00f3v\u00e3o, o motorista saiu da BR para comunicar o ocorrido aos agentes federais de servi\u00e7o, que visualizaram, ap\u00f3s a entrada do caminh\u00e3o na \u00e1rea do posto de fiscaliza\u00e7\u00e3o, um ve\u00edculo parar alguns metros atr\u00e1s, dar r\u00e9 na rodovia e adentrar em uma vicinal.<\/p>\n<p style=\"text-align: justify;\">Assim que foram comunicados do ocorrido, a equipe da PRF iniciou buscas na regi\u00e3o, localizando uma Hilux prata, com placas de Sergipe, parada com as portas trancadas, num descampado na zona rural de S\u00e3o Crist\u00f3v\u00e3o. Eles realizaram uma verifica\u00e7\u00e3o minuciosa no ve\u00edculo, constatando que tratava-se na verdade de um ve\u00edculo da Bahia, com registro de roubo e furto. A ocorr\u00eancia foi encaminhada para a autoridade judici\u00e1ria para provid\u00eancias cab\u00edveis, que verificar\u00e3o a rela\u00e7\u00e3o entre o sequestro e o ve\u00edculo recuperado.<\/p>\n<p><strong>N\u00facleo de Comunica\u00e7\u00e3o Social<\/strong><br \/>\n<strong>Pol\u00edcia Rodovi\u00e1ria Federal \u2013 Sergipe<\/strong><\/p>\n","protected":false},"excerpt":{"rendered":"<p>&nbsp; Na madrugada de hoje, um caminhoneiro parou no Posto da PRF, em S\u00e3o Crist\u00f3v\u00e3o (SE), informando ter sido sequestrado, juntamente com a sua fam\u00edlia, por homens armados. Ele disse que estava com seus familiares em um caminh\u00e3o M.Benz\/1318, com placas do Cear\u00e1, quando foi abordado antes do posto fiscal da Bahia pelos bandidos, que [&hellip;]<\/p>\n","protected":false},"author":1,"featured_media":54406,"comment_status":"closed","ping_status":"closed","sticky":false,"template":"","format":"standard","meta":{"footnotes":""},"categories":[7],"tags":[],"class_list":{"0":"post-54405","1":"post","2":"type-post","3":"status-publish","4":"format-standard","5":"has-post-thumbnail","7":"category-policia"},"_links":{"self":[{"href":"https:\/\/senoticias.com.br\/se\/wp-json\/wp\/v2\/posts\/54405"}],"collection":[{"href":"https:\/\/senoticias.com.br\/se\/wp-json\/wp\/v2\/posts"}],"about":[{"href":"https:\/\/senoticias.com.br\/se\/wp-json\/wp\/v2\/types\/post"}],"author":[{"embeddable":true,"href":"https:\/\/senoticias.com.br\/se\/wp-json\/wp\/v2\/users\/1"}],"replies":[{"embeddable":true,"href":"https:\/\/senoticias.com.br\/se\/wp-json\/wp\/v2\/comments?post=54405"}],"version-history":[{"count":0,"href":"https:\/\/senoticias.com.br\/se\/wp-json\/wp\/v2\/posts\/54405\/revisions"}],"wp:featuredmedia":[{"embeddable":true,"href":"https:\/\/senoticias.com.br\/se\/wp-json\/wp\/v2\/media\/54406"}],"wp:attachment":[{"href":"https:\/\/senoticias.com.br\/se\/wp-json\/wp\/v2\/media?parent=54405"}],"wp:term":[{"taxonomy":"category","embeddable":true,"href":"https:\/\/senoticias.com.br\/se\/wp-json\/wp\/v2\/categories?post=54405"},{"taxonomy":"post_tag","embeddable":true,"href":"https:\/\/senoticias.com.br\/se\/wp-json\/wp\/v2\/tags?post=54405"}],"curies":[{"name":"wp","href":"https:\/\/api.w.org\/{rel}","templated":true}]}}