{"id":54402,"date":"2013-10-25T11:27:07","date_gmt":"2013-10-25T14:27:07","guid":{"rendered":"http:\/\/senoticias.com.br\/se\/?p=54402"},"modified":"2013-10-26T05:51:22","modified_gmt":"2013-10-26T08:51:22","slug":"cro-se-comemora-dia-do-cirurgiao-dentista","status":"publish","type":"post","link":"https:\/\/senoticias.com.br\/se\/cro-se-comemora-dia-do-cirurgiao-dentista\/","title":{"rendered":"CRO-SE comemora Dia do Cirurgi\u00e3o-Dentista"},"content":{"rendered":"<p>&nbsp;<\/p>\n<p style=\"text-align: justify;\">Neste dia 25 de outubro \u00e9 comemorado o Dia do Cirurgi\u00e3o-Dentista no Brasil. A data comemorativa foi institu\u00edda em alus\u00e3o ao 25 de outubro de 1884, quando foi assinado o Decreto 9311, determinando a cria\u00e7\u00e3o dos primeiros cursos de gradua\u00e7\u00e3o em Odontologia do Brasil. Seguindo a mesma l\u00f3gica, a comemora\u00e7\u00e3o mundial do dia desses profissionais [3 de outubro] coincide com o dia de funda\u00e7\u00e3o da primeira escola dent\u00e1ria do mundo, a Baltimore College of Dental Surgery, em 1840, nos Estados Unidos. Embora as atividades de dentista sejam populares ao redor do mundo h\u00e1 cinco mil anos, foi apenas no s\u00e9culo 19 que nasceram as escolas espec\u00edficas para formar tais profissionais. No Brasil, em 1811 foi expedida a primeira carta de dentista, pelo portugu\u00eas Pedro Martins de Moura, que dava direito apenas a &#8220;tirar dentes&#8221;.<\/p>\n<div id=\"attachment_54403\" style=\"width: 570px\" class=\"wp-caption aligncenter\"><a href=\"http:\/\/senoticias.com.br\/se\/wp-content\/uploads\/2013\/10\/Dentista.jpg\"><img loading=\"lazy\" decoding=\"async\" aria-describedby=\"caption-attachment-54403\" class=\"size-full wp-image-54403\" alt=\" Odontol\u00f3gos de todo o Brasil comemoram hoje, 25 de Outubro, o Dia Nacional do Cirurgi\u00e3o-Dentista.(Divulga\u00e7\u00e3o)\" src=\"http:\/\/senoticias.com.br\/se\/wp-content\/uploads\/2013\/10\/Dentista.jpg\" width=\"560\" height=\"341\" srcset=\"https:\/\/senoticias.com.br\/se\/wp-content\/uploads\/2013\/10\/Dentista.jpg 560w, https:\/\/senoticias.com.br\/se\/wp-content\/uploads\/2013\/10\/Dentista-300x182.jpg 300w, https:\/\/senoticias.com.br\/se\/wp-content\/uploads\/2013\/10\/Dentista-342x208.jpg 342w\" sizes=\"(max-width: 560px) 100vw, 560px\" \/><\/a><p id=\"caption-attachment-54403\" class=\"wp-caption-text\"><br \/>Odontol\u00f3gos de todo o Brasil comemoram hoje, 25 de Outubro, o Dia Nacional do Cirurgi\u00e3o-Dentista.(Divulga\u00e7\u00e3o)<\/p><\/div>\n<p style=\"text-align: justify;\">Tanto tempo depois, a odontologia brasileira \u00e9 considerada refer\u00eancia no mundo. Mas novas conquistas ainda est\u00e3o em curso. Uma das mais recentes foi a aprova\u00e7\u00e3o no Senado Federal, por unanimidade, do Projeto da Odontologia na UTI, no \u00faltimo dia 02. O Projeto de Lei estabelece a obrigatoriedade da presen\u00e7a de profissionais da Odontologia em todas as Unidades de Terapia Intensiva (UTIs), em hospitais p\u00fablicos e privados \u2013 PLC 34\/2013. A conquista reflete na articula\u00e7\u00e3o efetiva do Conselho Federal de Odontologia e dos Conselhos Regionais junto \u00e0 bancada parlamentar da Comiss\u00e3o de Assuntos Sociais (CAS), no Senado Federal.<\/p>\n<p><strong>\u00a0Siga o SE Not\u00edcias no<a href=\"https:\/\/twitter.com\/\" target=\"_blank\"><span style=\"text-decoration: underline; color: #ff0000;\"> Twitter<\/span><\/a> e curta no <a href=\" https:\/\/www.facebook.com\/PortalSENoticias\" target=\"_blank\"><span style=\"text-decoration: underline; color: #ff0000;\">Facebook<\/span><\/a><\/strong><\/p>\n<p style=\"text-align: justify;\">Outra bandeira apoiada pelos Conselhos Regionais e Federal de Odontologia e entidades de classe \u00e9 a regulamenta\u00e7\u00e3o da atua\u00e7\u00e3o dos planos odontol\u00f3gicos. Inclusive, esta sexta-feira marca a 5\u00aa Paralisa\u00e7\u00e3o Nacional Contra os Abusos das Operadoras, que se coloca contra a explora\u00e7\u00e3o abusiva dos planos odontol\u00f3gicos. Sob a lideran\u00e7a da Comiss\u00e3o Nacional de Conv\u00eanios e Credenciamentos [ABCD, ABO nacional, CFO, FIO e FNO], o movimento realizar\u00e1 nesta sexta, 25, a interrup\u00e7\u00e3o do atendimento cl\u00ednico aos usu\u00e1rios de planos odontol\u00f3gicos, mantendo-se, contudo, os atendimentos de urg\u00eancia e emerg\u00eancia desses usu\u00e1rios. Segundo as entidades, o objetivo principal do movimento \u00e9 sensibilizar a popula\u00e7\u00e3o para a necessidade de garantir a defesa do direito ao recebimento de um atendimento odontol\u00f3gico de qualidade por parte dos CDs prestadores [confira a Carta Aberta, na \u00edntegra].<\/p>\n<p style=\"text-align: justify;\"><strong>Programa\u00e7\u00e3o comemorativa<\/strong><\/p>\n<p style=\"text-align: justify;\">Enquanto essas lutas se processam, o Conselho Regional de Odontologia de Sergipe (CRO-SE) vem atuando fortemente na fiscaliza\u00e7\u00e3o do exerc\u00edcio profissional e na valoriza\u00e7\u00e3o dos categoria. Campanhas nesse sentido foram deflagradas em Sergipe, capital e interior, com a fixa\u00e7\u00e3o de faixas e a circula\u00e7\u00e3o de busdoors. E, para comemorar o m\u00eas do dentista, foi preparada uma programa\u00e7\u00e3o especial para todo o m\u00eas, que contemplou atividades l\u00fadicas, esportivas, palestras informativas relacionadas \u00e0s mais diversas especialidades odontol\u00f3gicas e direcionadas \u00e0 sa\u00fade e ao bem-estar dos profissionais.<\/p>\n<p style=\"text-align: justify;\">Uma das a\u00e7\u00f5es previstas \u00e9 a campanha para arrecada\u00e7\u00e3o de fraldas geri\u00e1tricas, que ser\u00e3o doadas para o Asilo Same. Outra grande \u00eanfase dada pelo CRO-SE neste m\u00eas foi a preven\u00e7\u00e3o ao c\u00e2ncer de boca, oitava neoplasia mais frequente no mundo, que acomete homens e mulheres, em especial, usu\u00e1rios de \u00e1lcool e fumo. Em parceria com a Prefeitura Municipal de Aracaju, o Conselho realizou dois dias de treinamento para os dentistas da rede, ministrada pelo CD Cristiano Gaujac. Em seguida, ocorreu a Semana de Preven\u00e7\u00e3o ao C\u00e2ncer de Boca nas unidades de sa\u00fade do munic\u00edpio, tamb\u00e9m com apoio do CRO-SE.<\/p>\n<p style=\"text-align: justify;\">O ponto alto da programa\u00e7\u00e3o acontece justamente nesta sexta-feira, quando ocorrer\u00e1 a Solenidade de Entrega da Medalha de Honra ao M\u00e9rito Odontol\u00f3gico no audit\u00f3rio do CRO-SE, a partir das 19h, acompanhado de Coquetel comemorativo do Dia do Cirurgi\u00e3o-Dentista. Entre os homenageados, figuram profissionais da \u00e1rea que se destacaram em diferentes categorias, e o Vereador Dr. Gonzaga e o Deputado Federal Mendon\u00e7a Prado, pelos relevantes servi\u00e7os prestados \u00e0 categoria nas suas respectivas casas de atua\u00e7\u00e3o.<\/p>\n<p style=\"text-align: justify;\"><strong>Sa\u00fade Bucal<\/strong><\/p>\n<p style=\"text-align: justify;\">Especialistas alertam para a import\u00e2ncia do tratamento preventivo para a manuten\u00e7\u00e3o da sa\u00fade bucal, desde a inf\u00e2ncia. Pelo que se observa, a ado\u00e7\u00e3o de cuidados desse tipo teve um salto positivo nos \u00faltimos anos, mas, segundo estat\u00edstica nacional, 45% da popula\u00e7\u00e3o brasileira ainda n\u00e3o t\u00eam acesso a tratamento dent\u00e1rio. O Brasil s\u00f3 deve reduzir esse d\u00e9ficit dentro de dez a 15 anos. Segundo o presidente do CRO\/SE, Anderson Lessa, \u00e9 not\u00e1vel a melhora da conscientiza\u00e7\u00e3o da popula\u00e7\u00e3o sobre a import\u00e2ncia da sa\u00fade bucal, por\u00e9m, ainda h\u00e1 muitos caminhos a percorrer.<\/p>\n<p style=\"text-align: justify;\">\u201cMesmo sendo o Brasil, um Pa\u00eds com mais de 200 milh\u00f5es de habitantes, ainda existem muitas pessoas que n\u00e3o t\u00eam acesso ao trabalho de educa\u00e7\u00e3o e preserva\u00e7\u00e3o da pr\u00f3pria sa\u00fade, principalmente a bucal, como, por exemplo, manuten\u00e7\u00e3o da arcada dent\u00e1ria, preven\u00e7\u00e3o de doen\u00e7as que acabam ocasionando a perda dos dentes, e, consequentemente, prejudicam a qualidade de vida\u201d, explica. De acordo com ele, profissionais qualificados t\u00eam trabalhado para educar essa parcela da popula\u00e7\u00e3o, oferecendo seus servi\u00e7os aos pacientes para que cada vez mais se adequem e tenham consci\u00eancia da import\u00e2ncia da sa\u00fade bucal.<\/p>\n<p style=\"text-align: justify;\">Por isso, d\u00e3o algumas dicas, para ajudar a popula\u00e7\u00e3o a cuidar bem da sa\u00fade bucal e, consequentemente, sist\u00eamica.<br \/>\n&#8211; Visite seu dentista a cada seis meses, mesmo n\u00e3o sentindo dor;<br \/>\n&#8211; Mantenha uma alimenta\u00e7\u00e3o saud\u00e1vel, rica em c\u00e1lcio &#8211; contribui para uma denti\u00e7\u00e3o perfeita;<br \/>\n&#8211; A escova de dente ideal deve alcan\u00e7ar os dentes do fundo;<br \/>\n&#8211; Use fio dental antes da escova\u00e7\u00e3o, assim, seus dentes ficar\u00e3o livres dos res\u00edduos mais dif\u00edceis de alcan\u00e7ar;<br \/>\n&#8211; Os dentes dos beb\u00eas devem ser limpos com cotonete, gaze ou ponta de fralda umedecida. Assim, evita-se c\u00e1ries que, incrivelmente, podem aparecer nos primeiros dentinhos, causadas por mamadeiras ou alimenta\u00e7\u00e3o doce;<br \/>\n&#8211; Ap\u00f3s as refei\u00e7\u00f5es escove sempre os seus dentes, pois os restos alimentares transformam-se em \u00e1cidos que podem destruir o esmalte.<\/p>\n<p style=\"text-align: justify;\"><strong>Por Rebecca Melo [Ascom CRO-SE]<\/strong><\/p>\n","protected":false},"excerpt":{"rendered":"<p>&nbsp; Neste dia 25 de outubro \u00e9 comemorado o Dia do Cirurgi\u00e3o-Dentista no Brasil. A data comemorativa foi institu\u00edda em alus\u00e3o ao 25 de outubro de 1884, quando foi assinado o Decreto 9311, determinando a cria\u00e7\u00e3o dos primeiros cursos de gradua\u00e7\u00e3o em Odontologia do Brasil. Seguindo a mesma l\u00f3gica, a comemora\u00e7\u00e3o mundial do dia desses [&hellip;]<\/p>\n","protected":false},"author":1,"featured_media":54403,"comment_status":"closed","ping_status":"closed","sticky":false,"template":"","format":"standard","meta":{"footnotes":""},"categories":[15,310],"tags":[],"class_list":{"0":"post-54402","1":"post","2":"type-post","3":"status-publish","4":"format-standard","5":"has-post-thumbnail","7":"category-destaques","8":"category-destaques-da-semana"},"_links":{"self":[{"href":"https:\/\/senoticias.com.br\/se\/wp-json\/wp\/v2\/posts\/54402"}],"collection":[{"href":"https:\/\/senoticias.com.br\/se\/wp-json\/wp\/v2\/posts"}],"about":[{"href":"https:\/\/senoticias.com.br\/se\/wp-json\/wp\/v2\/types\/post"}],"author":[{"embeddable":true,"href":"https:\/\/senoticias.com.br\/se\/wp-json\/wp\/v2\/users\/1"}],"replies":[{"embeddable":true,"href":"https:\/\/senoticias.com.br\/se\/wp-json\/wp\/v2\/comments?post=54402"}],"version-history":[{"count":0,"href":"https:\/\/senoticias.com.br\/se\/wp-json\/wp\/v2\/posts\/54402\/revisions"}],"wp:featuredmedia":[{"embeddable":true,"href":"https:\/\/senoticias.com.br\/se\/wp-json\/wp\/v2\/media\/54403"}],"wp:attachment":[{"href":"https:\/\/senoticias.com.br\/se\/wp-json\/wp\/v2\/media?parent=54402"}],"wp:term":[{"taxonomy":"category","embeddable":true,"href":"https:\/\/senoticias.com.br\/se\/wp-json\/wp\/v2\/categories?post=54402"},{"taxonomy":"post_tag","embeddable":true,"href":"https:\/\/senoticias.com.br\/se\/wp-json\/wp\/v2\/tags?post=54402"}],"curies":[{"name":"wp","href":"https:\/\/api.w.org\/{rel}","templated":true}]}}