{"id":54399,"date":"2013-10-25T10:39:36","date_gmt":"2013-10-25T13:39:36","guid":{"rendered":"http:\/\/senoticias.com.br\/se\/?p=54399"},"modified":"2013-10-25T11:16:54","modified_gmt":"2013-10-25T14:16:54","slug":"homem-e-detido-pela-prf-na-br-101-em-rosario-do-catete","status":"publish","type":"post","link":"https:\/\/senoticias.com.br\/se\/homem-e-detido-pela-prf-na-br-101-em-rosario-do-catete\/","title":{"rendered":"Em Ros\u00e1rio do Catete, homem \u00e9 detido pela PRF com arma de fogo"},"content":{"rendered":"<p>&nbsp;<\/p>\n<p>&nbsp;<\/p>\n<div id=\"attachment_54400\" style=\"width: 262px\" class=\"wp-caption alignright\"><a href=\"http:\/\/senoticias.com.br\/se\/wp-content\/uploads\/2013\/10\/PRF-SE-Arma-de-fogo-24out13.jpg\"><img loading=\"lazy\" decoding=\"async\" aria-describedby=\"caption-attachment-54400\" class=\"size-medium wp-image-54400\" alt=\"Divulga\u00e7\u00e3o\/PRF\/SE\" src=\"http:\/\/senoticias.com.br\/se\/wp-content\/uploads\/2013\/10\/PRF-SE-Arma-de-fogo-24out13-252x300.jpg\" width=\"252\" height=\"300\" srcset=\"https:\/\/senoticias.com.br\/se\/wp-content\/uploads\/2013\/10\/PRF-SE-Arma-de-fogo-24out13-252x300.jpg 252w, https:\/\/senoticias.com.br\/se\/wp-content\/uploads\/2013\/10\/PRF-SE-Arma-de-fogo-24out13-342x407.jpg 342w, https:\/\/senoticias.com.br\/se\/wp-content\/uploads\/2013\/10\/PRF-SE-Arma-de-fogo-24out13-300x357.jpg 300w, https:\/\/senoticias.com.br\/se\/wp-content\/uploads\/2013\/10\/PRF-SE-Arma-de-fogo-24out13.jpg 457w\" sizes=\"(max-width: 252px) 100vw, 252px\" \/><\/a><p id=\"caption-attachment-54400\" class=\"wp-caption-text\">Divulga\u00e7\u00e3o\/PRF\/SE<\/p><\/div>\n<p style=\"text-align: justify;\">Policiais Rodovi\u00e1rios Federais detiveram na noite de ontem (24), no Km 60 da BR 101, em Ros\u00e1rio do Catete (SE), um homem pelo porte ilegal de arma de fogo. Os agentes federais faziam o trabalho de fiscaliza\u00e7\u00e3o quando deram ordem de parada a um ve\u00edculo Fiat\/Strada Fireflex, com placas de Sergipe.<\/p>\n<p style=\"text-align: justify;\">Durante abordagem, os policiais descobriram escondido no interior do autom\u00f3vel um rev\u00f3lver calibre .32, com seis muni\u00e7\u00f5es intactas, transportado irregularmente, ou seja, sem qualquer tipo de documenta\u00e7\u00e3o que legalizasse seu registro e porte. O condutor, de 41 anos, foi detido e a ocorr\u00eancia encaminhada \u00e0 Delegacia de Pol\u00edcia Civil, em Maruim.<\/p>\n<p style=\"text-align: justify;\"><strong>Outras ocorr\u00eancias<\/strong><\/p>\n<p style=\"text-align: justify;\"><strong>Ciclista morre em acidente em Umba\u00faba &#8211;<\/strong> Um homem morreu em um acidente ocorrido na manh\u00e3 de ontem (24), na altura do Km 183,2 da BR 101, em Umba\u00faba (SE). O condutor de um ve\u00edculo Fiat\/Siena ELX, com placas de Sergipe, seguia pela rodovia quando atropelou um ciclista, que tentava atravessar a pista. Na colis\u00e3o, o motorista do Fiat perdeu o controle do autom\u00f3vel, invadindo a faixa contr\u00e1ria e colidindo frontalmente com outro ve\u00edculo, um VW\/Saveiro, com placas do mesmo estado. O ciclista, Jadiel dos Santos Silva, de 23 anos, n\u00e3o resistiu aos ferimentos e morreu. Os condutores dos demais ve\u00edculos, de 46 e 32 anos, respectivamente, n\u00e3o sofreram ferimentos.<\/p>\n<p><strong>Siga o SE Not\u00edcias no <a href=\"https:\/\/twitter.com\/\" target=\"_blank\"><span style=\"color: #ff0000;\">Twitter<\/span><\/a> e curta no <a href=\" https:\/\/www.facebook.com\/PortalSENoticias\" target=\"_blank\"><span style=\"text-decoration: underline; color: #ff0000;\">Facebook<\/span><\/a><\/strong><\/p>\n<p style=\"text-align: justify;\"><strong>PRF apreende menor conduzindo motocicleta na BR 235 &#8211;<\/strong> Policiais Rodovi\u00e1rios Federais apreenderam um menor que conduzia uma motocicleta Honda\/Pop, com placa de Sergipe, no in\u00edcio da tarde de ontem (24), no Km 16 da BR 235, em Nossa Senhora do Socorro (SE). Durante a abordagem, os policiais constataram que o ve\u00edculo era conduzido por um adolescente, de 16 anos, o que \u00e9 proibido por lei (artigo 309 do C\u00f3digo de Tr\u00e2nsito Brasileiro). O menor foi apreendido e encaminhado ao Conselho Tutelar do munic\u00edpio, onde o respons\u00e1vel pelo adolescente poder\u00e1 responder pelo crime previsto no artigo 249* do Estatuto da Crian\u00e7a e do Adolescente (ECA)<\/p>\n<p style=\"text-align: justify;\"><strong>N\u00facleo de Comunica\u00e7\u00e3o Social<\/strong><br \/>\n<strong>Pol\u00edcia Rodovi\u00e1ria Federal \u2013 Sergipe<\/strong><\/p>\n","protected":false},"excerpt":{"rendered":"<p>&nbsp; &nbsp; Policiais Rodovi\u00e1rios Federais detiveram na noite de ontem (24), no Km 60 da BR 101, em Ros\u00e1rio do Catete (SE), um homem pelo porte ilegal de arma de fogo. Os agentes federais faziam o trabalho de fiscaliza\u00e7\u00e3o quando deram ordem de parada a um ve\u00edculo Fiat\/Strada Fireflex, com placas de Sergipe. Durante abordagem, [&hellip;]<\/p>\n","protected":false},"author":1,"featured_media":54400,"comment_status":"closed","ping_status":"closed","sticky":false,"template":"","format":"standard","meta":{"footnotes":""},"categories":[7],"tags":[],"class_list":{"0":"post-54399","1":"post","2":"type-post","3":"status-publish","4":"format-standard","5":"has-post-thumbnail","7":"category-policia"},"_links":{"self":[{"href":"https:\/\/senoticias.com.br\/se\/wp-json\/wp\/v2\/posts\/54399"}],"collection":[{"href":"https:\/\/senoticias.com.br\/se\/wp-json\/wp\/v2\/posts"}],"about":[{"href":"https:\/\/senoticias.com.br\/se\/wp-json\/wp\/v2\/types\/post"}],"author":[{"embeddable":true,"href":"https:\/\/senoticias.com.br\/se\/wp-json\/wp\/v2\/users\/1"}],"replies":[{"embeddable":true,"href":"https:\/\/senoticias.com.br\/se\/wp-json\/wp\/v2\/comments?post=54399"}],"version-history":[{"count":0,"href":"https:\/\/senoticias.com.br\/se\/wp-json\/wp\/v2\/posts\/54399\/revisions"}],"wp:featuredmedia":[{"embeddable":true,"href":"https:\/\/senoticias.com.br\/se\/wp-json\/wp\/v2\/media\/54400"}],"wp:attachment":[{"href":"https:\/\/senoticias.com.br\/se\/wp-json\/wp\/v2\/media?parent=54399"}],"wp:term":[{"taxonomy":"category","embeddable":true,"href":"https:\/\/senoticias.com.br\/se\/wp-json\/wp\/v2\/categories?post=54399"},{"taxonomy":"post_tag","embeddable":true,"href":"https:\/\/senoticias.com.br\/se\/wp-json\/wp\/v2\/tags?post=54399"}],"curies":[{"name":"wp","href":"https:\/\/api.w.org\/{rel}","templated":true}]}}