{"id":54392,"date":"2013-10-25T06:46:02","date_gmt":"2013-10-25T09:46:02","guid":{"rendered":"http:\/\/senoticias.com.br\/se\/?p=54392"},"modified":"2013-10-26T05:40:45","modified_gmt":"2013-10-26T08:40:45","slug":"a-um-dia-do-enem-estudantes-devem-ficar-atentos-ao-horario-e-local-de-prova","status":"publish","type":"post","link":"https:\/\/senoticias.com.br\/se\/a-um-dia-do-enem-estudantes-devem-ficar-atentos-ao-horario-e-local-de-prova\/","title":{"rendered":"A um dia do Enem, estudantes devem ficar atentos ao hor\u00e1rio e local de prova"},"content":{"rendered":"<p>&nbsp;<\/p>\n<p>&nbsp;<\/p>\n<p><strong>Ag\u00eancia Brasil<\/strong><\/p>\n<p style=\"text-align: justify;\">Faltando um dia para o in\u00edcio das provas do Exame Nacional do Ensino M\u00e9dio (Enem), os mais de 7,1 milh\u00f5es de candidatos devem separar o material que precisam levar e garantir que est\u00e3o com o endere\u00e7o do local de prova.<\/p>\n<p style=\"text-align: justify;\">O hor\u00e1rio merece aten\u00e7\u00e3o especial. Os port\u00f5es ser\u00e3o abertos \u00e0s 12h e fechados \u00e0s 13h, no hor\u00e1rio de Bras\u00edlia. Em 18 estados, o hor\u00e1rio est\u00e1 diferente do da capital federal e os estudantes precisam acertar o rel\u00f3gio. \u00c9 bom lembrar que nos finais de semana \u00e9 menor o n\u00famero de \u00f4nibus, trem e metr\u00f4 circulando.<\/p>\n<p><strong>Siga o SE Not\u00edcias no<a href=\"https:\/\/twitter.com\/\" target=\"_blank\"><span style=\"text-decoration: underline; color: #ff0000;\"> Twitter<\/span><\/a> e curta no <a href=\" https:\/\/www.facebook.com\/PortalSENoticias\" target=\"_blank\"><span style=\"text-decoration: underline; color: #ff0000;\">Facebook<\/span><\/a><\/strong><\/p>\n<p style=\"text-align: justify;\">Para fazer a prova, \u00e9 preciso apresentar documento de identidade com foto e ter em m\u00e3os uma caneta preta, revestida com material transparente, para preencher o cart\u00e3o de respostas.<\/p>\n<p style=\"text-align: justify;\">Amanh\u00e3 (26), ser\u00e3o aplicadas as provas de ci\u00eancias humanas (hist\u00f3ria, geografia, filosofia e sociologia) e de ci\u00eancias da natureza (qu\u00edmica, f\u00edsica e biologia). No total, ser\u00e3o 90 quest\u00f5es e o estudante ter\u00e1 quatro horas e 30 minutos para fazer a prova e preencher o cart\u00e3o de respostas.<\/p>\n<p style=\"text-align: justify;\"><a href=\"http:\/\/senoticias.com.br\/se\/wp-content\/uploads\/2013\/10\/infoenem.png\"><img loading=\"lazy\" decoding=\"async\" class=\"aligncenter size-full wp-image-54393\" alt=\"infoenem\" src=\"http:\/\/senoticias.com.br\/se\/wp-content\/uploads\/2013\/10\/infoenem.png\" width=\"586\" height=\"1687\" srcset=\"https:\/\/senoticias.com.br\/se\/wp-content\/uploads\/2013\/10\/infoenem.png 586w, https:\/\/senoticias.com.br\/se\/wp-content\/uploads\/2013\/10\/infoenem-104x300.png 104w, https:\/\/senoticias.com.br\/se\/wp-content\/uploads\/2013\/10\/infoenem-342x984.png 342w, https:\/\/senoticias.com.br\/se\/wp-content\/uploads\/2013\/10\/infoenem-300x863.png 300w\" sizes=\"(max-width: 586px) 100vw, 586px\" \/><\/a><\/p>\n<p style=\"text-align: justify;\">N\u00e3o \u00e9 permitido ficar com aparelhos eletr\u00f4nicos ligados durante a prova. Quem levar qualquer eletr\u00f4nico, como celular e tablet, ter\u00e1 que guardar em um porta-objetos lacrado que ficar\u00e1 embaixo da carteira. O mesmo vale para materiais como l\u00e1pis, livros e apostilas. Tamb\u00e9m n\u00e3o \u00e9 permitido usar \u00f3culos escuros, bon\u00e9, chap\u00e9us, gorros ou viseiras.<\/p>\n<p style=\"text-align: justify;\">O estudante s\u00f3 pode deixar o local de prova duas horas ap\u00f3s o in\u00edcio do exame e 30 minutos antes do t\u00e9rmino do hor\u00e1rio poder\u00e1 sair com o caderno de provas. Quem descumprir essas regras, ser\u00e1 eliminado.<\/p>\n<p style=\"text-align: justify;\">Nas \u00faltimas semanas, a Ag\u00eancia Brasil publicou uma s\u00e9rie de mat\u00e9rias em que professores recomendam que os estudantes monitorem o tempo para n\u00e3o correr o risco de deixar quest\u00f5es em branco. Eles sugerem que se gaste em m\u00e9dia tr\u00eas minutos para responder a cada quest\u00e3o.<\/p>\n<p style=\"text-align: justify;\">Na reda\u00e7\u00e3o, \u00e9 preciso seguir a norma culta da l\u00edngua portuguesa e ter aten\u00e7\u00e3o \u00e0 concord\u00e2ncia e a coes\u00e3o do texto. A sugest\u00e3o para a v\u00e9spera da maratona de provas \u00e9 que os candidatos relaxem para fazer o exame descansados.<br \/>\nO prazo final para receber o cart\u00e3o de confirma\u00e7\u00e3o pelo correio, com o endere\u00e7o do local de prova, terminou na sexta-feira (18). Quem n\u00e3o recebeu o cart\u00e3o, deve acessar a p\u00e1gina do Instituto Nacional de Estudos e Pesquisas Educacionais An\u00edsio Teixeira (Inep) e conferir as informa\u00e7\u00f5es.<\/p>\n<p style=\"text-align: justify;\">As provas ser\u00e3o aplicadas em 1.161 munic\u00edpios, em mais de 15 mil locais de prova. Para o Enem, foram impressas 442 provas em braile para os candidatos cegos, 1.647 pessoas ter\u00e3o prova com letra ampliada e 5.849 v\u00e3o receber a prova super ampliada. Os autistas e os que t\u00eam dislexia v\u00e3o contar com o aux\u00edlio de leitores e transcritores. Haver\u00e1 ainda int\u00e9rprete de Libras e aux\u00edlio para transcri\u00e7\u00e3o.<\/p>\n<p style=\"text-align: justify;\">\n","protected":false},"excerpt":{"rendered":"<p>&nbsp; &nbsp; Ag\u00eancia Brasil Faltando um dia para o in\u00edcio das provas do Exame Nacional do Ensino M\u00e9dio (Enem), os mais de 7,1 milh\u00f5es de candidatos devem separar o material que precisam levar e garantir que est\u00e3o com o endere\u00e7o do local de prova. O hor\u00e1rio merece aten\u00e7\u00e3o especial. Os port\u00f5es ser\u00e3o abertos \u00e0s 12h [&hellip;]<\/p>\n","protected":false},"author":1,"featured_media":54393,"comment_status":"closed","ping_status":"closed","sticky":false,"template":"","format":"standard","meta":{"footnotes":""},"categories":[44,26],"tags":[],"class_list":{"0":"post-54392","1":"post","2":"type-post","3":"status-publish","4":"format-standard","5":"has-post-thumbnail","7":"category-educacao","8":"category-esportes"},"_links":{"self":[{"href":"https:\/\/senoticias.com.br\/se\/wp-json\/wp\/v2\/posts\/54392"}],"collection":[{"href":"https:\/\/senoticias.com.br\/se\/wp-json\/wp\/v2\/posts"}],"about":[{"href":"https:\/\/senoticias.com.br\/se\/wp-json\/wp\/v2\/types\/post"}],"author":[{"embeddable":true,"href":"https:\/\/senoticias.com.br\/se\/wp-json\/wp\/v2\/users\/1"}],"replies":[{"embeddable":true,"href":"https:\/\/senoticias.com.br\/se\/wp-json\/wp\/v2\/comments?post=54392"}],"version-history":[{"count":0,"href":"https:\/\/senoticias.com.br\/se\/wp-json\/wp\/v2\/posts\/54392\/revisions"}],"wp:featuredmedia":[{"embeddable":true,"href":"https:\/\/senoticias.com.br\/se\/wp-json\/wp\/v2\/media\/54393"}],"wp:attachment":[{"href":"https:\/\/senoticias.com.br\/se\/wp-json\/wp\/v2\/media?parent=54392"}],"wp:term":[{"taxonomy":"category","embeddable":true,"href":"https:\/\/senoticias.com.br\/se\/wp-json\/wp\/v2\/categories?post=54392"},{"taxonomy":"post_tag","embeddable":true,"href":"https:\/\/senoticias.com.br\/se\/wp-json\/wp\/v2\/tags?post=54392"}],"curies":[{"name":"wp","href":"https:\/\/api.w.org\/{rel}","templated":true}]}}