{"id":53285,"date":"2013-09-30T12:26:27","date_gmt":"2013-09-30T15:26:27","guid":{"rendered":"http:\/\/senoticias.com.br\/se\/?p=53285"},"modified":"2013-10-01T06:07:33","modified_gmt":"2013-10-01T09:07:33","slug":"policia-federal-apreende-65-kg-de-crack-e-cocaina-na-br-101-em-se","status":"publish","type":"post","link":"https:\/\/senoticias.com.br\/se\/policia-federal-apreende-65-kg-de-crack-e-cocaina-na-br-101-em-se\/","title":{"rendered":"Pol\u00edcia Federal apreende 65 kg de crack e coca\u00edna na BR 101 em SE"},"content":{"rendered":"<p>&nbsp;<\/p>\n<div id=\"attachment_53288\" style=\"width: 310px\" class=\"wp-caption alignright\"><a href=\"http:\/\/senoticias.com.br\/se\/wp-content\/uploads\/2013\/09\/PFse.jpg\"><img loading=\"lazy\" decoding=\"async\" aria-describedby=\"caption-attachment-53288\" class=\"size-medium wp-image-53288\" alt=\"Policiais federais apreenderam mais de 65 kg de drogas, na BR-101.(Divulga\u00e7\u00e3o\/PF\/SE)\" src=\"http:\/\/senoticias.com.br\/se\/wp-content\/uploads\/2013\/09\/PFse-300x225.jpg\" width=\"300\" height=\"225\" srcset=\"https:\/\/senoticias.com.br\/se\/wp-content\/uploads\/2013\/09\/PFse-300x225.jpg 300w, https:\/\/senoticias.com.br\/se\/wp-content\/uploads\/2013\/09\/PFse-342x256.jpg 342w, https:\/\/senoticias.com.br\/se\/wp-content\/uploads\/2013\/09\/PFse-60x45.jpg 60w, https:\/\/senoticias.com.br\/se\/wp-content\/uploads\/2013\/09\/PFse-150x113.jpg 150w, https:\/\/senoticias.com.br\/se\/wp-content\/uploads\/2013\/09\/PFse-269x201.jpg 269w, https:\/\/senoticias.com.br\/se\/wp-content\/uploads\/2013\/09\/PFse.jpg 512w\" sizes=\"(max-width: 300px) 100vw, 300px\" \/><\/a><p id=\"caption-attachment-53288\" class=\"wp-caption-text\">Policiais federais apreenderam mais de 65 kg de drogas, na BR-101.(Divulga\u00e7\u00e3o\/PF\/SE)<\/p><\/div>\n<p style=\"text-align: justify;\">Na manh\u00e3 da \u00faltima sexta-feira, 27 de setembro, ap\u00f3s o recebimento de den\u00fancia an\u00f4nima, policiais federais apreenderam mais de 65 kg de drogas, na BR-101, nas\u00a0proximidades da cidade de Aracaju\/SE.<\/p>\n<p style=\"text-align: justify;\">A droga estava sendo transportada por um homem de 34 anos, natural de Jaguaretema\/ CE, ocultada no tablado de madeira da carroceria de um caminh\u00e3o de boiadeiro, com\u00a0placas de Macei\u00f3\/AL.<\/p>\n<p style=\"text-align: justify;\">Ap\u00f3s a revista ao caminh\u00e3o pelos policiais federais, foram encontrados 31 quilos de coca\u00edna e 34 quilos de crack. O motorista recebeu voz de pris\u00e3o e foi conduzido a esta Superintend\u00eancia Regional para a lavratura do flagrante.<\/p>\n<p style=\"text-align: justify;\">Durante o interrogat\u00f3rio, o preso n\u00e3o revelou o local de destino do entorpecente apreendido. Investiga\u00e7\u00f5es j\u00e1 est\u00e3o sendo realizadas para se chegar ao propriet\u00e1rio da droga.<\/p>\n<p style=\"text-align: justify;\">O preso foi indiciado pelo crime de tr\u00e1fico interestadual de entorpecentes, nos termos dos artigos 33 e 40, V da Lei 11.343\/2006, com penas previstas de at\u00e9 25 anos de pris\u00e3o, permanecendo em estabelecimento prisional \u00e0 disposi\u00e7\u00e3o da 4\u00aa Vara da Comarca de Aracaju\/SE.<\/p>\n<p>&nbsp;<\/p>\n<p>&nbsp;<\/p>\n<p><strong>Comunica\u00e7\u00e3o Social \u2013 SR\/SE<\/strong><\/p>\n<p>&nbsp;<\/p>\n","protected":false},"excerpt":{"rendered":"<p>&nbsp; Na manh\u00e3 da \u00faltima sexta-feira, 27 de setembro, ap\u00f3s o recebimento de den\u00fancia an\u00f4nima, policiais federais apreenderam mais de 65 kg de drogas, na BR-101, nas\u00a0proximidades da cidade de Aracaju\/SE. A droga estava sendo transportada por um homem de 34 anos, natural de Jaguaretema\/ CE, ocultada no tablado de madeira da carroceria de um [&hellip;]<\/p>\n","protected":false},"author":1,"featured_media":53288,"comment_status":"closed","ping_status":"closed","sticky":false,"template":"","format":"standard","meta":{"footnotes":""},"categories":[310,7,1],"tags":[],"class_list":{"0":"post-53285","1":"post","2":"type-post","3":"status-publish","4":"format-standard","5":"has-post-thumbnail","7":"category-destaques-da-semana","8":"category-policia","9":"category-sem-categoria"},"_links":{"self":[{"href":"https:\/\/senoticias.com.br\/se\/wp-json\/wp\/v2\/posts\/53285"}],"collection":[{"href":"https:\/\/senoticias.com.br\/se\/wp-json\/wp\/v2\/posts"}],"about":[{"href":"https:\/\/senoticias.com.br\/se\/wp-json\/wp\/v2\/types\/post"}],"author":[{"embeddable":true,"href":"https:\/\/senoticias.com.br\/se\/wp-json\/wp\/v2\/users\/1"}],"replies":[{"embeddable":true,"href":"https:\/\/senoticias.com.br\/se\/wp-json\/wp\/v2\/comments?post=53285"}],"version-history":[{"count":0,"href":"https:\/\/senoticias.com.br\/se\/wp-json\/wp\/v2\/posts\/53285\/revisions"}],"wp:featuredmedia":[{"embeddable":true,"href":"https:\/\/senoticias.com.br\/se\/wp-json\/wp\/v2\/media\/53288"}],"wp:attachment":[{"href":"https:\/\/senoticias.com.br\/se\/wp-json\/wp\/v2\/media?parent=53285"}],"wp:term":[{"taxonomy":"category","embeddable":true,"href":"https:\/\/senoticias.com.br\/se\/wp-json\/wp\/v2\/categories?post=53285"},{"taxonomy":"post_tag","embeddable":true,"href":"https:\/\/senoticias.com.br\/se\/wp-json\/wp\/v2\/tags?post=53285"}],"curies":[{"name":"wp","href":"https:\/\/api.w.org\/{rel}","templated":true}]}}