{"id":53281,"date":"2013-09-30T10:38:55","date_gmt":"2013-09-30T13:38:55","guid":{"rendered":"http:\/\/senoticias.com.br\/se\/?p=53281"},"modified":"2013-09-30T10:50:10","modified_gmt":"2013-09-30T13:50:10","slug":"53281","status":"publish","type":"post","link":"https:\/\/senoticias.com.br\/se\/53281\/","title":{"rendered":"Debate sobre \u2018Turismo e \u00c1gua\u2019 encerra Semana do Turismo em Sergipe"},"content":{"rendered":"<p>&nbsp;<\/p>\n<div id=\"attachment_53284\" style=\"width: 310px\" class=\"wp-caption alignright\"><a href=\"http:\/\/senoticias.com.br\/se\/wp-content\/uploads\/2013\/09\/Debate-sobre-\u2018Turismo-e-\u00c1gua\u2019-encerra-Semana-do-Turismo-em-Sergipe.jpg\"><img loading=\"lazy\" decoding=\"async\" aria-describedby=\"caption-attachment-53284\" class=\"size-medium wp-image-53284\" alt=\" Debate sobre \u2018Turismo e \u00c1gua\u2019 encerra Semana do Turismo em Sergipe. (Foto: Carlovancy Andrade)\" src=\"http:\/\/senoticias.com.br\/se\/wp-content\/uploads\/2013\/09\/Debate-sobre-\u2018Turismo-e-\u00c1gua\u2019-encerra-Semana-do-Turismo-em-Sergipe-300x135.jpg\" width=\"300\" height=\"135\" srcset=\"https:\/\/senoticias.com.br\/se\/wp-content\/uploads\/2013\/09\/Debate-sobre-\u2018Turismo-e-\u00c1gua\u2019-encerra-Semana-do-Turismo-em-Sergipe-300x135.jpg 300w, https:\/\/senoticias.com.br\/se\/wp-content\/uploads\/2013\/09\/Debate-sobre-\u2018Turismo-e-\u00c1gua\u2019-encerra-Semana-do-Turismo-em-Sergipe-342x154.jpg 342w, https:\/\/senoticias.com.br\/se\/wp-content\/uploads\/2013\/09\/Debate-sobre-\u2018Turismo-e-\u00c1gua\u2019-encerra-Semana-do-Turismo-em-Sergipe.jpg 638w\" sizes=\"(max-width: 300px) 100vw, 300px\" \/><\/a><p id=\"caption-attachment-53284\" class=\"wp-caption-text\"><br \/>Debate sobre \u2018Turismo e \u00c1gua\u2019 encerra Semana do Turismo em Sergipe. (Foto: Carlovancy Andrade)<\/p><\/div>\n<p style=\"text-align: justify;\">Finalizando o ciclo de palestras e debates realizados pela Secretaria de Estado do Turismo (Setur) e Empresa Sergipana de Turismo (Emsetur), em comemora\u00e7\u00e3o ao Dia Mundial do Turismo, foi realizado na noite da \u00faltima sexta-feira, 27, no audit\u00f3rio da Faculdade Est\u00e1cio de Sergipe, Fase, uma palestra sobre \u2018Turismo e \u00c1gua, proteger o nosso bem comum\u2019, tema proposto pela Organiza\u00e7\u00e3o Mundial do Turismo.<\/p>\n<p style=\"text-align: justify;\">O professor e ge\u00f3grafo Wellington Vilar, palestrante da noite, enfatizou durante sua palestra a rela\u00e7\u00e3o e import\u00e2ncia do turismo e a \u00e1gua, destacando uma s\u00e9rie de aspectos relacionados ao uso da \u00e1gua no setor e seus impactos. Segundo ele, existem segmentos do turismo que usam como recurso b\u00e1sico a \u00e1gua, como por exemplo, o turismo de sol e praia, turismo de barragem, turismo de pesca. O professor destacou que essas atividades s\u00f3 funcionam com a jun\u00e7\u00e3o de recurso, atrativo e qualidade, por isso, vem se pregar a ideia de sustentabilidade para se ter um ambiente aqu\u00e1tico saud\u00e1vel e limpo.<\/p>\n<p style=\"text-align: justify;\">\u201cMostramos que ambientes degradados n\u00e3o combinam com o turismo. O turismo n\u00e3o pode ser visto apenas como uma atividade predat\u00f3ria. Temos que esclarecer que os recursos s\u00e3o finitos e precisamos usar de maneira equilibrada e sustent\u00e1vel para que possamos legar para as gera\u00e7\u00f5es futuras essa mesma possibilidade de turismo que temos hoje\u201d, esclareceu o professor.<\/p>\n<p style=\"text-align: justify;\">A coordenadora do curso de turismo da Fase, professora Beth\u00e2nia da Costa Leite, agradeceu a parceria mantida com o Governo do Estado dizendo que \u201ca palestra mostrou para nossos alunos a import\u00e2ncia da interdisciplinaridade, pois o turismo abrange todas as facetas, hist\u00f3ricas, geogr\u00e1ficas, econ\u00f4micas, e a \u00e1gua \u00e9 um fator extremamente importante para o turismo, n\u00e3o existe turismo sem \u00e1gua\u201d. Segundo a professora a discuss\u00e3o apresentou aos alunos outra vertente de estudo que enfatizou import\u00e2ncia da \u00e1gua para o turismo.<\/p>\n<p style=\"text-align: justify;\">O estudante do 2\u00ba per\u00edodo do curso de turismo da Fase, Valberson Bispo, disse que esse momento serviu para que os alunos entendessem, n\u00e3o somente a import\u00e2ncia da \u00e1gua para a sociedade em geral e meio ambiente, mas como tamb\u00e9m para o turismo mostrando a diversidade de atividades que ele pode abranger nessa \u00e1rea, como o turismo de pesca, de aventura, dentre outros. \u201c\u00c9 muito legal saber que a \u00e1gua n\u00e3o \u00e9 somente um elemento essencial para a sobreviv\u00eancia, mas tamb\u00e9m pode ser utilizada como lazer e fonte de renda no turismo\u201d, afirmou.<\/p>\n<p style=\"text-align: justify;\">\n<p style=\"text-align: justify;\"><em><strong>Assessoria de Comunica\u00e7\u00e3o e Imprensa<\/strong><\/em><br \/>\n<em><strong> Secretaria de Estado do Turismo (Setur) e Empresa Sergipana de Turismo (Emsetur)<\/strong><\/em><\/p>\n","protected":false},"excerpt":{"rendered":"<p>&nbsp; Finalizando o ciclo de palestras e debates realizados pela Secretaria de Estado do Turismo (Setur) e Empresa Sergipana de Turismo (Emsetur), em comemora\u00e7\u00e3o ao Dia Mundial do Turismo, foi realizado na noite da \u00faltima sexta-feira, 27, no audit\u00f3rio da Faculdade Est\u00e1cio de Sergipe, Fase, uma palestra sobre \u2018Turismo e \u00c1gua, proteger o nosso bem [&hellip;]<\/p>\n","protected":false},"author":1,"featured_media":53284,"comment_status":"closed","ping_status":"closed","sticky":false,"template":"","format":"standard","meta":{"footnotes":""},"categories":[38,1],"tags":[],"class_list":{"0":"post-53281","1":"post","2":"type-post","3":"status-publish","4":"format-standard","5":"has-post-thumbnail","7":"category-municipios","8":"category-sem-categoria"},"_links":{"self":[{"href":"https:\/\/senoticias.com.br\/se\/wp-json\/wp\/v2\/posts\/53281"}],"collection":[{"href":"https:\/\/senoticias.com.br\/se\/wp-json\/wp\/v2\/posts"}],"about":[{"href":"https:\/\/senoticias.com.br\/se\/wp-json\/wp\/v2\/types\/post"}],"author":[{"embeddable":true,"href":"https:\/\/senoticias.com.br\/se\/wp-json\/wp\/v2\/users\/1"}],"replies":[{"embeddable":true,"href":"https:\/\/senoticias.com.br\/se\/wp-json\/wp\/v2\/comments?post=53281"}],"version-history":[{"count":0,"href":"https:\/\/senoticias.com.br\/se\/wp-json\/wp\/v2\/posts\/53281\/revisions"}],"wp:featuredmedia":[{"embeddable":true,"href":"https:\/\/senoticias.com.br\/se\/wp-json\/wp\/v2\/media\/53284"}],"wp:attachment":[{"href":"https:\/\/senoticias.com.br\/se\/wp-json\/wp\/v2\/media?parent=53281"}],"wp:term":[{"taxonomy":"category","embeddable":true,"href":"https:\/\/senoticias.com.br\/se\/wp-json\/wp\/v2\/categories?post=53281"},{"taxonomy":"post_tag","embeddable":true,"href":"https:\/\/senoticias.com.br\/se\/wp-json\/wp\/v2\/tags?post=53281"}],"curies":[{"name":"wp","href":"https:\/\/api.w.org\/{rel}","templated":true}]}}