{"id":53278,"date":"2013-09-30T07:37:54","date_gmt":"2013-09-30T10:37:54","guid":{"rendered":"http:\/\/senoticias.com.br\/se\/?p=53278"},"modified":"2013-09-30T07:37:54","modified_gmt":"2013-09-30T10:37:54","slug":"deputada-ana-lucia-e-mais-qualificada-para-assumir-pt-de-sergipe","status":"publish","type":"post","link":"https:\/\/senoticias.com.br\/se\/deputada-ana-lucia-e-mais-qualificada-para-assumir-pt-de-sergipe\/","title":{"rendered":"Deputada Ana L\u00facia \u00e9 mais qualificada para assumir PT de Sergipe"},"content":{"rendered":"<p>&nbsp;<\/p>\n<p style=\"text-align: justify;\">\n<div id=\"attachment_33420\" style=\"width: 285px\" class=\"wp-caption alignright\"><a href=\"http:\/\/senoticias.com.br\/se\/wp-content\/uploads\/2012\/05\/Ana-L\u00facia.jpg\"><img loading=\"lazy\" decoding=\"async\" aria-describedby=\"caption-attachment-33420\" class=\"size-full wp-image-33420\" alt=\"Deputada Ana L\u00facia. (Reprodu\u00e7\u00e3o)\" src=\"http:\/\/senoticias.com.br\/se\/wp-content\/uploads\/2012\/05\/Ana-L\u00facia.jpg\" width=\"275\" height=\"183\" \/><\/a><p id=\"caption-attachment-33420\" class=\"wp-caption-text\">Deputada Ana L\u00facia. (Reprodu\u00e7\u00e3o)<\/p><\/div>\n<p style=\"text-align: justify;\">O segundo debate entre os candidatos \u00e0 Presid\u00eancia Estadual do PT, realizado neste s\u00e1bado (28) na C\u00e2mara de Vereadores de Propri\u00e1, reafirmou: a professora e deputada estadual Ana L\u00facia \u00e9 a candidata mais qualificada e preparada para coordenar e impulsionar as mudan\u00e7as necess\u00e1rias no Partido dos Trabalhadores em Sergipe.<\/p>\n<p style=\"text-align: justify;\">Em todo o debate, Ana L\u00facia manteve a postura de fazer a avalia\u00e7\u00e3o dos governos liderados pelo PT, sempre mantendo o senso cr\u00edtico, al\u00e9m de priorizar a apresenta\u00e7\u00e3o de propostas concretas tanto para a atua\u00e7\u00e3o interna do partido quanto para a interven\u00e7\u00e3o do PT na sociedade sergipana.<\/p>\n<p style=\"text-align: justify;\">\u00danica mulher candidata \u00e0 Presid\u00eancia do PT Sergipe, Ana L\u00facia defendeu a amplia\u00e7\u00e3o da diversidade e do pluralismo como condi\u00e7\u00e3o essencial para o fortalecimento democr\u00e1tico do partido. De acordo com Ana L\u00facia, \u201ch\u00e1 segmentos sociais que o PT deve promover a participa\u00e7\u00e3o nas suas inst\u00e2ncias de decis\u00e3o. Me refiro \u00e0s mulheres, aos negros e negras e aos companheiros LGBT. \u00c9 da natureza do nosso partido ser diverso,ser plural\u201d.<\/p>\n<p style=\"text-align: justify;\">Durante o debate, Ana L\u00facia chamou a aten\u00e7\u00e3o para a necessidade do PT debater e construir alian\u00e7as para as elei\u00e7\u00f5es de 2014 a partir dos princ\u00edpios e do programa do Partido dos Trabalhadores. \u201cO fundamental \u00e9 caminharmos para a constru\u00e7\u00e3o de um programa democr\u00e1tico e popular para o nosso estado. Um programa em que as principais reformas estruturantes para o estado sejam implementadas,em que os trabalhadores tenham os seus direitos assegurados e, acima de tudo, que haja mais direitos e maior participa\u00e7\u00e3o popular na pol\u00edtica. A partir desses princ\u00edpios e do programa historicamente elaborado no PT \u00e9 que devemos definir quem s\u00e3o os nossos aliados e n\u00e3o por interesses fisiol\u00f3gicos\u201d, defende Ana L\u00facia.<\/p>\n<p style=\"text-align: justify;\">Outro tema que esteve colocado durante o debate foi a fidelidade e o compromisso dos candidatos com o fortalecimento dos diret\u00f3rios e candidaturas municipais do PT. Sobre isso, Ana L\u00facia ressaltou que \u201cnunca subiu em palanque de candidaturas de oposi\u00e7\u00e3o ao PT. Pelo contr\u00e1rio, a atua\u00e7\u00e3o do nosso agrupamento sempre foi de respeitar e apoiar os diret\u00f3rios e candidatos petistas de todas as regi\u00f5es do estado.<\/p>\n<p style=\"text-align: justify;\">Representando a chapa Vamos Mudar o Partido para Mudar Sergipe, Z\u00e9 Luis, filiado na cidade de Japoat\u00e3, acredita que o PT precisa retomar o f\u00f4lego e o vigor militante que marcaram os primeiros anos do partido. Segundo Z\u00e9 Luis, \u201cnos \u00faltimos anos, nossas dire\u00e7\u00f5es partid\u00e1rias t\u00eam negligenciado o protagonismo da milit\u00e2ncia. Essa postura tem desanimado e enfraquecido a esperan\u00e7a, inclusive, dos pr\u00f3prios petistas. A vida org\u00e2nica do partido praticamente inexiste em muitas regi\u00f5es do estado\u201d.<\/p>\n<p style=\"text-align: justify;\"><strong>Da assessoria<\/strong><\/p>\n<p style=\"text-align: justify;\">\n","protected":false},"excerpt":{"rendered":"<p>&nbsp; O segundo debate entre os candidatos \u00e0 Presid\u00eancia Estadual do PT, realizado neste s\u00e1bado (28) na C\u00e2mara de Vereadores de Propri\u00e1, reafirmou: a professora e deputada estadual Ana L\u00facia \u00e9 a candidata mais qualificada e preparada para coordenar e impulsionar as mudan\u00e7as necess\u00e1rias no Partido dos Trabalhadores em Sergipe. Em todo o debate, Ana [&hellip;]<\/p>\n","protected":false},"author":1,"featured_media":33420,"comment_status":"closed","ping_status":"closed","sticky":false,"template":"","format":"standard","meta":{"footnotes":""},"categories":[6],"tags":[],"class_list":{"0":"post-53278","1":"post","2":"type-post","3":"status-publish","4":"format-standard","5":"has-post-thumbnail","7":"category-politica"},"_links":{"self":[{"href":"https:\/\/senoticias.com.br\/se\/wp-json\/wp\/v2\/posts\/53278"}],"collection":[{"href":"https:\/\/senoticias.com.br\/se\/wp-json\/wp\/v2\/posts"}],"about":[{"href":"https:\/\/senoticias.com.br\/se\/wp-json\/wp\/v2\/types\/post"}],"author":[{"embeddable":true,"href":"https:\/\/senoticias.com.br\/se\/wp-json\/wp\/v2\/users\/1"}],"replies":[{"embeddable":true,"href":"https:\/\/senoticias.com.br\/se\/wp-json\/wp\/v2\/comments?post=53278"}],"version-history":[{"count":0,"href":"https:\/\/senoticias.com.br\/se\/wp-json\/wp\/v2\/posts\/53278\/revisions"}],"wp:featuredmedia":[{"embeddable":true,"href":"https:\/\/senoticias.com.br\/se\/wp-json\/wp\/v2\/media\/33420"}],"wp:attachment":[{"href":"https:\/\/senoticias.com.br\/se\/wp-json\/wp\/v2\/media?parent=53278"}],"wp:term":[{"taxonomy":"category","embeddable":true,"href":"https:\/\/senoticias.com.br\/se\/wp-json\/wp\/v2\/categories?post=53278"},{"taxonomy":"post_tag","embeddable":true,"href":"https:\/\/senoticias.com.br\/se\/wp-json\/wp\/v2\/tags?post=53278"}],"curies":[{"name":"wp","href":"https:\/\/api.w.org\/{rel}","templated":true}]}}