{"id":53270,"date":"2013-09-29T19:14:55","date_gmt":"2013-09-29T22:14:55","guid":{"rendered":"http:\/\/senoticias.com.br\/se\/?p=53270"},"modified":"2013-09-29T19:14:55","modified_gmt":"2013-09-29T22:14:55","slug":"vitima-de-atropelamento-entre-animal-e-carro-em-areia-branca-idoso-nao-resiste-aos-ferimentos","status":"publish","type":"post","link":"https:\/\/senoticias.com.br\/se\/vitima-de-atropelamento-entre-animal-e-carro-em-areia-branca-idoso-nao-resiste-aos-ferimentos\/","title":{"rendered":"V\u00edtima de atropelamento entre animal e carro em Areia Branca, idoso n\u00e3o resiste aos ferimentos"},"content":{"rendered":"<p><em><strong>por Gilson de Oliveira, da Itnet<\/strong><\/em><\/p>\n<p style=\"text-align: justify;\">\n<div id=\"attachment_53271\" style=\"width: 310px\" class=\"wp-caption alignright\"><a href=\"http:\/\/senoticias.com.br\/se\/wp-content\/uploads\/2013\/09\/animal_corsa_areia_branca_g3.jpg\"><img loading=\"lazy\" decoding=\"async\" aria-describedby=\"caption-attachment-53271\" class=\"size-medium wp-image-53271\" alt=\" V\u00edtima de atropelamento entre animal e carro em Areia Branca, idoso n\u00e3o resiste aos ferimentos.(Foto: Gilson de Oliveira)\" src=\"http:\/\/senoticias.com.br\/se\/wp-content\/uploads\/2013\/09\/animal_corsa_areia_branca_g3-300x225.jpg\" width=\"300\" height=\"225\" srcset=\"https:\/\/senoticias.com.br\/se\/wp-content\/uploads\/2013\/09\/animal_corsa_areia_branca_g3-300x225.jpg 300w, https:\/\/senoticias.com.br\/se\/wp-content\/uploads\/2013\/09\/animal_corsa_areia_branca_g3-342x256.jpg 342w, https:\/\/senoticias.com.br\/se\/wp-content\/uploads\/2013\/09\/animal_corsa_areia_branca_g3-60x45.jpg 60w, https:\/\/senoticias.com.br\/se\/wp-content\/uploads\/2013\/09\/animal_corsa_areia_branca_g3-150x113.jpg 150w, https:\/\/senoticias.com.br\/se\/wp-content\/uploads\/2013\/09\/animal_corsa_areia_branca_g3-269x201.jpg 269w, https:\/\/senoticias.com.br\/se\/wp-content\/uploads\/2013\/09\/animal_corsa_areia_branca_g3.jpg 640w\" sizes=\"(max-width: 300px) 100vw, 300px\" \/><\/a><p id=\"caption-attachment-53271\" class=\"wp-caption-text\"><br \/>V\u00edtima de atropelamento entre animal e carro em Areia Branca, idoso n\u00e3o resiste aos ferimentos.(Foto: Gilson de Oliveira)<\/p><\/div>\n<p style=\"text-align: justify;\">O idoso Dernival de Menezes, 67 anos, se encontrava internado no Hospital de Urg\u00eancia de Sergipe (HUSE), em Aracaju, ap\u00f3s ter sido atropelado por um carro na BR-235, munic\u00edpio de Areia Branca (SE), e neste s\u00e1bado, dia 28, ele n\u00e3o resistiu aos ferimentos.<\/p>\n<p style=\"text-align: justify;\">O acidente aconteceu no Km 36 por volta das 7 horas da manh\u00e3 de sexta-feira, dia 27, no momento em que o Sr. Dernival seguia pelo acostamento montado em uma \u00e9gua quando a mesma se assustou com a presen\u00e7a de um ve\u00edculo Chevrolet, modelo Corsa, licenciado em Itabaiana (SE), e ap\u00f3s invadir a via rolamento acabou sendo atropelado.<\/p>\n<p style=\"text-align: justify;\">Com o impacto, o animal morreu na hora, enquanto o idoso sofreu diversos ferimentos e foi socorrido pelo Servi\u00e7o de Atendimento M\u00f3vel de Urg\u00eancia (SAMU) e levado para a unidade hospitalar na capital sergipana. J\u00e1 o motorista do autom\u00f3vel identificado apenas pelo prenome de Alex, tamb\u00e9m ficou lesionado no rosto e foi encaminhado para o hospital. No ve\u00edculo ainda se encontravam outras duas pessoas, que por sorte sa\u00edram ilesas.<\/p>\n<p style=\"text-align: justify;\">O condutor do carro \u00e9 morador do povoado Mangabeira, zona rural de Itabaiana, e de acordo com relato de amigos, ele havia deixado a esposa no povoado Rio das Pedras minutos antes do acidente.<\/p>\n<p style=\"text-align: justify;\">O senhor Dernival de Menezes era morador da cidade de Areia Branca e trabalhava no mercado da carne do munic\u00edpio.<\/p>\n","protected":false},"excerpt":{"rendered":"<p>por Gilson de Oliveira, da Itnet O idoso Dernival de Menezes, 67 anos, se encontrava internado no Hospital de Urg\u00eancia de Sergipe (HUSE), em Aracaju, ap\u00f3s ter sido atropelado por um carro na BR-235, munic\u00edpio de Areia Branca (SE), e neste s\u00e1bado, dia 28, ele n\u00e3o resistiu aos ferimentos. O acidente aconteceu no Km 36 [&hellip;]<\/p>\n","protected":false},"author":1,"featured_media":53271,"comment_status":"closed","ping_status":"closed","sticky":false,"template":"","format":"standard","meta":{"footnotes":""},"categories":[7],"tags":[],"class_list":{"0":"post-53270","1":"post","2":"type-post","3":"status-publish","4":"format-standard","5":"has-post-thumbnail","7":"category-policia"},"_links":{"self":[{"href":"https:\/\/senoticias.com.br\/se\/wp-json\/wp\/v2\/posts\/53270"}],"collection":[{"href":"https:\/\/senoticias.com.br\/se\/wp-json\/wp\/v2\/posts"}],"about":[{"href":"https:\/\/senoticias.com.br\/se\/wp-json\/wp\/v2\/types\/post"}],"author":[{"embeddable":true,"href":"https:\/\/senoticias.com.br\/se\/wp-json\/wp\/v2\/users\/1"}],"replies":[{"embeddable":true,"href":"https:\/\/senoticias.com.br\/se\/wp-json\/wp\/v2\/comments?post=53270"}],"version-history":[{"count":0,"href":"https:\/\/senoticias.com.br\/se\/wp-json\/wp\/v2\/posts\/53270\/revisions"}],"wp:featuredmedia":[{"embeddable":true,"href":"https:\/\/senoticias.com.br\/se\/wp-json\/wp\/v2\/media\/53271"}],"wp:attachment":[{"href":"https:\/\/senoticias.com.br\/se\/wp-json\/wp\/v2\/media?parent=53270"}],"wp:term":[{"taxonomy":"category","embeddable":true,"href":"https:\/\/senoticias.com.br\/se\/wp-json\/wp\/v2\/categories?post=53270"},{"taxonomy":"post_tag","embeddable":true,"href":"https:\/\/senoticias.com.br\/se\/wp-json\/wp\/v2\/tags?post=53270"}],"curies":[{"name":"wp","href":"https:\/\/api.w.org\/{rel}","templated":true}]}}