{"id":53268,"date":"2013-09-29T19:01:32","date_gmt":"2013-09-29T22:01:32","guid":{"rendered":"http:\/\/senoticias.com.br\/se\/?p=53268"},"modified":"2013-09-29T19:01:32","modified_gmt":"2013-09-29T22:01:32","slug":"aracaju-ganha-reforco-de-147-guardas-municipais","status":"publish","type":"post","link":"https:\/\/senoticias.com.br\/se\/aracaju-ganha-reforco-de-147-guardas-municipais\/","title":{"rendered":"Aracaju ganha refor\u00e7o de 147 guardas municipais"},"content":{"rendered":"<p>&nbsp;<\/p>\n<p style=\"text-align: justify;\">\n<div id=\"attachment_53269\" style=\"width: 310px\" class=\"wp-caption alignright\"><a href=\"http:\/\/senoticias.com.br\/se\/wp-content\/uploads\/2013\/09\/Guarda-I.jpeg\"><img loading=\"lazy\" decoding=\"async\" aria-describedby=\"caption-attachment-53269\" class=\"size-medium wp-image-53269\" alt=\" Prefeitura de Aracaju forma novos guardas municipais. (Foto: Andr\u00e9 Moreira)\" src=\"http:\/\/senoticias.com.br\/se\/wp-content\/uploads\/2013\/09\/Guarda-I-300x206.jpeg\" width=\"300\" height=\"206\" srcset=\"https:\/\/senoticias.com.br\/se\/wp-content\/uploads\/2013\/09\/Guarda-I-300x206.jpeg 300w, https:\/\/senoticias.com.br\/se\/wp-content\/uploads\/2013\/09\/Guarda-I-342x235.jpeg 342w, https:\/\/senoticias.com.br\/se\/wp-content\/uploads\/2013\/09\/Guarda-I.jpeg 750w\" sizes=\"(max-width: 300px) 100vw, 300px\" \/><\/a><p id=\"caption-attachment-53269\" class=\"wp-caption-text\"><br \/>Prefeitura de Aracaju forma novos guardas municipais. (Foto: Andr\u00e9 Moreira)<\/p><\/div>\n<p style=\"text-align: justify;\">Numa cerim\u00f4nia emocionante, o prefeito Jo\u00e3o Alves Filho participou sexta-feira, 27, como patrono, da formatura de 147 novos guardi\u00f5es da Guarda Municipal de Aracaju, que foram excedentes no \u00faltimo concurso p\u00fablico e convocados na atual gest\u00e3o.<\/p>\n<p style=\"text-align: justify;\">Com 576 horas de dura\u00e7\u00e3o, o curso de forma\u00e7\u00e3o dos novos guardas foi realizado na Academia de Pol\u00edcia em parceria com a FAPESE (Funda\u00e7\u00e3o de Apoio \u00e0 Pesquisa e Extens\u00e3o). A matriz curricular envolvia t\u00e9cnicas de manuseio de armas letais e n\u00e3o letais, no\u00e7\u00f5es de cidadania, dentre outros assuntos, atendendo as normas exigidas pela SENASP (Secretaria Nacional de Seguran\u00e7a P\u00fablica) desenvolvida para unificar a forma\u00e7\u00e3o das GMs do pa\u00eds.<\/p>\n<p style=\"text-align: justify;\">Orgulhoso pela formatura dos guardi\u00f5es, Jo\u00e3o Alves destacou a import\u00e2ncia dos novos profissionais em levar tranquilidade e seguran\u00e7a \u00e0 popula\u00e7\u00e3o aracajuana. O prefeito ainda destacou que a cria\u00e7\u00e3o de uma nova formata\u00e7\u00e3o para a GMA n\u00e3o foi uma atitude improvisada, e sim pensada para o preenchimento de uma lacuna que os cidad\u00e3os de Aracaju necessitavam.<\/p>\n<p style=\"text-align: justify;\">&#8220;Estamos investindo na Guarda Municipal n\u00e3o apenas em armamento e tecnologia, mas tamb\u00e9m no treinamento de homens e mulheres para garantirem a seguran\u00e7a que tanto necessitamos. Estivemos nesta sexta-feira com o Ministro da Justi\u00e7a, Jos\u00e9 Cardoso, que nos falou da necessidade da integra\u00e7\u00e3o entre as Pol\u00edcias e a Guarda para mudarmos o quadro ca\u00f3tico que se encontra a seguran\u00e7a no Brasil. Estamos prontos para somar esfor\u00e7os com a PM de Sergipe e erradicarmos o crime organizado e os traficantes de Aracaju, devolvendo, com isso, as pra\u00e7as e outros locais para as fam\u00edlias aracajuanas&#8221;, garantiu.<\/p>\n<p style=\"text-align: justify;\">A seguran\u00e7a ocupa hoje o segundo lugar dentre os problemas mais graves no julgamento da popula\u00e7\u00e3o sergipana. Preocupado com essa situa\u00e7\u00e3o, Jo\u00e3o Alves disse que n\u00e3o basta investir em armamentos. A preven\u00e7\u00e3o ao crime \u00e9 a melhor alternativa de acordo com o prefeito.<\/p>\n<p style=\"text-align: justify;\">&#8220;Considero a droga a grande peste da atualidade. Os traficantes est\u00e3o assombrando as nossas fam\u00edlias e usando nossas crian\u00e7as. Por conta disso, estamos criando um teatro de bonecos, desenvolvido pela GMA, e composto por v\u00e1rios personagem que representam as pessoas boas, as m\u00e1s e os Guardas. Dentro de uma linguagem l\u00fadica onde as crian\u00e7as e adolescem possam compreender, os guardas transmitem posturas de como nossos jovens devem agir para se afastar das drogas e, consequentemente, dos traficantes. Tenho muito orgulho desse projeto&#8221;, concluiu.<\/p>\n<p style=\"text-align: justify;\">Satisfeita com o resultado do curso de forma\u00e7\u00e3o e comovida com o desempenho da turma, a secret\u00e1ria da Defesa Social, Georlize Costa Teles, disse que durante o curso de forma\u00e7\u00e3o os novos guardi\u00f5es demonstraram muita vontade de levar seguran\u00e7a \u00e0 popula\u00e7\u00e3o. &#8220;S\u00e3o 147 formandos que, em termos quantitativos, equivale a quase uma companhia da Pol\u00edcia Militar. O povo de Aracaju recebe hoje profissionais para cuidar e zelar da sua seguran\u00e7a, j\u00e1 que o maior patrim\u00f4nio da Prefeitura de Aracaju \u00e9 a popula\u00e7\u00e3o do munic\u00edpio. Estamos levando seguran\u00e7a para que o povo possa estar nas pra\u00e7as, nas escolas, nos terminais de \u00f4nibus e nos hospitais&#8221;, relatou a secret\u00e1ria informando ainda que o prefeito j\u00e1 autorizou a realiza\u00e7\u00e3o de novo concurso para 450 guardas. &#8220;O edital j\u00e1 est\u00e1 em fase final de formata\u00e7\u00e3o&#8221;.<\/p>\n<p style=\"text-align: justify;\">O presidente da C\u00e2mara de Vereadores de Aracaju e padrinho da turma, Vin\u00edcius Porto, declarou que a gest\u00e3o de Jo\u00e3o Alves Filho vem para salvar a capital sergipana da criminalidade. &#8220;Esse \u00e9 um momento marcante na administra\u00e7\u00e3o do prefeito Jo\u00e3o Alves, que cumpre mais uma promessa de campanha, que foi de melhorar a seguran\u00e7a em Aracaju. Esses jovens v\u00e3o defender, a partir de hoje, o maior patrim\u00f4nio da nossa cidade que \u00e9 o povo aracajuano. Para mim \u00e9 uma satisfa\u00e7\u00e3o muito grande estar abra\u00e7ando a todos eles e perceber que n\u00e3o fugir\u00e3o a luta, como diz o hino nacional. Protegendo, com isso, a nossa sociedade da criminalidade&#8221;.<\/p>\n<p style=\"text-align: justify;\"><strong>Ag\u00eancia Aracaju de Not\u00edcias<\/strong><\/p>\n","protected":false},"excerpt":{"rendered":"<p>&nbsp; Numa cerim\u00f4nia emocionante, o prefeito Jo\u00e3o Alves Filho participou sexta-feira, 27, como patrono, da formatura de 147 novos guardi\u00f5es da Guarda Municipal de Aracaju, que foram excedentes no \u00faltimo concurso p\u00fablico e convocados na atual gest\u00e3o. Com 576 horas de dura\u00e7\u00e3o, o curso de forma\u00e7\u00e3o dos novos guardas foi realizado na Academia de Pol\u00edcia [&hellip;]<\/p>\n","protected":false},"author":1,"featured_media":53269,"comment_status":"closed","ping_status":"closed","sticky":false,"template":"","format":"standard","meta":{"footnotes":""},"categories":[6],"tags":[],"class_list":{"0":"post-53268","1":"post","2":"type-post","3":"status-publish","4":"format-standard","5":"has-post-thumbnail","7":"category-politica"},"_links":{"self":[{"href":"https:\/\/senoticias.com.br\/se\/wp-json\/wp\/v2\/posts\/53268"}],"collection":[{"href":"https:\/\/senoticias.com.br\/se\/wp-json\/wp\/v2\/posts"}],"about":[{"href":"https:\/\/senoticias.com.br\/se\/wp-json\/wp\/v2\/types\/post"}],"author":[{"embeddable":true,"href":"https:\/\/senoticias.com.br\/se\/wp-json\/wp\/v2\/users\/1"}],"replies":[{"embeddable":true,"href":"https:\/\/senoticias.com.br\/se\/wp-json\/wp\/v2\/comments?post=53268"}],"version-history":[{"count":0,"href":"https:\/\/senoticias.com.br\/se\/wp-json\/wp\/v2\/posts\/53268\/revisions"}],"wp:featuredmedia":[{"embeddable":true,"href":"https:\/\/senoticias.com.br\/se\/wp-json\/wp\/v2\/media\/53269"}],"wp:attachment":[{"href":"https:\/\/senoticias.com.br\/se\/wp-json\/wp\/v2\/media?parent=53268"}],"wp:term":[{"taxonomy":"category","embeddable":true,"href":"https:\/\/senoticias.com.br\/se\/wp-json\/wp\/v2\/categories?post=53268"},{"taxonomy":"post_tag","embeddable":true,"href":"https:\/\/senoticias.com.br\/se\/wp-json\/wp\/v2\/tags?post=53268"}],"curies":[{"name":"wp","href":"https:\/\/api.w.org\/{rel}","templated":true}]}}