{"id":53265,"date":"2013-09-29T12:32:07","date_gmt":"2013-09-29T15:32:07","guid":{"rendered":"http:\/\/senoticias.com.br\/se\/?p=53265"},"modified":"2013-09-29T12:32:07","modified_gmt":"2013-09-29T15:32:07","slug":"amadense-vence-caninde-em-casa-e-se-isola-na-lideranca-do-sergipano-a2","status":"publish","type":"post","link":"https:\/\/senoticias.com.br\/se\/amadense-vence-caninde-em-casa-e-se-isola-na-lideranca-do-sergipano-a2\/","title":{"rendered":"Amadense vence Canind\u00e9 em casa e se isola na lideran\u00e7a do sergipano A2"},"content":{"rendered":"<p style=\"text-align: justify;\">\n<p style=\"text-align: justify;\">\n<p style=\"text-align: justify;\"><em><strong>Por GLOBOESPORTE.COM<\/strong><\/em><br \/>\n<em><strong>Tobias Barreto, SE<\/strong><\/em><\/p>\n<div id=\"attachment_53266\" style=\"width: 510px\" class=\"wp-caption alignright\"><a href=\"http:\/\/senoticias.com.br\/se\/wp-content\/uploads\/2013\/09\/grande-amadense.jpg\"><img loading=\"lazy\" decoding=\"async\" aria-describedby=\"caption-attachment-53266\" class=\"size-full wp-image-53266\" alt=\"Vit\u00f3ria faz time alviverde dormir na lideran\u00e7a da S\u00e9rie-A2 (foto: Arquivo Portal Infonet)\" src=\"http:\/\/senoticias.com.br\/se\/wp-content\/uploads\/2013\/09\/grande-amadense.jpg\" width=\"500\" height=\"332\" srcset=\"https:\/\/senoticias.com.br\/se\/wp-content\/uploads\/2013\/09\/grande-amadense.jpg 500w, https:\/\/senoticias.com.br\/se\/wp-content\/uploads\/2013\/09\/grande-amadense-300x199.jpg 300w, https:\/\/senoticias.com.br\/se\/wp-content\/uploads\/2013\/09\/grande-amadense-342x227.jpg 342w\" sizes=\"(max-width: 500px) 100vw, 500px\" \/><\/a><p id=\"caption-attachment-53266\" class=\"wp-caption-text\">Vit\u00f3ria faz time alviverde dormir na lideran\u00e7a da S\u00e9rie-A2 (foto: Arquivo Portal Infonet)<\/p><\/div>\n<p style=\"text-align: justify;\">O Amadense venceu o Canind\u00e9 no Est\u00e1dio Brejeir\u00e3o, em Tobias Barreto, por 1 a 0, pela terceira rodada do Campeonato Sergipano da s\u00e9rie A2. O resultado deixou o Le\u00e3o do Rio Real na lideran\u00e7a isolada com sete pontos. O time do Sert\u00e3o estacionou na terceira coloca\u00e7\u00e3o com tr\u00eas pontos. Cl\u00f3vis marcou o \u00fanico gol da partida ainda no primeiro tempo. Neste domingo, Maruinense e Coritiba fecham a rodada.<\/p>\n<p style=\"text-align: justify;\">As equipes voltam a se enfrentar pela quarta rodada da competi\u00e7\u00e3o no dia 6 de outubro, no Est\u00e1dio Andrez\u00e3o, em Canind\u00e9 de S\u00e3o Francisco.<\/p>\n<p style=\"text-align: justify;\">O time visitante iniciou o jogo pressionando o rival, mas a pontaria de seus atacantes n\u00e3o estavam em dia. Os tr\u00eas chutes \u00e0 meta sa\u00edram longe do gol. O Amadense buscou mais os contra-ataques e foi em um deles que abriu o placar no final do primeiro tempo. Cl\u00f3vis recebeu lan\u00e7amento, dominou com a direita e chutou com a esquerda e fez a festa dos donos da casa.<\/p>\n<p style=\"text-align: justify;\">No segundo tempo o Canind\u00e9 buscou o empate pelos lados, mas os atacantes maltrataram a bola. Mesmo em casa, o Amadense continuou jogando nos contra-ataques, mas apenas um chute saiu correto. Cl\u00f3vis ficou livre, mas chutou em cima de Rudson o seu segundo gol.<\/p>\n","protected":false},"excerpt":{"rendered":"<p>Por GLOBOESPORTE.COM Tobias Barreto, SE O Amadense venceu o Canind\u00e9 no Est\u00e1dio Brejeir\u00e3o, em Tobias Barreto, por 1 a 0, pela terceira rodada do Campeonato Sergipano da s\u00e9rie A2. O resultado deixou o Le\u00e3o do Rio Real na lideran\u00e7a isolada com sete pontos. O time do Sert\u00e3o estacionou na terceira coloca\u00e7\u00e3o com tr\u00eas pontos. Cl\u00f3vis [&hellip;]<\/p>\n","protected":false},"author":1,"featured_media":53266,"comment_status":"closed","ping_status":"closed","sticky":false,"template":"","format":"standard","meta":{"footnotes":""},"categories":[39,8],"tags":[],"class_list":{"0":"post-53265","1":"post","2":"type-post","3":"status-publish","4":"format-standard","5":"has-post-thumbnail","7":"category-esporte","8":"category-esporte-e-cultura"},"_links":{"self":[{"href":"https:\/\/senoticias.com.br\/se\/wp-json\/wp\/v2\/posts\/53265"}],"collection":[{"href":"https:\/\/senoticias.com.br\/se\/wp-json\/wp\/v2\/posts"}],"about":[{"href":"https:\/\/senoticias.com.br\/se\/wp-json\/wp\/v2\/types\/post"}],"author":[{"embeddable":true,"href":"https:\/\/senoticias.com.br\/se\/wp-json\/wp\/v2\/users\/1"}],"replies":[{"embeddable":true,"href":"https:\/\/senoticias.com.br\/se\/wp-json\/wp\/v2\/comments?post=53265"}],"version-history":[{"count":0,"href":"https:\/\/senoticias.com.br\/se\/wp-json\/wp\/v2\/posts\/53265\/revisions"}],"wp:featuredmedia":[{"embeddable":true,"href":"https:\/\/senoticias.com.br\/se\/wp-json\/wp\/v2\/media\/53266"}],"wp:attachment":[{"href":"https:\/\/senoticias.com.br\/se\/wp-json\/wp\/v2\/media?parent=53265"}],"wp:term":[{"taxonomy":"category","embeddable":true,"href":"https:\/\/senoticias.com.br\/se\/wp-json\/wp\/v2\/categories?post=53265"},{"taxonomy":"post_tag","embeddable":true,"href":"https:\/\/senoticias.com.br\/se\/wp-json\/wp\/v2\/tags?post=53265"}],"curies":[{"name":"wp","href":"https:\/\/api.w.org\/{rel}","templated":true}]}}